{"id":37077,"date":"2021-06-18T12:32:28","date_gmt":"2021-06-18T18:32:28","guid":{"rendered":"https:\/\/redsemlac.com\/semmexico\/?p=37077"},"modified":"2023-07-21T17:02:16","modified_gmt":"2023-07-21T22:02:16","slug":"cndh-condena-los-asesinatos-de-los-periodistas-gustavo-sanchez-y-enrique-garcia-en-oaxaca-y-el-estado-de-mexico","status":"publish","type":"post","link":"https:\/\/redsemlac.com\/semmexico\/cndh-condena-los-asesinatos-de-los-periodistas-gustavo-sanchez-y-enrique-garcia-en-oaxaca-y-el-estado-de-mexico\/","title":{"rendered":"CNDH condena los asesinatos de los periodistas Gustavo S\u00e1nchez y Enrique Garc\u00eda en Oaxaca y el estado de M\u00e9xico"},"content":{"rendered":"\n<p class=\"wp-block-paragraph\">Se lamenta de que no haya efectividad para prevenirlos ni coordinaci\u00f3n de los 3 \u00f3rdenes de gobierno<\/p>\n\n\n\n<p class=\"wp-block-paragraph\">Urge a garantizar la vida, la seguridad e integridad de periodistas, porque ello garantiza el derecho a la libertad de expresi\u00f3n<\/p>\n\n\n\n<p class=\"wp-block-paragraph\">Redacci\u00f3n<\/p>\n\n\n\n<p class=\"wp-block-paragraph\">SemM\u00e9xico, Cd. de M\u00e9xico, 18 de junio 2021.- La Comisi\u00f3n Nacional de los Derechos Humanos&nbsp;&nbsp;CNDH afirm\u00f3 hoy en el los casos de asesinatos de periodistas en M\u00e9xico hay&nbsp;&nbsp;ausencia de efectividad, eficiencia y vigencia de acciones, pol\u00edticas p\u00fablicas y estrategias oficiales, coordinadas adecuadamente en&nbsp;&nbsp;los&nbsp;&nbsp;de los tres \u00f3rdenes de gobierno del Estado. Lamenta que no se prevenga, sobre lo que llama incidentes y riesgos,&nbsp;&nbsp;en relaci\u00f3n con los homicidios de los periodistas Gustavo S\u00e1nchez Cabrera y Enrique Garc\u00eda Garc\u00eda, ocurridos los d\u00edas 16 y 17 de junio en Oaxaca y Estado de M\u00e9xico, hechos que conden\u00f3.<\/p>\n\n\n\n<p class=\"wp-block-paragraph\">Urgi\u00f3 a&nbsp;&nbsp;garantizar la vida, seguridad e integridad personal de&nbsp;&nbsp;periodistas y&nbsp;&nbsp;quienes colaboran en&nbsp;&nbsp;los espacios informativos, porque constituyen un obst\u00e1culo&nbsp;&nbsp;a su tarea e inhiben el pleno ejercicio del derecho a la libertad de expresi\u00f3n en nuestro pa\u00eds.<\/p>\n\n\n\n<p class=\"wp-block-paragraph\">Asegura que esa comisi\u00f3n&nbsp;&nbsp;ha documentado la cifra de 170 periodistas y trabajadores de los medios de comunicaci\u00f3n&nbsp;&nbsp;asesinados desde el a\u00f1o 2000. No espec\u00edfica quienes han sido asesinadas o asesinados en la presente administraci\u00f3n.<\/p>\n\n\n\n<p class=\"wp-block-paragraph\">En un comunicado oficial se\u00f1ala que ante estos reprobables hechos, -los asesinatos- manifiesta condolencias a los familiares de las v\u00edctimas, as\u00ed como expresa su solidaridad con los&nbsp;&nbsp;centros informativos y con el gremio period\u00edstico en general.<\/p>\n\n\n\n<p class=\"wp-block-paragraph\">Sin explicar si har\u00e1 recomendaciones o qu\u00e9, demando a las&nbsp;&nbsp;autoridades de procuraci\u00f3n de justicia indagar de manera exhaustiva los hechos, con especial atenci\u00f3n en la posible relaci\u00f3n de estos con la actividad period\u00edstica de las v\u00edctimas, coordinando asimismo acciones para la atenci\u00f3n integral de los familiares y v\u00edctimas indirectas en ambos casos.&nbsp;<\/p>\n\n\n\n<p class=\"wp-block-paragraph\">Luego sigue diciendo que&nbsp;&nbsp;la CNDH advierte que las agresiones que suceden en agravio de integrantes del gremio de la comunicaci\u00f3n no solo afectan a sus integrantes, sino que, adem\u00e1s, representan un agravio a la sociedad, pues impide que esta sea ampliamente informada respecto de la transparencia en los procesos relacionados con la \u201ccosa p\u00fablica\u201d o dimensi\u00f3n social, as\u00ed como en la formaci\u00f3n de la opini\u00f3n p\u00fablica.<\/p>\n\n\n\n<p class=\"wp-block-paragraph\">Sostiene finalmente que&nbsp;&nbsp;en concordancia con la Comisi\u00f3n Interamericana de Derechos Humanos, reconoce que M\u00e9xico es uno de los pa\u00edses m\u00e1s peligrosos para ejercer el periodismo en Am\u00e9rica Latina, en el que las agresiones m\u00e1s graves, por medios directos, como son el secuestro, desaparici\u00f3n y homicidio, contin\u00faan present\u00e1ndose de manera alarmante.<\/p>\n\n\n\n<p class=\"wp-block-paragraph\">.<\/p>\n","protected":false},"excerpt":{"rendered":"<p>Se lamenta de que no haya efectividad para prevenirlos ni coordinaci\u00f3n de los 3 \u00f3rdenes de gobierno Urge a garantizar la vida, la seguridad e integridad de periodistas, porque ello garantiza el derecho a la libertad de expresi\u00f3n Redacci\u00f3n SemM\u00e9xico, Cd. de M\u00e9xico, 18 de junio 2021.- La Comisi\u00f3n Nacional de los Derechos Humanos&nbsp;&nbsp;CNDH afirm\u00f3 [&hellip;]<\/p>\n","protected":false},"author":3,"featured_media":37078,"comment_status":"open","ping_status":"open","sticky":false,"template":"","format":"standard","meta":{"_monsterinsights_skip_tracking":false,"footnotes":""},"categories":[692,51],"tags":[],"class_list":["post-37077","post","type-post","status-publish","format-standard","has-post-thumbnail","category-692","category-ejecutivo"],"_links":{"self":[{"href":"https:\/\/redsemlac.com\/semmexico\/wp-json\/wp\/v2\/posts\/37077","targetHints":{"allow":["GET"]}}],"collection":[{"href":"https:\/\/redsemlac.com\/semmexico\/wp-json\/wp\/v2\/posts"}],"about":[{"href":"https:\/\/redsemlac.com\/semmexico\/wp-json\/wp\/v2\/types\/post"}],"author":[{"embeddable":true,"href":"https:\/\/redsemlac.com\/semmexico\/wp-json\/wp\/v2\/users\/3"}],"replies":[{"embeddable":true,"href":"https:\/\/redsemlac.com\/semmexico\/wp-json\/wp\/v2\/comments?post=37077"}],"version-history":[{"count":0,"href":"https:\/\/redsemlac.com\/semmexico\/wp-json\/wp\/v2\/posts\/37077\/revisions"}],"wp:featuredmedia":[{"embeddable":true,"href":"https:\/\/redsemlac.com\/semmexico\/wp-json\/wp\/v2\/media\/37078"}],"wp:attachment":[{"href":"https:\/\/redsemlac.com\/semmexico\/wp-json\/wp\/v2\/media?parent=37077"}],"wp:term":[{"taxonomy":"category","embeddable":true,"href":"https:\/\/redsemlac.com\/semmexico\/wp-json\/wp\/v2\/categories?post=37077"},{"taxonomy":"post_tag","embeddable":true,"href":"https:\/\/redsemlac.com\/semmexico\/wp-json\/wp\/v2\/tags?post=37077"}],"curies":[{"name":"wp","href":"https:\/\/api.w.org\/{rel}","templated":true}]}}