{"id":37074,"date":"2021-06-18T12:14:46","date_gmt":"2021-06-18T18:14:46","guid":{"rendered":"https:\/\/redsemlac.com\/semmexico\/?p=37074"},"modified":"2023-07-21T17:02:16","modified_gmt":"2023-07-21T22:02:16","slug":"subversion-de-la-feminidad-somocista-dora-maria-tellez","status":"publish","type":"post","link":"https:\/\/redsemlac.com\/semmexico\/subversion-de-la-feminidad-somocista-dora-maria-tellez\/","title":{"rendered":"Subversi\u00f3n de la feminidad somocista: Dora Mar\u00eda T\u00e9llez"},"content":{"rendered":"\n<p class=\"wp-block-paragraph\">La sandinista, encarcelada&nbsp;&nbsp;por el gobierno de Daniel Ortega<\/p>\n\n\n\n<p class=\"wp-block-paragraph\">Leerla es mantenerla viva&nbsp;<em>&nbsp;\u201cY una vez m\u00e1s enfrentarse al mande ust\u00e9<\/em><\/p>\n\n\n\n<p class=\"wp-block-paragraph\"><em>&nbsp; &nbsp; &nbsp; &nbsp; &nbsp; &nbsp; &nbsp; &nbsp; &nbsp; &nbsp; &nbsp; &nbsp; &nbsp; &nbsp; &nbsp; &nbsp; como ust\u00e9 guste [<\/em><a href=\"https:\/\/www.horacero.org\/subversion-de-la-feminidad-somocista\"><em>1<\/em><\/a><em>] \u201c&nbsp;<\/em><\/p>\n\n\n\n<p class=\"wp-block-paragraph\"><strong>Fernanda Zeled\u00f3n<\/strong><strong><\/strong><\/p>\n\n\n\n<p class=\"wp-block-paragraph\">SemM\u00e9xico, Managua, Nicaragua, 18 de junio, 2021.- Nota de aclaraci\u00f3n: escrib\u00ed este texto desde los afectos y por tanto, no se trata de una sistematizaci\u00f3n minuciosa de la trayectoria militar, pol\u00edtica o intelectual de Dora Mar\u00eda T\u00e9llez. M\u00e1s bien, l\u00e9ase como un intento por luchar contra el terror y el silenciamiento que pretende infundir OrMu. La construcci\u00f3n de lo pol\u00edtico a trav\u00e9s de los afectos y la creatividad es tambi\u00e9n una forma de esquivar las emboscadas de nuestra viciada pol\u00edtica institucional.<\/p>\n\n\n\n<p class=\"wp-block-paragraph\">La ma\u00f1ana del&nbsp;&nbsp;domingo, una polic\u00eda nacional completamente alineada a las \u00f3rdenes criminales de uno de los dictadores latinoamericanos m\u00e1s sanguinarios de la contemporaneidad, arrest\u00f3 a la hist\u00f3rica comandante Dora Mar\u00eda T\u00e9llez. Las redes sociales explotaron con noticias sobre los pormenores de este acto cobarde e ilegal, muchas expresamos nuestra rabia, desesperaci\u00f3n y dolor \u00bfPor qu\u00e9 es tan pesado el simbolismo detr\u00e1s de su arresto? la detenci\u00f3n arbitraria de una de las figuras hist\u00f3ricas dentro del relato revolucionario nicarag\u00fcense, ha sido la prueba m\u00e1s expl\u00edcita de que Daniel Ortega ha pisoteado y traicionado por completo la utop\u00eda a la que en el pasado suscribi\u00f3.&nbsp;<\/p>\n\n\n\n<p class=\"wp-block-paragraph\">Dora Mar\u00eda, la inquebrantable comandante \u2018dos\u2019, jefa tercera en la toma del Palacio Nacional; la matagalpina que una vez migr\u00f3 a Le\u00f3n para estudiar medicina en la UNAN y que por su profunda empat\u00eda con el dolor de la ni\u00f1ez nicarag\u00fcense, abandon\u00f3 sus estudios durante el tercer a\u00f1o para unirse a los operativos clandestinos del Frente Sandinista. Elogiada por la izquierda internacional, admirada por militantes en toda la regi\u00f3n, respetada por instituciones acad\u00e9micas dentro y fuera de Centroam\u00e9rica. En aquellos a\u00f1os de rom\u00e1nticas esperanzas en las utop\u00edas socialistas, un ya consagrado maestro de las letras hispanoamericanas Gabriel Garc\u00eda M\u00e1rquez [<a href=\"https:\/\/www.horacero.org\/subversion-de-la-feminidad-somocista\">2<\/a>]&nbsp;lleg\u00f3 a describirla de la siguiente forma:&nbsp;<\/p>\n\n\n\n<p class=\"wp-block-paragraph\">La n\u00famero \u00abDos\u00bb, \u00fanica mujer del comando, es Dora Mar\u00eda T\u00e9llez, de veintid\u00f3s a\u00f1os, una muchacha muy bella, t\u00edmida y absorta, con una inteligencia y un buen juicio que le hubieran servido para cualquier cosa grande en la vida. Tambi\u00e9n ella estudi\u00f3 tres a\u00f1os de Medicina en Le\u00f3n. \u00abPero desist\u00ed por frustraci\u00f3n\u00bb, dice, \u00abEra muy triste curar ni\u00f1os desnutridos con tanto trabajo, para que tres meses despu\u00e9s volvieran al hospital en peor estado de desnutrici\u00f3n.\u00bb Procede del frente guerrillero del Norte. \u00abCarlos Fonseca Amador\u00bb. Desde enero de 1976 viv\u00eda en la clandestinidad.<\/p>\n\n\n\n<p class=\"wp-block-paragraph\">As\u00ed, la noticia sobre la guerrillera matagalpina relatada en la cr\u00f3nica de M\u00e1rquez, recorri\u00f3 toda Am\u00e9rica Latina. Del otro lado, medios simpatizantes de Somoza hablaban de \u2018actos vand\u00e1licos\u2019 (mismo calificativo que utilizan los medios de la dictadura orteguista para hablar de la imp\u00e1vida protesta que las defensoras, activistas y autoconvocadas\/os nicarag\u00fcenses venimos liderando desde hace tres a\u00f1os).&nbsp;<\/p>\n\n\n\n<p class=\"wp-block-paragraph\">\u200b<\/p>\n\n\n\n<p class=\"wp-block-paragraph\">Me detengo ac\u00e1 para puntualizar que este texto no tiene el objetivo de hacer una apolog\u00eda ciega a una protagonista de la memoria revolucionaria del pa\u00eds, que no se mal entienda, la ejemplaridad pol\u00edtica de nuestra \u2018sujeta de la historia\u2019 no es ni ha sido infalible. En nuestros constantes esfuerzos por construir referentes de resistencia, sucumbimos al error de creer que las\/os&nbsp;&nbsp;actoras\/os pol\u00edticas\/os deben carecer de todo pecado, inmunes a cualquier error pol\u00edtico.&nbsp;<\/p>\n\n\n\n<p class=\"wp-block-paragraph\">Pero no se trata de creer ciegamente en un \u2018ser superior\u2019 del movimiento\u201d social, o de suscribir servilmente a pugnas por el poder. Uno de los grandes resultados de nuestra insurrecci\u00f3n c\u00edvica, ha sido la capacidad de cuestionar aguda e indiscriminadamente cuando hemos tenido que hacerlo. En comparaci\u00f3n con la militancia leal, con la que en el pasado muchos de nuestros padres defendieron el proyecto sandinista. En el caso de nuestra sujeta en cuesti\u00f3n, sus errores pol\u00edticos han sido muchos, los hemos nombrado y criticado innumerables ocasiones, uno de ellos cuando como miembro del MRS, apoy\u00f3 la candidatura a presidencia del liberal Ceni &#8211; Eduardo Montealegre.&nbsp;<\/p>\n\n\n\n<p class=\"wp-block-paragraph\">Entonces \u00bfCu\u00e1l es la importancia de reflexionar sobre el papel de Dora Mar\u00eda T\u00e9llez en la historia reciente de Nicaragua? \u00bfDesde qu\u00e9 claves debemos interpretar o cuestionar su participaci\u00f3n pol\u00edtica? \u00bfQu\u00e9 aportes podemos retomar de su andamiaje de luchas?<\/p>\n\n\n\n<p class=\"wp-block-paragraph\">Con el \u00e1nimo de aproximarme a una -posible- respuesta, vuelvo al sentido del t\u00edtulo con que bautic\u00e9 este texto: Dora -al igual que muchas compa\u00f1eras sandinistas- subvirti\u00f3 el mandato pol\u00edtico del Estado Naci\u00f3n somocista, sobre el rol de la mujer como \u2018ciudadana de complemento\u2019 y la reducci\u00f3n del actuar social de esta, desde una perspectiva ultra conservadora del trabajo reproductivo. Cuando era yo una ni\u00f1a mi madre me contaba las historias de las comandantes y guerrilleras de la revoluci\u00f3n: M\u00f3nica, Arlen, Dora, Luisa Amanda; las amazonas de la causa sandinista.<\/p>\n\n\n\n<p class=\"wp-block-paragraph\">Entre sus relatos ficcionalizados y bien detallados de lo que ella presenci\u00f3 siendo una ni\u00f1a, destac\u00f3 siempre el de la joven \u2018comandante dos\u2019 que a los 22 a\u00f1os se tom\u00f3 el Palacio Nacional. Llamo la atenci\u00f3n sobre el hecho de que en la historia de mi madre, la protagonista siempre fue Dora, sus compa\u00f1eros de lucha ocupaban lugares secundarios. La transmisi\u00f3n de la memoria es as\u00ed, se relata lo que se anuda en los afectos y se atesora para ser comunicado a las nuevas generaciones. Para aquella peque\u00f1a ni\u00f1a que sobrevivi\u00f3 dos brutales guerras, la imagen de una mujer joven ejerciendo el rol asignado socialmente para hombres marc\u00f3 por completo su perspectiva de ver el mundo, tanto as\u00ed que convirti\u00f3 su recuerdo en cuento infantil para su propia hija.&nbsp;<\/p>\n\n\n\n<p class=\"wp-block-paragraph\">\u200b<\/p>\n\n\n\n<p class=\"wp-block-paragraph\">El retrato de las combatientes vestidas en sus uniformes verde olivo evidenci\u00f3 una realidad inmanente: las mujeres de todas clases sociales, preferencias sexo &#8211; afectivas, trans o cis e identidades \u00e9tnicas somos capaces de hacer todo lo que los hombres hacen y m\u00e1s. El reflejo que proyectaron sobre las j\u00f3venes de aquella generaci\u00f3n y de las posteriores generaciones fue un punto de inflexi\u00f3n sin precedentes. Signific\u00f3 para nuestras madres, t\u00edas, primas, hermanas y para nosotras mismas la posibilidad de ser astronautas, mec\u00e1nicas, ingenieras, economistas, cient\u00edficas sociales, fotoperiodistas,&nbsp; investigadoras, l\u00edderes pol\u00edticas entre otras cientos de \u201clabores masculinas\u201d. Sobre&nbsp; de esta trayectoria de roles es que las contempor\u00e1neas hemos dado nuestras batallas.&nbsp;<\/p>\n\n\n\n<p class=\"wp-block-paragraph\">Frente a una dictadura inhumana y patriarcal como la que sobrevivimos d\u00eda a d\u00eda -que da cuenta de usos maquiav\u00e9licos del pasado y desea cristalizar la memoria del sandinismo en un macho violador- repasar las trayectorias de nuestras valientes ancestras es m\u00e1s que necesario, urgente.&nbsp;<\/p>\n\n\n\n<p class=\"wp-block-paragraph\">En segundo lugar, me parece important\u00edsimo puntualizar que esta generaci\u00f3n de mujeres combatientes construy\u00f3 un horizonte de enunciaci\u00f3n pol\u00edtico para las activistas, defensoras, presidentas de partido y lideresas en los movimientos sociales de Nicaragua.&nbsp;<\/p>\n\n\n\n<p class=\"wp-block-paragraph\">\u200b<\/p>\n\n\n\n<p class=\"wp-block-paragraph\">A pesar de las omisiones y anulaciones de las mujeres en la historia sociopol\u00edtica del pa\u00eds, las nicas siempre hemos mostrado discursos &#8211; posiciones s\u00f3lidas y contundentes frente a los obst\u00e1culos, violencias e injusticias que resistimos. Desde las revueltas protagonizadas por las comerciantes masayas a inicios del siglo XX, hasta una Do\u00f1a Francisca liderando la protesta del Movimiento Campesino Anticanal. Hemos construido un derrotero ampl\u00edsimo de luchas, resiliencias y saberes pol\u00edticos.&nbsp;En ese sentido, subrayo: no se trata de afirmar que antes de la revoluci\u00f3n sandinista las mujeres no tuvieran voz -por supuesto que tuvieron- sino de se\u00f1alar la importancia de las lideresas sandinistas en la amplificaci\u00f3n de esa voz, o sea: la creaci\u00f3n de una plataforma para emitir el discurso. La participaci\u00f3n de las sandinistas en su calidad de ministras, militantes, guerrilleras, brigadistas, escritoras, poetas, profesionales, intelectuales, guardianas de la memoria, miembros de la Izquierda er\u00f3tica, AMLAE, AMPRONAC; mujeres organizadas y e indispuestas a callar, fractur\u00f3 para siempre las estructuras del Patriarcado nicarag\u00fcense. Este ha sido el regalo m\u00e1s valioso de nuestras antecesoras hacia nosotras: el implacable rompimiento de la mordaza pol\u00edtica.<\/p>\n\n\n\n<p class=\"wp-block-paragraph\">\u200b<\/p>\n\n\n\n<p class=\"wp-block-paragraph\">Por \u00faltimo me gustar\u00eda rememorar el enorme aporte de la trayectoria intelectual de Dora Mar\u00eda T\u00e9llez, en su calidad de historiadora &#8211; investigadora social. Desde su trabajo Muera la gobierna: colonizaci\u00f3n en Matagalpa y Jinotega 1820-1890 (URACAN, 1999), donde abord\u00f3 el despojo territorial de &nbsp;ind\u00edgenas de Matagalpa y Jinotega, causado por la colonizaci\u00f3n del Estado nicarag\u00fcense durante esta temporalidad. Su colaboraci\u00f3n en publicaciones internacionales como&nbsp;<em>Centroam\u00e9rica, fragilidad de las democracias<\/em>&nbsp;(2001).&nbsp;<em>Democracia y seguridad ciudadana: sistema de justicia penal-Nicaragua<\/em>&nbsp;en el a\u00f1o 1999, su colaboraci\u00f3n en centros de Investigaci\u00f3n como Nitlapan, el ya extinto IHNCA &#8211; UCA, las colaboraciones en la Revista Env\u00edo y su papel como coordinadora ejecutiva del proyecto&nbsp;<em>Memoria Centroamericana<\/em>&nbsp;(<em>IHNCA-UCA FLACSO-Secretar\u00eda General<\/em>). Entre otros admirables aportes a la reflexi\u00f3n social y pol\u00edtica de Nicaragua y Am\u00e9rica central, que como bien sabemos no es una regi\u00f3n particularmente afable con la trayectoria y producci\u00f3n intelectual de las pensadoras e investigadoras. Generar pensamiento cr\u00edtico es para nosotras un acto de resistencia, y nombrar la obra de nuestras autoras es recalcar sus contribuciones es luchar contra la desmemoria.&nbsp;<\/p>\n\n\n\n<p class=\"wp-block-paragraph\">\u200b<\/p>\n\n\n\n<p class=\"wp-block-paragraph\">Hace un par de d\u00edas, el compa\u00f1ero Tito Castillo tuite\u00f3 una reflexi\u00f3n que me parece importante retomar, dec\u00eda as\u00ed: \u201cMi solidaridad a todas las personas que nacieron en Nicaragua despu\u00e9s de 1990. Crecimos escuchando los traumas de nuestros padres por la guerra y ahora somos parte de esa herida colectiva.\u201d La herida de las guerras que enfrentaron nuestros padres nunca se cerr\u00f3, nacimos en ella y fuimos socializadas a trav\u00e9s del dolor. Peor a\u00fan, los olvidos intencionados, las din\u00e1micas corruptas de la pol\u00edtica institucional, la falta de oportunidades formativas y laborales para las nuevas generaciones, la vulnerabilidad de los sectores empobrecidos, el odio &#8211; discriminaci\u00f3n hacia las ind\u00edgenas, afrodescendientes, campesinas, personas lgtbiq y las violencias machistas; han abierto mucho m\u00e1s esa herida. Sin embargo, creo que repasar y cuestionar los andares de quienes siendo j\u00f3venes -como nosotros\/as- se enfrentaron al terror y la represi\u00f3n, es una forma de ir construyendo metodol\u00f3gicamente nuestra ruta hacia la sanaci\u00f3n.&nbsp;<\/p>\n\n\n\n<p class=\"wp-block-paragraph\">\u200b<\/p>\n\n\n\n<p class=\"wp-block-paragraph\">Mientras escribo esto, leo una nota que actualiza y brinda detalles sobre la situaci\u00f3n de secuestro de Dora Mar\u00eda T\u00e9llez y Ana Margarita Vijil. El dolor y la indignaci\u00f3n me invaden. S\u00f3lo me queda decir que dedico este texto a todas las mujeres de Nicaragua, que a diario se enfrentan con valent\u00eda y dignidad a la maquinaria criminal de la dictadura.&nbsp;<\/p>\n\n\n\n<p class=\"wp-block-paragraph\">\u00a1Libertad para las presas pol\u00edticas!<strong>Referencias<br><br>[<\/strong><a href=\"https:\/\/www.horacero.org\/subversion-de-la-feminidad-somocista\"><strong>1<\/strong><\/a><strong>] &nbsp;Fragmento del poema Ser o no ser, de Ana Ilce G\u00f3mez<br>[<\/strong><a href=\"https:\/\/www.horacero.org\/subversion-de-la-feminidad-somocista\"><strong>2<\/strong><\/a><strong>] cr\u00f3nica de Garc\u00eda M\u00e1rquez recuperada de:&nbsp;<\/strong><a href=\"https:\/\/www.abc.es\/archivo\/abci-conto-garcia-marquez-abc-asalto-palacio-nacional-managua-1978-202004170104_noticia.html?ref=https%3A%2F%2Fwww.google.com%2F\" target=\"_blank\" rel=\"noreferrer noopener\"><strong>https:\/\/www.abc.es\/archivo\/abci-conto-garcia-marquez-abc-asalto-palacio-nacional-managua-1978-202004170104_noticia.html?ref=https%3A%2F%2Fwww.google.com<\/strong><\/a><\/p>\n","protected":false},"excerpt":{"rendered":"<p>La sandinista, encarcelada&nbsp;&nbsp;por el gobierno de Daniel Ortega Leerla es mantenerla viva&nbsp;&nbsp;\u201cY una vez m\u00e1s enfrentarse al mande ust\u00e9 &nbsp; &nbsp; &nbsp; &nbsp; &nbsp; &nbsp; &nbsp; &nbsp; &nbsp; &nbsp; &nbsp; &nbsp; &nbsp; &nbsp; &nbsp; &nbsp; como ust\u00e9 guste [1] \u201c&nbsp; Fernanda Zeled\u00f3n SemM\u00e9xico, Managua, Nicaragua, 18 de junio, 2021.- Nota de aclaraci\u00f3n: escrib\u00ed este texto [&hellip;]<\/p>\n","protected":false},"author":3,"featured_media":37075,"comment_status":"open","ping_status":"open","sticky":false,"template":"","format":"standard","meta":{"_monsterinsights_skip_tracking":false,"footnotes":""},"categories":[692,54],"tags":[],"class_list":["post-37074","post","type-post","status-publish","format-standard","has-post-thumbnail","category-692","category-mujeres"],"_links":{"self":[{"href":"https:\/\/redsemlac.com\/semmexico\/wp-json\/wp\/v2\/posts\/37074","targetHints":{"allow":["GET"]}}],"collection":[{"href":"https:\/\/redsemlac.com\/semmexico\/wp-json\/wp\/v2\/posts"}],"about":[{"href":"https:\/\/redsemlac.com\/semmexico\/wp-json\/wp\/v2\/types\/post"}],"author":[{"embeddable":true,"href":"https:\/\/redsemlac.com\/semmexico\/wp-json\/wp\/v2\/users\/3"}],"replies":[{"embeddable":true,"href":"https:\/\/redsemlac.com\/semmexico\/wp-json\/wp\/v2\/comments?post=37074"}],"version-history":[{"count":0,"href":"https:\/\/redsemlac.com\/semmexico\/wp-json\/wp\/v2\/posts\/37074\/revisions"}],"wp:featuredmedia":[{"embeddable":true,"href":"https:\/\/redsemlac.com\/semmexico\/wp-json\/wp\/v2\/media\/37075"}],"wp:attachment":[{"href":"https:\/\/redsemlac.com\/semmexico\/wp-json\/wp\/v2\/media?parent=37074"}],"wp:term":[{"taxonomy":"category","embeddable":true,"href":"https:\/\/redsemlac.com\/semmexico\/wp-json\/wp\/v2\/categories?post=37074"},{"taxonomy":"post_tag","embeddable":true,"href":"https:\/\/redsemlac.com\/semmexico\/wp-json\/wp\/v2\/tags?post=37074"}],"curies":[{"name":"wp","href":"https:\/\/api.w.org\/{rel}","templated":true}]}}