{"id":37063,"date":"2021-06-18T10:46:00","date_gmt":"2021-06-18T16:46:00","guid":{"rendered":"https:\/\/redsemlac.com\/semmexico\/?p=37063"},"modified":"2023-07-21T17:02:17","modified_gmt":"2023-07-21T22:02:17","slug":"en-oaxaca-en-6-anos-la-defensoria-abrio-284-por-violaciones-a-los-derechos-de-periodistas-ahora-el-asesinato-de-gustavo-sanchez-cabrera","status":"publish","type":"post","link":"https:\/\/redsemlac.com\/semmexico\/en-oaxaca-en-6-anos-la-defensoria-abrio-284-por-violaciones-a-los-derechos-de-periodistas-ahora-el-asesinato-de-gustavo-sanchez-cabrera\/","title":{"rendered":"En Oaxaca en 6 a\u00f1os  la Defensor\u00eda  abri\u00f3 284  por  violaciones a los derechos de periodistas: ahora el asesinato de Gustavo S\u00e1nchez Cabrera"},"content":{"rendered":"\n<p class=\"wp-block-paragraph\">En ese periodo, la regi\u00f3n de Valles Centrales (zona metropolitana) registr\u00f3 159; Istmo,&nbsp;&nbsp;40 y&nbsp;&nbsp;Mixteca, 36.<\/p>\n\n\n\n<p class=\"wp-block-paragraph\">Por g\u00e9nero, las agresiones van dirigidas 72% a hombres, 19% mujeres<\/p>\n\n\n\n<p class=\"wp-block-paragraph\">Patricia Brise\u00f1o<\/p>\n\n\n\n<p class=\"wp-block-paragraph\">SemM\u00e9xico, OAXACA, Oax, 18 de junio, 2021.- Sujetos desconocidos ejecutaron ayer en la&nbsp;&nbsp;ma\u00f1ana al reportero Gustavo S\u00e1nchez Cabrera, en la calle Principal de la comunidad de Morro Mazat\u00e1n, municipio de Santo Domingo Tehuantepec, Oaxaca.&nbsp;<\/p>\n\n\n\n<p class=\"wp-block-paragraph\">La Fiscal\u00eda General del Estado de Oaxaca (FGEO), inici\u00f3 la carpeta de investigaci\u00f3n, a trav\u00e9s de la Vicefiscal\u00eda Regional del Istmo y de la Fiscal\u00eda Especializada en Investigaciones de Delitos de Trascendencia Social.<\/p>\n\n\n\n<p class=\"wp-block-paragraph\">&nbsp;El reportero falleci\u00f3 a quemarropa, mientras que su&nbsp;&nbsp;hijo, de 15 a\u00f1os, qued\u00f3 herido; el ataque ocurri\u00f3 cuando ambos transitaban a bordo de una motocicleta en un camino que comunica a las poblaciones de San Vicente y Morro Mazat\u00e1n, inform\u00f3 la autoridad ministerial.<\/p>\n\n\n\n<p class=\"wp-block-paragraph\">&nbsp;El periodista publicaba en un portal de informaci\u00f3n policiaca regional, y en julio del a\u00f1o pasado fue blanco de un atentado contra su vida, del que logr\u00f3 recuperarse.<\/p>\n\n\n\n<p class=\"wp-block-paragraph\">Es conveniente mencionar que apenas el&nbsp;&nbsp;uno de junio pasado, la Subsecretar\u00eda de Derechos Humanos, de la Secretar\u00eda de Gobernaci\u00f3n, a trav\u00e9s del Mecanismo de Protecci\u00f3n para Personas Defensoras&nbsp;&nbsp;de Derechos Humanos y Periodistas notific\u00f3 al gobierno de Oaxaca, as\u00ed como al municipio de Tehuantepec otorgar medidas cautelares a favor de S\u00e1nchez Cabrera, al considerar estaba en riesgo.<\/p>\n\n\n\n<p class=\"wp-block-paragraph\">&nbsp;Asimismo, la Junta del Mecanismo tambi\u00e9n solicit\u00f3 a la empresa proveedora del servicio de otorgamiento de arrendamiento de bot\u00f3n de asistencia con aplicaci\u00f3n de localizaci\u00f3n para sistema de reacci\u00f3n inmediata, a favor del reportero beneficiario.<\/p>\n\n\n\n<p class=\"wp-block-paragraph\">Dato<\/p>\n\n\n\n<p class=\"wp-block-paragraph\">De 2015 al&nbsp;&nbsp;17 de junio de 2021, la Defensor\u00eda de los Derechos Humanos del Pueblo de Oaxaca ha iniciado 284 investigaciones derivadas de quejas o cuadernos de antecedentes relacionados con violaciones a los derechos de periodistas en la entidad.&nbsp;<\/p>\n\n\n\n<p class=\"wp-block-paragraph\">En ese periodo, la regi\u00f3n de Valles Centrales (donde se ubica la capital de Oaxaca y zona metropolitana) registr\u00f3 159; Istmo,&nbsp;&nbsp;40 y&nbsp;&nbsp;Mixteca, 36.<\/p>\n\n\n\n<p class=\"wp-block-paragraph\">Por g\u00e9nero, las agresiones van dirigidas 72% a hombres, 19% mujeres, y 8 % grupos<\/p>\n\n\n\n<p class=\"wp-block-paragraph\">En el presente a\u00f1o 2021 la Defensor\u00eda ha iniciado 11 investigaciones por agresiones contra periodistas, entre cuadernos de antecedentes y quejas, adem\u00e1s de tres medidas cautelares.<\/p>\n\n\n\n<p class=\"wp-block-paragraph\">CONDENA DEFENSOR\u00cdA CRIMEN DE PERIODISTA, DEMANDA MEDIDAS DE PROTECCI\u00d3N A FAMILIA&nbsp;<\/p>\n\n\n\n<p class=\"wp-block-paragraph\">La Defensor\u00eda de los Derechos Humanos del Pueblo de Oaxaca (DDHPO)&nbsp;&nbsp;conden\u00f3 el homicidio del reportero, Gustavo S\u00e1nchez Cabrera a la vez que solicit\u00f3 de manera urgente la intervenci\u00f3n de las autoridades de seguridad y procuraci\u00f3n de justicia para proteger a las v\u00edctimas indirectas, es decir, a sus familiares.<\/p>\n\n\n\n<p class=\"wp-block-paragraph\">Bernardo Rodr\u00edguez Alamilla, titular del organismo destac\u00f3 que tras la agresi\u00f3n armada al periodista, en julio del a\u00f1o pasado, la Defensor\u00eda dict\u00f3 medidas cautelares a su favor; adem\u00e1s de tener conocimiento de su incorporaci\u00f3n al Mecanismo de Protecci\u00f3n para Personas Defensoras de Derechos Humanos y Periodistas.<\/p>\n\n\n\n<p class=\"wp-block-paragraph\">Requiri\u00f3 que en las investigaciones se agoten todas las l\u00edneas, incluida la actividad period\u00edstica, y tomar en cuenta las amenazas y ataques previos que se hab\u00edan producido.<\/p>\n\n\n\n<p class=\"wp-block-paragraph\">De igual forma, inform\u00f3, la Defensor\u00eda de Oaxaca evaluar\u00e1 el desempe\u00f1o de las autoridades en relaci\u00f3n a las medidas cautelares dictadas a favor del periodista el a\u00f1o pasado.<\/p>\n\n\n\n<p class=\"wp-block-paragraph\">Urgi\u00f3 a la Secretar\u00eda de Seguridad P\u00fablica y a Fiscal\u00eda del Estado cuenten con mecanismos eficientes de evaluaci\u00f3n de riesgos, planes de seguridad y medidas de protecci\u00f3n adecuadas,&nbsp;&nbsp;que eviten la consumaci\u00f3n irreparable de violaciones a derechos humanos, como en el caso de Gustavo S\u00e1nchez.<\/p>\n\n\n\n<p class=\"wp-block-paragraph\">sem\/sl<\/p>\n","protected":false},"excerpt":{"rendered":"<p>En ese periodo, la regi\u00f3n de Valles Centrales (zona metropolitana) registr\u00f3 159; Istmo,&nbsp;&nbsp;40 y&nbsp;&nbsp;Mixteca, 36. Por g\u00e9nero, las agresiones van dirigidas 72% a hombres, 19% mujeres Patricia Brise\u00f1o SemM\u00e9xico, OAXACA, Oax, 18 de junio, 2021.- Sujetos desconocidos ejecutaron ayer en la&nbsp;&nbsp;ma\u00f1ana al reportero Gustavo S\u00e1nchez Cabrera, en la calle Principal de la comunidad de Morro [&hellip;]<\/p>\n","protected":false},"author":3,"featured_media":37064,"comment_status":"open","ping_status":"open","sticky":false,"template":"","format":"standard","meta":{"_monsterinsights_skip_tracking":false,"footnotes":""},"categories":[692,55],"tags":[],"class_list":["post-37063","post","type-post","status-publish","format-standard","has-post-thumbnail","category-692","category-periodistas"],"_links":{"self":[{"href":"https:\/\/redsemlac.com\/semmexico\/wp-json\/wp\/v2\/posts\/37063","targetHints":{"allow":["GET"]}}],"collection":[{"href":"https:\/\/redsemlac.com\/semmexico\/wp-json\/wp\/v2\/posts"}],"about":[{"href":"https:\/\/redsemlac.com\/semmexico\/wp-json\/wp\/v2\/types\/post"}],"author":[{"embeddable":true,"href":"https:\/\/redsemlac.com\/semmexico\/wp-json\/wp\/v2\/users\/3"}],"replies":[{"embeddable":true,"href":"https:\/\/redsemlac.com\/semmexico\/wp-json\/wp\/v2\/comments?post=37063"}],"version-history":[{"count":0,"href":"https:\/\/redsemlac.com\/semmexico\/wp-json\/wp\/v2\/posts\/37063\/revisions"}],"wp:featuredmedia":[{"embeddable":true,"href":"https:\/\/redsemlac.com\/semmexico\/wp-json\/wp\/v2\/media\/37064"}],"wp:attachment":[{"href":"https:\/\/redsemlac.com\/semmexico\/wp-json\/wp\/v2\/media?parent=37063"}],"wp:term":[{"taxonomy":"category","embeddable":true,"href":"https:\/\/redsemlac.com\/semmexico\/wp-json\/wp\/v2\/categories?post=37063"},{"taxonomy":"post_tag","embeddable":true,"href":"https:\/\/redsemlac.com\/semmexico\/wp-json\/wp\/v2\/tags?post=37063"}],"curies":[{"name":"wp","href":"https:\/\/api.w.org\/{rel}","templated":true}]}}