{"id":37061,"date":"2021-06-18T10:43:18","date_gmt":"2021-06-18T16:43:18","guid":{"rendered":"https:\/\/redsemlac.com\/semmexico\/?p=37061"},"modified":"2023-07-21T17:02:17","modified_gmt":"2023-07-21T22:02:17","slug":"viles-y-canallas","status":"publish","type":"post","link":"https:\/\/redsemlac.com\/semmexico\/viles-y-canallas\/","title":{"rendered":"Viles y canallas"},"content":{"rendered":"\n<p class=\"wp-block-paragraph\"><strong>Mois\u00e9s S\u00e1nchez Lim\u00f3n<\/strong><\/p>\n\n\n\n<p class=\"wp-block-paragraph\">SemM\u00e9xico, Cd. de M\u00e9xico, 18 de junio, 2021.- No, no son iguales, son peores. A la desgracia le dan el trato que demandan evitar; politizan cualquier acto que contrar\u00ede al proyecto transexenal. Y el discurso oficial es un insulto al sentido com\u00fan que borda entre el gatopardismo y la c\u00ednica mentira.<\/p>\n\n\n\n<p class=\"wp-block-paragraph\">\u00bfRecuerda usted cuando Enrique Pe\u00f1a Nieto &#8211;entonces poderoso y vilipendiado presidente al que la oposici\u00f3n l\u00f3pezobradorista zarande\u00f3 por inculto&#8211; recomend\u00f3 a Rosario Robles Berlanga no preocuparse ante la embestida que se hab\u00eda desatado en su contra por su presunta responsabilidad en actos de corrupci\u00f3n?<\/p>\n\n\n\n<p class=\"wp-block-paragraph\">Bueno, Rosario es hu\u00e9sped sexenal de la penitenciar\u00eda de Santa Martha Acatitla, donde la veleidosa justicia mexicana en manos del poder en turno la exhibi\u00f3 delincuente y conden\u00f3 de por vida a cargar esa condici\u00f3n, como ocurri\u00f3 en su momento con destacados personajes pol\u00edticos que pagaron la factura que su jefe gener\u00f3 en la lucha por el poder p\u00fablico.<\/p>\n\n\n\n<p class=\"wp-block-paragraph\">Bien. Sin duda ya se enter\u00f3 que Su Alteza Seren\u00edsima pronunci\u00f3 la frase m\u00e1gica, manto de la impunidad con el que cubri\u00f3 a la doctora Claudia Sheinbaum Pardo y le declar\u00f3 no s\u00f3lo su apoyo frente a esta disputa por la nominaci\u00f3n a la Presidencia de la Rep\u00fablica, tambi\u00e9n asegur\u00f3 que ayudar\u00e1 a la reparaci\u00f3n de la L\u00ednea 12.<\/p>\n\n\n\n<p class=\"wp-block-paragraph\">\u00bfRecuerda usted? que el maestro Mario Delgado Carrillo asegur\u00f3 que en la construcci\u00f3n de aquella tristemente c\u00e9lebre \u2013como citan los cl\u00e1sicos de la nota policiaca\u2014l\u00ednea del Metro no hubo participaci\u00f3n de dineros federales.<\/p>\n\n\n\n<p class=\"wp-block-paragraph\">\u00a1Caray! El itamita y gerente del Corporativo Morena, am\u00e9n de que no ha aparecido en d\u00edas recientes para asumir la responsabilidad que le toca como jefe de las finanzas de la administraci\u00f3n de Marcelo Ebrard, minti\u00f3 porque justamente en aquellos d\u00edas cuando se aproximaba el fin del sexenio, Marcelo pidi\u00f3 apoyo al entonces presidente Felipe Calder\u00f3n porque el presupuesto para la L12 se hab\u00eda agotado.<\/p>\n\n\n\n<p class=\"wp-block-paragraph\">Se requer\u00eda de tres mil millones de pesos y Marcelo pidi\u00f3 esa cantidad a Calder\u00f3n Hinojosa, a quien el hoy clasemediero licenciado presidente Andr\u00e9s Manuel odia con odio macuspano, &nbsp;y f\u00edjese usted que Felipe no solo no se neg\u00f3 a prestarle esa bicoca que seguramente era para comprar focos y cemento, \u00a1no!, le facilit\u00f3 y entreg\u00f3 cuatro mil millones de pesos. Y ese recurso, hasta donde se sabe formalmente, lo recibi\u00f3 el administrativo que firmaba como licenciado Mario Delgado Carrillo.<\/p>\n\n\n\n<p class=\"wp-block-paragraph\">Hoy, la doctora Claudia &#8211;\u00bfpor qu\u00e9 no la escurridiza y fantasmal Florencia Serran\u00eda Soto, que cobra y cobra bien como directora del Sistema de Transporte Colectivo Metro?\u2014se apresta a recibir el apoyo econ\u00f3mico, moral y espiritual del licenciado L\u00f3pez Obrador. \u00a1M\u00e1s mezcla, maistro!, hay que decirle a Delgado Carrillo.<\/p>\n\n\n\n<p class=\"wp-block-paragraph\">Y s\u00ed, en efecto, la historia se repite y, finalmente mimetizado por haber abrevado en los veneros del priismo, el licenciado presidente extiende su manto virginal &#8211;porque nunca, nunca ha pecado ni de palabra y obra en materia de corrupci\u00f3n\u2014y hoy cubre a la doctora Sheinbaum en el entendido de que, pasare lo que pasare, dictaminase lo que se dictaminase en este peritaje al accidente que no incidente en la L12 del Metro, ella est\u00e1 a salvo.<\/p>\n\n\n\n<p class=\"wp-block-paragraph\">As\u00ed de burdo el encubrimiento, porque, s\u00f3lo cheque usted lo que dijo Su Alteza Seren\u00edsima en la ma\u00f1anera: \u201c(\u2026)&nbsp;<strong>Entonces, regresando al tema, vamos a esperar a que la jefa de&nbsp;Gobierno informe y buscar la soluci\u00f3n. Nadie quiere que sucedan estas desgracias, s\u00f3lo los viles, los canallas, trafican con el dolor ajeno\u201d.<\/strong><\/p>\n\n\n\n<p class=\"wp-block-paragraph\">\u00bfQui\u00e9nes son los viles y canallas que trafican con el dolor ajeno? \u00bfQui\u00e9nes perdieron al hermano, la esposa, el marido, el abuelo, el nieto\u2026 en esa desgracia consecuencia de arrebatos y prisas pol\u00edticas?<\/p>\n\n\n\n<p class=\"wp-block-paragraph\">No, no es una referencia simplista ni abono a favor de una u otra bander\u00eda que midi\u00f3 fuerzas en la elecci\u00f3n del pasado domingo 6 de junio.<\/p>\n\n\n\n<p class=\"wp-block-paragraph\">Es postura pol\u00edtica canalla esa que soslaya la desgracia del pueblo bueno; \u00e9sa que manda al carajo la obligada atenci\u00f3n humanitaria, porque considera que esa pr\u00e1ctica era ejercicio de los de antes, los neoliberales.<\/p>\n\n\n\n<p class=\"wp-block-paragraph\">Lea usted:<\/p>\n\n\n\n<p class=\"wp-block-paragraph\"><strong>&#8212;<\/strong>Presidente, preguntarle: hace unos d\u00edas reportaron lo de la compra de las medicinas. Ayer (martes) hubo un bloqueo por parte de padres de ni\u00f1os con c\u00e1ncer, hoy los van a recibir en la Secretar\u00eda de Salud, pero \u00bfqu\u00e9 le han a usted informado?, si sigue el desabasto, si ya est\u00e1 en v\u00edas de solucionarse, \u00bfqu\u00e9 es lo que se sabe al respecto?\u2014pregunt\u00f3 una colega.<\/p>\n\n\n\n<p class=\"wp-block-paragraph\">&#8212;<strong>Se est\u00e1 avanzando mucho \u2013respondi\u00f3 el licenciado L\u00f3pez Obrador&#8211;. Creo yo que para la semana pr\u00f3xima ya tenemos compradas todas las medicinas y tambi\u00e9n equipos m\u00e9dicos, la semana pr\u00f3xima. Se est\u00e1 haciendo una revisi\u00f3n de todo lo que se ha adquirido, qu\u00e9 nos falta, con la ONU, con la&nbsp;Unops&nbsp;y todo el sector salud est\u00e1 trabajando en esto. Vamos a informar creo que la semana pr\u00f3xima ya. Y bien, se va avanzando.<\/strong><\/p>\n\n\n\n<p class=\"wp-block-paragraph\"><strong>&#8212;<\/strong>\u00bfLes dir\u00eda a los pap\u00e1s que ya est\u00e1n\u2026?\u2014insisti\u00f3 la reportera.<\/p>\n\n\n\n<p class=\"wp-block-paragraph\">&#8212;<strong>S\u00ed, s\u00ed, que estamos dedicados de tiempo completo a eso, que lo estamos viendo como algo prioritario, urgente, est\u00e1n trabajando literalmente d\u00eda y noche, y consiguiendo todos los medicamentos en el mundo, no hay ninguna limitaci\u00f3n de dinero. Es un asunto de abasto tambi\u00e9n mundial en algunos medicamentos, en algunas claves, pero lo estamos resolviendo\u2014atendi\u00f3 el licenciado Andr\u00e9s Manuel<\/strong>.<\/p>\n\n\n\n<p class=\"wp-block-paragraph\">Los padres de ni\u00f1os con c\u00e1ncer debieron bloquear el acceso a la Terminal 1 del Aeropuerto Internacional de la Ciudad de M\u00e9xico, en demanda de que les atiendan, que se surta de medicamentos a sus peque\u00f1os. \u00bfLa demanda es nueva? \u00a1No!, data desde el inicio de la administraci\u00f3n del Andr\u00e9s Manuel L\u00f3pez Obrador, quien se atreve a mentir y asegura, s\u00ed, asegura que \u201c<strong>lo estamos viendo como algo prioritario, urgente, est\u00e1n trabajando literalmente d\u00eda y noche, y consiguiendo todos los medicamentos en el mundo, no hay ninguna limitaci\u00f3n de dinero\u201d.<\/strong><\/p>\n\n\n\n<p class=\"wp-block-paragraph\">\u00bfViles y canallas los que trafican con el dolor ajeno? \u00bfC\u00f3mo se llama a quienes desprecian al dolor ajeno y pregonan que les duele todos los d\u00edas la desgracia de la L12?<\/p>\n\n\n\n<p class=\"wp-block-paragraph\"><strong>Lea usted otra perla.<\/strong><\/p>\n\n\n\n<p class=\"wp-block-paragraph\"><strong>&#8212;<\/strong>Adem\u00e1s del apoyo econ\u00f3mico, que seguramente ser\u00e1 importante para poder rehabilitar lo antes posible y que se vuelva a dar servicio en esta L\u00ednea 12 del Metro, \u00bfqu\u00e9&nbsp;otros apoyos estar\u00e1&nbsp;usted ofreciendo a la jefa de&nbsp;Gobierno para salir de esta circunstancia en lo pol\u00edtico?\u2014preguntaron a Su Alteza Seren\u00edsima.<\/p>\n\n\n\n<p class=\"wp-block-paragraph\"><strong>&#8211;Todo, todo, todo mi apoyo y mi respaldo tambi\u00e9n, porque los adversarios nuestros se han lanzado con todo en este caso, bueno, hasta el&nbsp;New York Times, ya no s\u00f3lo es el&nbsp;Reforma,&nbsp;ya subi\u00f3 de nivel. Entonces, hay desde luego una estrategia politiquera, se us\u00f3 en v\u00edsperas de la campa\u00f1a para afectar al movimiento al que pertenecemos en las elecciones, hubo guerra sucia, llamadas telef\u00f3nicas y todos los medios\u2014respondi\u00f3 el clasemediero licenciado presidente.<\/strong><\/p>\n\n\n\n<p class=\"wp-block-paragraph\">\u00bfQui\u00e9n politiz\u00f3 el caso de la L12? \u00bfLos viles y canallas?<\/p>\n\n\n\n<p class=\"wp-block-paragraph\">Bueno, una m\u00e1s del clasemediero Andr\u00e9s Manuel cuando desv\u00eda el asunto y responsabiliza a la prensa de todos los males y, de pasada descalifica a quienes le ganaron a Morena en la Ciudad de M\u00e9xico.<\/p>\n\n\n\n<p class=\"wp-block-paragraph\"><strong>&#8212;<\/strong>\u00bfCree usted que esta situaci\u00f3n repercutir\u00e1 en las eventuales aspiraciones de Marcelo Ebrard y de Claudia Sheinbaum?\u2014le preguntaron en la ma\u00f1anera de mi\u00e9rcoles.<\/p>\n\n\n\n<p class=\"wp-block-paragraph\"><strong>&#8211;Es que \u2013<\/strong>respondi\u00f3 Andr\u00e9s Manuel<strong>&#8211;, con todo respeto, nuestros adversarios est\u00e1n muy menguados, no tienen personas con prestigio, no tienen gente honesta, no tienen gente \u00edntegra, no tienen gente que le tenga a amor al pueblo. Vean qui\u00e9nes ganaron aqu\u00ed con la alianza conservadora. La gente ni siquiera supo por qui\u00e9n vot\u00f3. Son impresentables. Fue el coraje, porque los envenenaron con la guerra sucia<\/strong>.<\/p>\n\n\n\n<p class=\"wp-block-paragraph\">\u00a1Aj\u00e1! \u00bfY los damnificados de la desgracia de la L12? \u00a1Bah! En la par\u00e1frasis de Pe\u00f1a Nieto: No te preocupes, Claudia, es asunto de viles y canallas que demandan justicia. Digo.<\/p>\n\n\n\n<p class=\"wp-block-paragraph\"><strong>COMO ME LO PLATICARON<\/strong>. En el estudio llamado \u201cCrece deuda estatal por pandemia\u201d, elaborado por la consultora \u201cAregional\u201c, \u00e9sta reconoce al gobierno de Quintana Roo, encabezado por Carlos Joaqu\u00edn Gonz\u00e1lez, por haber logrado la reducci\u00f3n en 2.2% la deuda estatal en 2020, que equivale a 773.2 millones de pesos.<\/p>\n\n\n\n<p class=\"wp-block-paragraph\">Dicha reducci\u00f3n se logr\u00f3 merced a los ajustes racionales del gasto que permitieron canalizar m\u00e1s recursos para enfrentar la emergencia provocada por el Covid-19.<\/p>\n\n\n\n<p class=\"wp-block-paragraph\"><a href=\"mailto:sanchezlimon@gmail.com\" target=\"_blank\" rel=\"noreferrer noopener\">sanchezlimon@gmail.com<\/a>&nbsp;<a href=\"http:\/\/www.entresemana.mx\/\" target=\"_blank\" rel=\"noreferrer noopener\">www.entresemana.mx<\/a>&nbsp;<strong>@msanchezlimon&nbsp; @msanchezlimon1<\/strong><\/p>\n\n\n\n<p class=\"wp-block-paragraph\"><strong>++++++++++++++++++++++++++++++++++++++<\/strong><\/p>\n\n\n\n<p class=\"wp-block-paragraph\"><\/p>\n","protected":false},"excerpt":{"rendered":"<p>Mois\u00e9s S\u00e1nchez Lim\u00f3n SemM\u00e9xico, Cd. de M\u00e9xico, 18 de junio, 2021.- No, no son iguales, son peores. A la desgracia le dan el trato que demandan evitar; politizan cualquier acto que contrar\u00ede al proyecto transexenal. Y el discurso oficial es un insulto al sentido com\u00fan que borda entre el gatopardismo y la c\u00ednica mentira. \u00bfRecuerda [&hellip;]<\/p>\n","protected":false},"author":3,"featured_media":15805,"comment_status":"open","ping_status":"open","sticky":false,"template":"","format":"standard","meta":{"_monsterinsights_skip_tracking":false,"footnotes":""},"categories":[692,105,83,35],"tags":[],"class_list":["post-37061","post","type-post","status-publish","format-standard","has-post-thumbnail","category-692","category-entresemana","category-moises-sanchez-limon","category-opinion"],"_links":{"self":[{"href":"https:\/\/redsemlac.com\/semmexico\/wp-json\/wp\/v2\/posts\/37061","targetHints":{"allow":["GET"]}}],"collection":[{"href":"https:\/\/redsemlac.com\/semmexico\/wp-json\/wp\/v2\/posts"}],"about":[{"href":"https:\/\/redsemlac.com\/semmexico\/wp-json\/wp\/v2\/types\/post"}],"author":[{"embeddable":true,"href":"https:\/\/redsemlac.com\/semmexico\/wp-json\/wp\/v2\/users\/3"}],"replies":[{"embeddable":true,"href":"https:\/\/redsemlac.com\/semmexico\/wp-json\/wp\/v2\/comments?post=37061"}],"version-history":[{"count":0,"href":"https:\/\/redsemlac.com\/semmexico\/wp-json\/wp\/v2\/posts\/37061\/revisions"}],"wp:featuredmedia":[{"embeddable":true,"href":"https:\/\/redsemlac.com\/semmexico\/wp-json\/wp\/v2\/media\/15805"}],"wp:attachment":[{"href":"https:\/\/redsemlac.com\/semmexico\/wp-json\/wp\/v2\/media?parent=37061"}],"wp:term":[{"taxonomy":"category","embeddable":true,"href":"https:\/\/redsemlac.com\/semmexico\/wp-json\/wp\/v2\/categories?post=37061"},{"taxonomy":"post_tag","embeddable":true,"href":"https:\/\/redsemlac.com\/semmexico\/wp-json\/wp\/v2\/tags?post=37061"}],"curies":[{"name":"wp","href":"https:\/\/api.w.org\/{rel}","templated":true}]}}