{"id":37058,"date":"2021-06-18T10:41:28","date_gmt":"2021-06-18T16:41:28","guid":{"rendered":"https:\/\/redsemlac.com\/semmexico\/?p=37058"},"modified":"2023-07-21T17:02:17","modified_gmt":"2023-07-21T22:02:17","slug":"tepjf-ordena-emitir-convocatoria-exclusiva-para-mujeres-a-presidir-el-ople-jalisco","status":"publish","type":"post","link":"https:\/\/redsemlac.com\/semmexico\/tepjf-ordena-emitir-convocatoria-exclusiva-para-mujeres-a-presidir-el-ople-jalisco\/","title":{"rendered":"TEPJF ordena emitir convocatoria exclusiva para mujeres a presidir el OPLE Jalisco"},"content":{"rendered":"\n<p class=\"wp-block-paragraph\">Determin\u00f3 que las mujeres han sido discriminadas para ocupar el m\u00e1s alto cargo de direcci\u00f3n del \u00f3rgano local<\/p>\n\n\n\n<p class=\"wp-block-paragraph\">Analy Nu\u00f1o<\/p>\n\n\n\n<p class=\"wp-block-paragraph\">SemM\u00e9xico, 17 de junio de 2021, Ciudad de M\u00e9xico.- Por decreto, Guillermo Alcaraz Cross, consejero presidente del Instituto Electoral y de Participaci\u00f3n Ciudadana de Jalisco desde el 2014, s\u00f3lo podr\u00e1 ser relevado en el cargo por una mujer.&nbsp;<\/p>\n\n\n\n<p class=\"wp-block-paragraph\">As\u00ed lo determin\u00f3 la&nbsp;Sala Superior&nbsp;del&nbsp;Tribunal Electoral del Poder Judicial de la Federaci\u00f3n (TEPJF),&nbsp;la cual orden\u00f3 al Instituto Nacional Electoral (INE)&nbsp;&nbsp;emitir una nueva convocatoria exclusiva para mujeres para el proceso de selecci\u00f3n y designaci\u00f3n del cargo de consejera presidenta del Organismo P\u00fablico Local Electoral&nbsp;(OPLE) en Jalisco.<\/p>\n\n\n\n<p class=\"wp-block-paragraph\">La determinaci\u00f3n se da luego de que en abril pasado el INE emitiera la convocatoria que posteriormente fue impugnada por no considerar el principio de paridad. \u201cAl resolver el juicio ciudadano las y los magistrados calificaron de fundados los agravios pues el INE debi\u00f3 emitirla solo para mujeres dado el contexto de la integraci\u00f3n hist\u00f3rica del \u00f3rgano m\u00e1ximo de direcci\u00f3n electoral local que nunca ha sido presidido por una mujer\u201d.<\/p>\n\n\n\n<p class=\"wp-block-paragraph\">Por ello, este mi\u00e9rcoles por unanimidad de votos, la&nbsp;Sala Superior&nbsp;del&nbsp; TEPJF&nbsp;revoc\u00f3 la convocatoria emitida y orden\u00f3 al INE que emita una nueva convocatoria exclusiva para mujeres a presidir al Instituto Electoral y de Participaci\u00f3n Ciudadana de Jalisco (IEPC) as\u00ed como dejar subsistentes los registros en l\u00ednea de las mujeres aspirantes que presentaron sus formatos y documentaci\u00f3n durante el periodo establecido en el acuerdo INE\/CG420\/2021.<\/p>\n\n\n\n<p class=\"wp-block-paragraph\">\u201cEl INE inobserv\u00f3 el principio de paridad en la designaci\u00f3n de autoridades, porque debi\u00f3 establecer alguna medida eficaz para lograr la igualdad en el acceso a cargos p\u00fablicos, a fin de tener una representaci\u00f3n equilibrada de los g\u00e9neros por el contexto espec\u00edfico de la autoridad que se renueva\u201d, se\u00f1alaron los miembros de la Sala Superior.<\/p>\n\n\n\n<p class=\"wp-block-paragraph\">Las y los magistrados sostuvieron que el INE debe valorar caso por caso la integraci\u00f3n del OPLE para el que convoca, tomando en consideraci\u00f3n la alternancia y la integraci\u00f3n hist\u00f3rica de estos organismos, con especial menci\u00f3n a su presidencia, pues es el cargo que menos han ocupado las mujeres.<\/p>\n\n\n\n<p class=\"wp-block-paragraph\"><br>\u201cLa convocatoria exclusiva para mujeres se justifica porque en el caso concreto han sido discriminadas de ocupar el m\u00e1s alto cargo de direcci\u00f3n dentro del Consejo General del OPLE\u201d, argument\u00f3 la Sala.<\/p>\n\n\n\n<p class=\"wp-block-paragraph\">Finalmente explicaron que para el caso de la designaci\u00f3n de las consejer\u00edas de \u00e9stos organismos locales no es suficiente con que se garantice la integraci\u00f3n paritaria con un m\u00ednimo de tres personas del mismo g\u00e9nero, sino que de manera progresiva se debe buscar que se garantice el derecho de las mujeres a acceder al m\u00e1s alto cargo de direcci\u00f3n en los institutos electorales locales.&nbsp;<\/p>\n","protected":false},"excerpt":{"rendered":"<p>Determin\u00f3 que las mujeres han sido discriminadas para ocupar el m\u00e1s alto cargo de direcci\u00f3n del \u00f3rgano local Analy Nu\u00f1o SemM\u00e9xico, 17 de junio de 2021, Ciudad de M\u00e9xico.- Por decreto, Guillermo Alcaraz Cross, consejero presidente del Instituto Electoral y de Participaci\u00f3n Ciudadana de Jalisco desde el 2014, s\u00f3lo podr\u00e1 ser relevado en el cargo [&hellip;]<\/p>\n","protected":false},"author":3,"featured_media":37059,"comment_status":"open","ping_status":"open","sticky":false,"template":"","format":"standard","meta":{"_monsterinsights_skip_tracking":false,"footnotes":""},"categories":[692,141],"tags":[],"class_list":["post-37058","post","type-post","status-publish","format-standard","has-post-thumbnail","category-692","category-elecciones-2020-2021"],"_links":{"self":[{"href":"https:\/\/redsemlac.com\/semmexico\/wp-json\/wp\/v2\/posts\/37058","targetHints":{"allow":["GET"]}}],"collection":[{"href":"https:\/\/redsemlac.com\/semmexico\/wp-json\/wp\/v2\/posts"}],"about":[{"href":"https:\/\/redsemlac.com\/semmexico\/wp-json\/wp\/v2\/types\/post"}],"author":[{"embeddable":true,"href":"https:\/\/redsemlac.com\/semmexico\/wp-json\/wp\/v2\/users\/3"}],"replies":[{"embeddable":true,"href":"https:\/\/redsemlac.com\/semmexico\/wp-json\/wp\/v2\/comments?post=37058"}],"version-history":[{"count":0,"href":"https:\/\/redsemlac.com\/semmexico\/wp-json\/wp\/v2\/posts\/37058\/revisions"}],"wp:featuredmedia":[{"embeddable":true,"href":"https:\/\/redsemlac.com\/semmexico\/wp-json\/wp\/v2\/media\/37059"}],"wp:attachment":[{"href":"https:\/\/redsemlac.com\/semmexico\/wp-json\/wp\/v2\/media?parent=37058"}],"wp:term":[{"taxonomy":"category","embeddable":true,"href":"https:\/\/redsemlac.com\/semmexico\/wp-json\/wp\/v2\/categories?post=37058"},{"taxonomy":"post_tag","embeddable":true,"href":"https:\/\/redsemlac.com\/semmexico\/wp-json\/wp\/v2\/tags?post=37058"}],"curies":[{"name":"wp","href":"https:\/\/api.w.org\/{rel}","templated":true}]}}