{"id":37050,"date":"2021-06-17T17:01:51","date_gmt":"2021-06-17T23:01:51","guid":{"rendered":"https:\/\/redsemlac.com\/semmexico\/?p=37050"},"modified":"2023-07-21T17:02:17","modified_gmt":"2023-07-21T22:02:17","slug":"propuesta-de-diputado-de-qr-violenta-progresividad-en-derechos-humanos","status":"publish","type":"post","link":"https:\/\/redsemlac.com\/semmexico\/propuesta-de-diputado-de-qr-violenta-progresividad-en-derechos-humanos\/","title":{"rendered":"Propuesta de diputado de QR violenta progresividad en derechos humanos"},"content":{"rendered":"\n<p class=\"wp-block-paragraph\">* Diputado Miranda Garc\u00eda propone que toda muerte violenta de mujeres se investigue como feminicidio<\/p>\n\n\n\n<p class=\"wp-block-paragraph\">* Descarta suicidios y supuestos accidentes, dice especialista<\/p>\n\n\n\n<p class=\"wp-block-paragraph\">\u00c1ngeles G\u00f3nez<\/p>\n\n\n\n<p class=\"wp-block-paragraph\">SemM\u00e9xico, Benito Ju\u00e1rez, Quintana Roo, 17 de junio, 2021.- Adriana Rubio, asesora forense del Observatorio Ciudadano Nacional del Feminicidio, sostuvo que la propuesta legislativa hecha por el diputado local&nbsp;Gustavo Miranda Garc\u00eda para&nbsp;modificar la Ley de la Fiscal\u00eda General del Estado (FGE) y que las muertes violentas de mujeres sean investigadas como feminicidio, parece un asunto delicado considerando que no incluye los suicidios.<\/p>\n\n\n\n<p class=\"wp-block-paragraph\">La experta en investigaci\u00f3n criminal\u00edstica con perspectiva de g\u00e9nero  dijo que la iniciativa presentada ayer en el Congreso local, no considera lo establecido en la sentencia Mariana Lima Buend\u00eda, del 17 de diciembre de 2012, que incluye tambi\u00e9n los supuestos suicidios y supuestos accidentes, eso causa confusi\u00f3n y va en contra el est\u00e1ndar nacional, por lo que calific\u00f3 la iniciativa como \u00abun error\u00bb.<\/p>\n\n\n\n<p class=\"wp-block-paragraph\">Se violentar\u00eda el principio de progresividad en materia de derechos humanos, explic\u00f3 la especialista.<\/p>\n\n\n\n<p class=\"wp-block-paragraph\">A su vez, Irinea Buend\u00eda, defensora de derechos humanos de las mujeres, y madre de Marian Lima Buend\u00eda, cuyo caso dio origen a la sentencia de la Suprema Corte de Justicia, plantea que la sentencia hist\u00f3rica sienta el precedente para investigar las muertes violentas de mujeres en todo el pa\u00eds, lo que obliga a las Fiscal\u00edas de cada entidad de la Rep\u00fablica Mexicana.<\/p>\n\n\n\n<p class=\"wp-block-paragraph\">De igual forma, la sentencia Mariana Lima Buend\u00eda establece que dichas muertes se deben investigar con perspectiva de g\u00e9nero y la debida diligencia para poder acreditar que se trata de un feminicidio, de lo contrario, sostuvo, jam\u00e1s van a poder acreditar que se trata de un feminicidio.<\/p>\n\n\n\n<p class=\"wp-block-paragraph\">El diputado presidente de la Junta de Coordinaci\u00f3n Pol\u00edtica del Congreso local&nbsp;present\u00f3 la iniciativa para modificar la Ley de la Fiscal\u00eda General del Estado (FGE), para que todas las carpetas de investigaci\u00f3n que realice este organismo a consecuencia del conocimiento de la muerte violenta de car\u00e1cter doloso de una mujer sean iniciadas como feminicidios.<\/p>\n\n\n\n<p class=\"wp-block-paragraph\">La propuesta busca modificar el art\u00edculo 27 de la Ley Org\u00e1nica de la Fiscal\u00eda General del Estado de Quintana Roo, para incluir un inciso \u201cC\u201d que detalla \u201cIniciar la carpeta de investigaci\u00f3n de toda muerte violenta de mujeres de car\u00e1cter doloso bajo protocolo de feminicidio\u201d.<\/p>\n\n\n\n<p class=\"wp-block-paragraph\">As\u00ed como el art\u00edculo 22 del C\u00f3digo Penal del Estado: La prisi\u00f3n consiste en la privaci\u00f3n de la libertad personal y su duraci\u00f3n ser\u00e1 de seis meses a sesenta a\u00f1os. Y el art\u00edculo 89-Bis en el que se establece que \u201ccomete delito de feminicidio, el que dolosamente prive de la vida a una mujer por razones de g\u00e9nero. Se le impondr\u00e1 prisi\u00f3n de cuarenta a sesenta a\u00f1os y de mil quinientos a tres mil d\u00edas multa\u201d.<\/p>\n\n\n\n<p class=\"wp-block-paragraph\">SEM\/ag\/<\/p>\n","protected":false},"excerpt":{"rendered":"<p>* Diputado Miranda Garc\u00eda propone que toda muerte violenta de mujeres se investigue como feminicidio * Descarta suicidios y supuestos accidentes, dice especialista \u00c1ngeles G\u00f3nez SemM\u00e9xico, Benito Ju\u00e1rez, Quintana Roo, 17 de junio, 2021.- Adriana Rubio, asesora forense del Observatorio Ciudadano Nacional del Feminicidio, sostuvo que la propuesta legislativa hecha por el diputado local&nbsp;Gustavo Miranda [&hellip;]<\/p>\n","protected":false},"author":3,"featured_media":37051,"comment_status":"open","ping_status":"open","sticky":false,"template":"","format":"standard","meta":{"_monsterinsights_skip_tracking":false,"footnotes":""},"categories":[692,50],"tags":[],"class_list":["post-37050","post","type-post","status-publish","format-standard","has-post-thumbnail","category-692","category-congreso"],"_links":{"self":[{"href":"https:\/\/redsemlac.com\/semmexico\/wp-json\/wp\/v2\/posts\/37050","targetHints":{"allow":["GET"]}}],"collection":[{"href":"https:\/\/redsemlac.com\/semmexico\/wp-json\/wp\/v2\/posts"}],"about":[{"href":"https:\/\/redsemlac.com\/semmexico\/wp-json\/wp\/v2\/types\/post"}],"author":[{"embeddable":true,"href":"https:\/\/redsemlac.com\/semmexico\/wp-json\/wp\/v2\/users\/3"}],"replies":[{"embeddable":true,"href":"https:\/\/redsemlac.com\/semmexico\/wp-json\/wp\/v2\/comments?post=37050"}],"version-history":[{"count":0,"href":"https:\/\/redsemlac.com\/semmexico\/wp-json\/wp\/v2\/posts\/37050\/revisions"}],"wp:featuredmedia":[{"embeddable":true,"href":"https:\/\/redsemlac.com\/semmexico\/wp-json\/wp\/v2\/media\/37051"}],"wp:attachment":[{"href":"https:\/\/redsemlac.com\/semmexico\/wp-json\/wp\/v2\/media?parent=37050"}],"wp:term":[{"taxonomy":"category","embeddable":true,"href":"https:\/\/redsemlac.com\/semmexico\/wp-json\/wp\/v2\/categories?post=37050"},{"taxonomy":"post_tag","embeddable":true,"href":"https:\/\/redsemlac.com\/semmexico\/wp-json\/wp\/v2\/tags?post=37050"}],"curies":[{"name":"wp","href":"https:\/\/api.w.org\/{rel}","templated":true}]}}