{"id":37047,"date":"2021-06-17T16:59:51","date_gmt":"2021-06-17T22:59:51","guid":{"rendered":"https:\/\/redsemlac.com\/semmexico\/?p=37047"},"modified":"2023-07-21T17:02:17","modified_gmt":"2023-07-21T22:02:17","slug":"debe-poder-judicial-conducir-los-procesos-con-perspectiva-de-genero","status":"publish","type":"post","link":"https:\/\/redsemlac.com\/semmexico\/debe-poder-judicial-conducir-los-procesos-con-perspectiva-de-genero\/","title":{"rendered":"Debe poder judicial conducir los procesos con perspectiva de g\u00e9nero"},"content":{"rendered":"\n<p class=\"wp-block-paragraph\">* Lanzan iniciativa abogadas feministas, denuncian maltrato y discriminaci\u00f3n contra demandantes<\/p>\n\n\n\n<p class=\"wp-block-paragraph\">* Estereotipos y roles de g\u00e9nero imperan en el imagonario del personal de justicia civil y familiar<\/p>\n\n\n\n<p class=\"wp-block-paragraph\">Lorena Vaniezcot<\/p>\n\n\n\n<p class=\"wp-block-paragraph\">SemM\u00e9xico, Oaxaca, 17 de junio, 2021.- Discriminaci\u00f3n por ser mujeres, racismo, rega\u00f1os y sentencias a modo son algunos ejemplos del trato diferenciado que las demandantes reciben en procedimientos civiles y familiares, como resultado de las cargas de g\u00e9nero personales de quienes imparten justicia en M\u00e9xico y que son sistematizados, detectados y denunciados por abogadas feministas y defensoras de derechos humanos de las mujeres y la ni\u00f1ez, mismas que publicaron esta semana en un manifiesto en el que exigen a esas autoridades emplear la perspectiva de g\u00e9nero y evitar la violencia institucional.<\/p>\n\n\n\n<p class=\"wp-block-paragraph\">El amplio manifiesto refiere que existe un discurso de protecci\u00f3n y respeto a los derechos de mujeres, ni\u00f1as y ni\u00f1os en todas las instancias de impartici\u00f3n de justicia del pa\u00eds, pero que pocas veces se aterriza en la conducci\u00f3n y resoluci\u00f3n de los procesos que exigen de la aplicaci\u00f3n de est\u00e1ndares de derechos y de obligaciones reforzadas para los Estados.<\/p>\n\n\n\n<p class=\"wp-block-paragraph\">En ese sentido, Erika Lil\u00ed D\u00edaz Cruz, abogada feminista e impulsora de procesos de aprendizaje en materia de g\u00e9nero en Oaxaca, explica a SemM\u00e9xico las razones del desplegado publicado esta semana, acciones ejercidas por personas de los tribunales de justicia civil y familiar que constituyen violencia institucional una de las modalidades de la violencia de g\u00e9nero contempladas en la Ley General de Acceso de las Mujeres a una vida Libre de Violencia, en vigor desde hace 14 a\u00f1os. Hecho que tambi\u00e9n da cuenta el desplegado.<\/p>\n\n\n\n<p class=\"wp-block-paragraph\">Las abogadas feministas y defensoras se\u00f1alan que la perspectiva de g\u00e9nero \u201cse encuentra lejos de ser una realidad en la administraci\u00f3n de justicia cuando: las mujeres son cuestionadas y sancionadas m\u00e1s severamente que sus contrapartes varones.&nbsp;<\/p>\n\n\n\n<p class=\"wp-block-paragraph\">En ese sentido D\u00edaz Cruz da ejemplos de lo que como profesionales del Derecho pueden constatar y asegura que cuando una mujer que pelea la custodia de sus hijos e hijos es severamente juzgada si ya tiene otra pareja, lo que no ocurre con los hombres. Tambi\u00e9n han observado que si son ellas las demandadas, juezas y jueces les dan un trato que no les favorece y terminan por negarles la guarda y custodia de sus hijos.<\/p>\n\n\n\n<p class=\"wp-block-paragraph\">A diferencia de los hombres, explic\u00f3 la especialista, las mujeres dif\u00edcilmente llevan a sus hijos para ser escuchados por los tomadores de decisiones, algo en lo que los hombres no reparan, a ellos no les importa que sus hijos sean escuchados para narrar lo que han vivido en sus hogares.<\/p>\n\n\n\n<p class=\"wp-block-paragraph\">Una segunda observaci\u00f3n planteada en el manifiesto se\u00f1ala: Los juzgados y tribunales toleran y reproducen las expresiones violentas y discriminatorias en raz\u00f3n de g\u00e9nero expresadas por las contrapartes en escritos y audiencias.<\/p>\n\n\n\n<p class=\"wp-block-paragraph\">D\u00edaz Cruz, quien dirige la organizaci\u00f3n no gubernamental Lunas del Sur, cuando las mujeres exponen sus casos, los y las secretarias judiciales se atreven a se\u00f1alar a las mujeres que \u201cfueron ellas quienes escogieron a sus maridos\u201d de los cuales ahora piden separarse, generalmente por violentadores. Es una forma de ir coaccionando moralmente a las mujeres para que firmen acuerdos que muchas veces ellas consideran injustos.<\/p>\n\n\n\n<p class=\"wp-block-paragraph\">Esas acciones son discriminatorias y van acompa\u00f1adas de una serie de cuestionamientos como \u201cpero si usted tambi\u00e9n tomaba cerveza\u201d, \u201co la vieron con otro\u201d, cuestionamientos que no deber\u00edan hacerse porque lo que se juzga es \u201csi eres una buena madre o una buena mujer\u201d y no se respetan los derechos humanos de las mujeres y, peor a\u00fan, estos cuestionamientos no ocurren con los hombres.<\/p>\n\n\n\n<p class=\"wp-block-paragraph\">Cuando las mujeres exigen al personal de los juzgados, sean secretarios, secretarias, jueces o juezas, \u201cel trato es m\u00e1s duro con ellas, no hay ning\u00fan tipo de gracia. Para el personal de los tribunales, en su l\u00f3gica, lo que las mujeres deben hacer es permanecer calladitas (porque as\u00ed se ven m\u00e1s bonitas) como dice el popular dicho.<\/p>\n\n\n\n<p class=\"wp-block-paragraph\">En el manifest\u00f3 se cuestiona la falta de suficiente personal pericial capacitado en perspectiva de g\u00e9nero, esto, agrega la entrevistada, provoca que se invisibilicen los diferentes tipos de violencia que las mujeres sufren en el \u00e1mbito familiar \u201ccomo es la violencia sexual que no se concibe porque son pareja o los casos m\u00e1s cruentos como el feminicidio\u201d.<\/p>\n\n\n\n<p class=\"wp-block-paragraph\">Para las abogadas feministas como D\u00edaz Cruz este conocimiento sobre como juzgar con perspectiva de g\u00e9nero deber\u00eda ser una realidad y no un clich\u00e9 o algo que est\u00e1 de moda. La perspectiva de g\u00e9nero les permitir\u00eda analizar el fen\u00f3meno que est\u00e1n estudiando, sin extraerlo de su contexto. Porque si una mujer demanda la custodia de sus hijos e hijas, luego de haber salido sola de su casa ante la violencia machista que viv\u00eda en su casa, hemos encontrado cuestionamientos como \u201cse\u00f1ora, pero si usted los dej\u00f3, abandon\u00f3 la casa familiar\u201d<\/p>\n\n\n\n<p class=\"wp-block-paragraph\">Y no se diga, agrega, en los casos de violencia cibern\u00e9tica, donde las mujeres son severamente cuestionadas \u201cpor haber dado al victimario la contrase\u00f1a de sus cuentas o porque les permitieron tomar fotograf\u00edas \u00edntimas\u201d, extraen de su visi\u00f3n el contexto de que esa mujer confiaba en la persona que despu\u00e9s se convirti\u00f3 en su victimario.<\/p>\n\n\n\n<p class=\"wp-block-paragraph\">Cuando las abogadas feministas cuestionamos estos tratos tambi\u00e9n \u201cnos rega\u00f1an, minimizan nuestros cuestionamientos aduciendo que ellos est\u00e1n debidamente capacitados y que nosotras no sabemos nada\u201d.<\/p>\n\n\n\n<p class=\"wp-block-paragraph\">En el manifiesto tambi\u00e9n se considera que los centros de convivencias se mantienen ajenos a las violencias que sufren las mujeres en el marco de las mismas. Con frecuencia se coacciona a las mujeres para que \u201cmejoren\u201d la comunicaci\u00f3n y convivencia con los agresores, so pena de ser reportadas como \u201cobstaculizantes\u201d ante los \u00f3rganos jurisdiccionales.&nbsp;<\/p>\n\n\n\n<p class=\"wp-block-paragraph\">Son insistentes en plantear que las mujeres deben \u201ccumplir con su rol de g\u00e9nero, asumiendo una conducta pasiva, \u201csilenciosa\u201d y \u201cdecente\u201d, no deben llorar, ni ser arrebatadas ni exigir sus derechos, porque entonces son rega\u00f1adas con severidad y cuando son los hombres los que asumen conductas agresivas y hasta manotean en los escritorios, la o el juez solo es dice \u201cpor favor ap\u00e1rtese\u201d, dice D\u00edaz Cruz.<\/p>\n\n\n\n<p class=\"wp-block-paragraph\">Para las abogadas feministas tambi\u00e9n hay otro elemento en el que es clara la asuencia de perspectiva de g\u00e9nero pues se mantienen pr\u00e1cticas discriminatorias hacia las mujeres, las cuales se agravan, en muchas ocasiones por otras condiciones, como ser mujeres ind\u00edgenas o afrodescendientes.<\/p>\n\n\n\n<p class=\"wp-block-paragraph\">En ese sentido, la abogada oaxaque\u00f1a dice que impera el racismo y el clasismo. Muchas veces hasta a las abogadas nos cuestionan la forma de vestir y si la demandante de pensi\u00f3n alimenticia y habla alguna lengua ind\u00edgena y exige un traductor hemos escuchado respuestas como: \u201caguarde, la atender\u00e9 all\u00e1 afuera\u201d.<\/p>\n\n\n\n<p class=\"wp-block-paragraph\">En alguna ocasi\u00f3n una funcionaria de un Centro de Justicia para Mujeres, incluso, se quej\u00f3 conmigo porque se\u00f1alaba que algunas de las usuarias de origen ind\u00edgena \u201cno sab\u00edan ni siquiera usar el shampoo\u201d,&nbsp;&nbsp;o se quejan porque supuestamente \u201cno quieren ba\u00f1arse\u201d, es decir, no s\u00f3lo las discriminan en el tribunal sino tambi\u00e9n en los lugares donde se suponen las cuidan y protegen de sus agresores. Es com\u00fan que sus derechos colectivos como sus propias costumbres sean juzgadas o sacadas de su contexto sociocultural.<\/p>\n\n\n\n<p class=\"wp-block-paragraph\">Otro planteamiento es que se fomentan pr\u00e1cticas patriarcales en la que, jueces y magistrados \u00abrega\u00f1an\u00bb o \u00abdan consejos\u00bb personales a las v\u00edctimas de violencia de g\u00e9nero.<\/p>\n\n\n\n<p class=\"wp-block-paragraph\">D\u00edaz Cruz dice que ha sido testigo de c\u00f3mo cuando una mujer explica la forma en que ha vivido violencia son interrumpidas por los jueces o juezas quienes les pretenden explicar c\u00f3mo es el ciclo de la violencia y al final les terminan diciendo que \u201cellas aguantaron, que tomaron parte de lo que estaban viviendo\u201d y es que a decir de la pareja \u201cpracticaban sexo salvaje, pero un d\u00eda ya no le gust\u00f3 y por eso lo denunci\u00f3\u201d.&nbsp;<\/p>\n\n\n\n<p class=\"wp-block-paragraph\">Otra de las exigencias de las abogadas feministas es porque aseguran existe ausencia de sensibilizaci\u00f3n de personas juzgadoras de lo familiar, quienes no permiten a las mujeres expresarse sobre lo que han vivido al lado de sus agresores, rest\u00e1ndole importancia y acentuando que eso no es relevante.<\/p>\n\n\n\n<p class=\"wp-block-paragraph\">Por ejemplo, muchas mujeres viven violencia todos los d\u00edas de su vida y demandan separarse porque su pareja las enga\u00f1\u00f3. En el proceso familiar los jueces tienen la facultad de llamar a ambas partes sin la asistencia de sus defensoras, su consigna es persuadirlas de que lleguen a un convenio o que restablezcan su relaci\u00f3n, pero lo hacen sin escuchar a las mujeres, ellas quieren expresar toda la violencia que vivieron con su pareja y la respuesta es \u201custed vino aqu\u00ed porque su pareja la enga\u00f1\u00f3 y eso ya no es delito\u201d.<\/p>\n\n\n\n<p class=\"wp-block-paragraph\">Y si cuando vivi\u00f3 con usted, \u00e9l no golpe\u00f3 a sus hijos, esa es raz\u00f3n para que usted no pueda impedir que los vea. La negaci\u00f3n de los hechos es resultado de no mirar el contexto social y de juzgar sin perspectiva de g\u00e9nero.<\/p>\n\n\n\n<p class=\"wp-block-paragraph\">Los y las juezas lo que tienen que hacer es cumplir con la ley, tiene la facultad de poder allegarse de personal de trabajo social para cerciorarse si lo que dicen las partes es verdad y esto se hace mediante visitas sorpresa, eso les permitir\u00eda no apegarse solo a los dichos y podr\u00edan tener una visi\u00f3n distinta.<\/p>\n\n\n\n<p class=\"wp-block-paragraph\">La perspectiva de g\u00e9nero, contin\u00faa D\u00edaz Cruz, permitir\u00eda incluso a las juezas mirarse a ellas mismas desde otra condici\u00f3n de trabajo. Recientemente se lo plante\u00e9 a una jueza, eran m\u00e1s de las 10 de la noche y no acababa de desahogar la audiencia, yo le coment\u00e9 que ya era tarde y que mi hija estaba afuera sin comer, ella me respondi\u00f3 \u201cyo no he visto a mis hijos desde en la ma\u00f1ana\u201d. Si esa jueza tuviera perspectiva de g\u00e9nero no se sobreexplotar\u00eda, pero en realidad lo que quiere volver a hacer otra audiencia, quieren terminar cueste lo que cueste.<\/p>\n\n\n\n<p class=\"wp-block-paragraph\">Las abogadas feministas plantean tambi\u00e9n en su pronunciamiento que se exige a las v\u00edctimas de violencia de g\u00e9nero que comprendan las deficiencias del sistema, como: la escasez de personal, la falta de recursos, la ausencia de servicios periciales con perspectiva de g\u00e9nero, el maltrato y las malas condiciones de las empleadas de la fiscal\u00eda o de los juzgados.<\/p>\n\n\n\n<p class=\"wp-block-paragraph\">Adem\u00e1s, como ya se explic\u00f3, se desestima la gravedad de las violencias expuestas por las mujeres y no se asume la obligaci\u00f3n de protecci\u00f3n inmediata e inminente ante situaciones urgentes, como la emisi\u00f3n de \u00f3rdenes de protecci\u00f3n.&nbsp;<\/p>\n\n\n\n<p class=\"wp-block-paragraph\">Como parte de las acciones emprendidas bajo los #JusticiaConNosotras #ProcesosConPerspectivaDeGenero #NoMasViolenciaInstitucional #NoMasJusticiaPatriarcal y #10A\u00f1osDDHH iniciaron en su cuenta de Facebook de Justicia con Nosotras el denominado Muro de la ignominia.<\/p>\n\n\n\n<p class=\"wp-block-paragraph\">Este desplegado que apareci\u00f3 el pasado lunes fue firmado por : Tania Francisca Felipe Aquino, Beatriz Hern\u00e1ndez Bautista, Yesica Azucena D\u00edaz Cruz, Cecilia Valencia Canul, Yuli Andrea Pliego P\u00e9rez, Mariana Gil Bartomeu, Diana Mora L\u00f3pez, Brenda Denisse Renter\u00eda Cervantes, Myrnha Gisel Mateos, Ana Karen Aguilar P\u00e9rez, Amaranta Viridiana Valga\u00f1on Salazar, Herma Elena Araujo Justo, Araceli Magdalena Olivos Portugal, Erika Carbajal Morales, Eugenia Mata, Nora Mart\u00ednez L\u00e1zaro, Armando de la Cruz, Blanca Estela Avenda\u00f1o Ram\u00edrez&nbsp;, Xochiquetzal Rodr\u00edguez Aguirre, Mercedes Arteaga Garc\u00eda, Jos\u00e9 Juan Juli\u00e1n Santiago, Miriam Ivonne Quintero Cort\u00e9s, Julieta Bautista Mendoza&nbsp;, Mirna Godinez Rasgado, Nelly Mart\u00ednez Echartea, Alma Patricia Ram\u00edrez Almanza, Yara Olivia Vergara Bustamante, Brenda Jazm\u00edn Ibarra Cervantes, Leticia Dom\u00ednguez Bautista, Noem\u00ed Agapito Confesor, Mar\u00eda Nela Cuautle Hern\u00e1ndez, Juliana Acevedo \u00c1vila, Abigail Vasconcelos Castellanos, Mar\u00eda del Rosario Mart\u00ednez Miguel, Bertha Maciel Garc\u00eda, Siria Yuritzi Oliva Ruiz, Dafne Estefan\u00eda G\u00f3mez G\u00f3mez, Nancy Salmer\u00f3n Vargas, Marcela Villalobos Andrade, Marcos Edgar Zavala Cruz, Ana Gabriela Mora Casian, Luis Alberto Mu\u00f1oz L\u00f3pez, Artemisa Cabrera Luque, as\u00ed como la activista Susana Ram\u00edrez Hern\u00e1ndez y organizaciones y colectivas<\/p>\n\n\n\n<p class=\"wp-block-paragraph\">SEM\/sj<\/p>\n","protected":false},"excerpt":{"rendered":"<p>* Lanzan iniciativa abogadas feministas, denuncian maltrato y discriminaci\u00f3n contra demandantes * Estereotipos y roles de g\u00e9nero imperan en el imagonario del personal de justicia civil y familiar Lorena Vaniezcot SemM\u00e9xico, Oaxaca, 17 de junio, 2021.- Discriminaci\u00f3n por ser mujeres, racismo, rega\u00f1os y sentencias a modo son algunos ejemplos del trato diferenciado que las demandantes [&hellip;]<\/p>\n","protected":false},"author":3,"featured_media":37048,"comment_status":"open","ping_status":"open","sticky":false,"template":"","format":"standard","meta":{"_monsterinsights_skip_tracking":false,"footnotes":""},"categories":[692,54],"tags":[],"class_list":["post-37047","post","type-post","status-publish","format-standard","has-post-thumbnail","category-692","category-mujeres"],"_links":{"self":[{"href":"https:\/\/redsemlac.com\/semmexico\/wp-json\/wp\/v2\/posts\/37047","targetHints":{"allow":["GET"]}}],"collection":[{"href":"https:\/\/redsemlac.com\/semmexico\/wp-json\/wp\/v2\/posts"}],"about":[{"href":"https:\/\/redsemlac.com\/semmexico\/wp-json\/wp\/v2\/types\/post"}],"author":[{"embeddable":true,"href":"https:\/\/redsemlac.com\/semmexico\/wp-json\/wp\/v2\/users\/3"}],"replies":[{"embeddable":true,"href":"https:\/\/redsemlac.com\/semmexico\/wp-json\/wp\/v2\/comments?post=37047"}],"version-history":[{"count":0,"href":"https:\/\/redsemlac.com\/semmexico\/wp-json\/wp\/v2\/posts\/37047\/revisions"}],"wp:featuredmedia":[{"embeddable":true,"href":"https:\/\/redsemlac.com\/semmexico\/wp-json\/wp\/v2\/media\/37048"}],"wp:attachment":[{"href":"https:\/\/redsemlac.com\/semmexico\/wp-json\/wp\/v2\/media?parent=37047"}],"wp:term":[{"taxonomy":"category","embeddable":true,"href":"https:\/\/redsemlac.com\/semmexico\/wp-json\/wp\/v2\/categories?post=37047"},{"taxonomy":"post_tag","embeddable":true,"href":"https:\/\/redsemlac.com\/semmexico\/wp-json\/wp\/v2\/tags?post=37047"}],"curies":[{"name":"wp","href":"https:\/\/api.w.org\/{rel}","templated":true}]}}