{"id":37037,"date":"2021-06-17T12:02:15","date_gmt":"2021-06-17T18:02:15","guid":{"rendered":"https:\/\/redsemlac.com\/semmexico\/?p=37037"},"modified":"2023-07-21T17:02:17","modified_gmt":"2023-07-21T22:02:17","slug":"vinculan-a-proceso-a-presunto-feminicida-de-margarita","status":"publish","type":"post","link":"https:\/\/redsemlac.com\/semmexico\/vinculan-a-proceso-a-presunto-feminicida-de-margarita\/","title":{"rendered":"Vinculan a proceso a presunto feminicida de Margarita"},"content":{"rendered":"\n<p class=\"wp-block-paragraph\">El&nbsp;&nbsp;7 de junio el sujeto de 80 a\u00f1os de edad la asesin\u00f3 con un arma de fuego&nbsp;<\/p>\n\n\n\n<p class=\"wp-block-paragraph\">Ignacio Garc\u00eda<\/p>\n\n\n\n<p class=\"wp-block-paragraph\">SemM\u00e9xico, Pachuca, Hidalgo, 17 de junio, 2021.- Una jueza de control de Pachuca vincul\u00f3 a proceso al presunto feminicida de Margarita \u201cN\u201d de 56 a\u00f1os de edad, quien fue asesinada por su ex pareja sentimental el pasado 7 de junio en el interior de su vivienda en la capital del estado.<\/p>\n\n\n\n<p class=\"wp-block-paragraph\">La juzgadora determin\u00f3 que hubo elementos suficientes para vincular a proceso al sujeto identificado como Salvador \u201cA\u201d, quien permanecer\u00e1 recluido en el Centro de Readaptaci\u00f3n Social (Cereso) de Pachuca en el que determin\u00f3 un periodo de seis meses para la investigaci\u00f3n complementaria.<\/p>\n\n\n\n<p class=\"wp-block-paragraph\">De acuerdo con la jueza, el Ministerio P\u00fablico recab\u00f3 las suficientes pruebas para que la ex pareja sentimental no sea procesada penalmente, por lo que permanecer\u00e1 en reclusi\u00f3n durante los siguientes meses, sin embargo, los familiares de la v\u00edctima manifestaron su temor de que posteriormente permanezca en libertad condicional.<\/p>\n\n\n\n<p class=\"wp-block-paragraph\">Los familiares de la v\u00edctima se\u00f1alaron que el acusado hab\u00eda presumido en varias ocasiones su v\u00ednculo con ex servidores p\u00fablicos de alto nivel, por lo que supuestamente ten\u00eda garantizada la inmunidad ante cualquier tipo de procedimiento en su contra.<\/p>\n\n\n\n<p class=\"wp-block-paragraph\">El pasado 7 de junio el sujeto de 80 a\u00f1os de edad asesin\u00f3 con un arma de fuego a Margarita, despu\u00e9s de presuntamente protagonizar una discusi\u00f3n interna, por lo que los familiares de la v\u00edctima denunciaron que previamente hab\u00eda recibido agresiones por parte de su ex pareja sentimental.<\/p>\n\n\n\n<p class=\"wp-block-paragraph\">Despu\u00e9s de manifestarse a las afueras de Palacio Nacional el lunes pasado, el gobernador del estado, Omar Fayad Meneses, asegur\u00f3 que solicit\u00f3 a la Procuradur\u00eda General de Justicia del Estado de Hidalgo (PGJEH) que realizara las indagatorias correspondientes.<\/p>\n\n\n\n<p class=\"wp-block-paragraph\">Los familiares de la v\u00edctima amagaron con volver a manifestarse a las afueras de los juzgados penales en caso de que el responsable no sea sentenciado con la pena m\u00e1xima, debido a que existieron todos los elementos para confirmar su autor\u00eda.<\/p>\n","protected":false},"excerpt":{"rendered":"<p>El&nbsp;&nbsp;7 de junio el sujeto de 80 a\u00f1os de edad la asesin\u00f3 con un arma de fuego&nbsp; Ignacio Garc\u00eda SemM\u00e9xico, Pachuca, Hidalgo, 17 de junio, 2021.- Una jueza de control de Pachuca vincul\u00f3 a proceso al presunto feminicida de Margarita \u201cN\u201d de 56 a\u00f1os de edad, quien fue asesinada por su ex pareja sentimental el [&hellip;]<\/p>\n","protected":false},"author":3,"featured_media":37038,"comment_status":"open","ping_status":"open","sticky":false,"template":"","format":"standard","meta":{"_monsterinsights_skip_tracking":false,"footnotes":""},"categories":[692,47],"tags":[],"class_list":["post-37037","post","type-post","status-publish","format-standard","has-post-thumbnail","category-692","category-no-mas-impunidad"],"_links":{"self":[{"href":"https:\/\/redsemlac.com\/semmexico\/wp-json\/wp\/v2\/posts\/37037","targetHints":{"allow":["GET"]}}],"collection":[{"href":"https:\/\/redsemlac.com\/semmexico\/wp-json\/wp\/v2\/posts"}],"about":[{"href":"https:\/\/redsemlac.com\/semmexico\/wp-json\/wp\/v2\/types\/post"}],"author":[{"embeddable":true,"href":"https:\/\/redsemlac.com\/semmexico\/wp-json\/wp\/v2\/users\/3"}],"replies":[{"embeddable":true,"href":"https:\/\/redsemlac.com\/semmexico\/wp-json\/wp\/v2\/comments?post=37037"}],"version-history":[{"count":0,"href":"https:\/\/redsemlac.com\/semmexico\/wp-json\/wp\/v2\/posts\/37037\/revisions"}],"wp:featuredmedia":[{"embeddable":true,"href":"https:\/\/redsemlac.com\/semmexico\/wp-json\/wp\/v2\/media\/37038"}],"wp:attachment":[{"href":"https:\/\/redsemlac.com\/semmexico\/wp-json\/wp\/v2\/media?parent=37037"}],"wp:term":[{"taxonomy":"category","embeddable":true,"href":"https:\/\/redsemlac.com\/semmexico\/wp-json\/wp\/v2\/categories?post=37037"},{"taxonomy":"post_tag","embeddable":true,"href":"https:\/\/redsemlac.com\/semmexico\/wp-json\/wp\/v2\/tags?post=37037"}],"curies":[{"name":"wp","href":"https:\/\/api.w.org\/{rel}","templated":true}]}}