{"id":37031,"date":"2021-06-17T11:57:45","date_gmt":"2021-06-17T17:57:45","guid":{"rendered":"https:\/\/redsemlac.com\/semmexico\/?p=37031"},"modified":"2023-07-21T17:02:18","modified_gmt":"2023-07-21T22:02:18","slug":"eliminan-pregunta-sobre-aborto-de-simulador-de-examen-de-admision-en-la-uabjo","status":"publish","type":"post","link":"https:\/\/redsemlac.com\/semmexico\/eliminan-pregunta-sobre-aborto-de-simulador-de-examen-de-admision-en-la-uabjo\/","title":{"rendered":"Eliminan pregunta sobre aborto de simulador de examen de admisi\u00f3n en la UABJO"},"content":{"rendered":"\n<p class=\"wp-block-paragraph\">* No corresponde con el trabajo realizado en materia de derechos sexuales y reproductivos explica titular de la DIEG<\/p>\n\n\n\n<p class=\"wp-block-paragraph\">* La pregunta suscit\u00f3 cuestionamientos de feministas en redes sociales&nbsp;<\/p>\n\n\n\n<p class=\"wp-block-paragraph\">Soledad Jarqu\u00edn Edgar<\/p>\n\n\n\n<p class=\"wp-block-paragraph\">SemM\u00e9xico, Oaxaca, 17 de junio, 2021.- En solo unas horas la Universidad Aut\u00f3noma Benito Ju\u00e1rez de Oaxaca elimin\u00f3 una pregunta relacionada con \u201cel aborto\u201d, propuesta en un simulador de la plataforma, previo al examen de ingreso a la instituci\u00f3n que se realizar\u00e1 en los pr\u00f3ximos d\u00edas.<\/p>\n\n\n\n<p class=\"wp-block-paragraph\">En entrevista telef\u00f3nica, la titular de la Direcci\u00f3n de Equidad y G\u00e9nero de la UABJO, Yamile G\u00f3mez Hern\u00e1ndez, dijo que la plataforma es una prueba previa, proporcionada por un proveedor, pero se pudo actuar de manera inmediata ante los cuestionamientos de organizaciones sociales en chats de WhatsApp y en cuentas de Facebook que se dieron cuenta tras la denuncia de algunas aspirantes.<\/p>\n\n\n\n<p class=\"wp-block-paragraph\">La pregunta explic\u00f3 es un ejemplo para el pr\u00f3ximo examen de admisi\u00f3n, pero est\u00e1 mal planteado, abund\u00f3 la titular de la Direcci\u00f3n de Equidad y G\u00e9nero de la UABJO y reconoce que no debi\u00f3 hacerse, pero argument\u00f3 que lo m\u00e1s importante es que ya fue eliminada aun cuando se trata de un simulador del tipo de preguntas que contendr\u00e1 el examen de autoevaluaci\u00f3n de nuevo ingreso a la Universidad y aclar\u00f3 que no era responsabilidad de su \u00e1rea.<\/p>\n\n\n\n<p class=\"wp-block-paragraph\">Se\u00f1al\u00f3 que desde la DIEG han impulsado en la UABJO un trabajo de sensibilizaci\u00f3n sobre los derechos sexuales y reproductivos de muy diversas maneras, de ah\u00ed que la pregunta no corresponde a la pol\u00edtica p\u00fablica que en esa materia se impulsa en la instituci\u00f3n.<\/p>\n\n\n\n<p class=\"wp-block-paragraph\">La pregunta era:<\/p>\n\n\n\n<p class=\"wp-block-paragraph\">El aborto es medida __________ y puede acarrear graves trastornos ______________<\/p>\n\n\n\n<p class=\"wp-block-paragraph\">Ante la pregunta se suger\u00edan cuatro respuestas:<\/p>\n\n\n\n<ol class=\"wp-block-list\" type=\"A\"><li>Peligrosa \u2013 Emocionales<\/li><li>Ben\u00e9fico \u2013 Digestivos&nbsp;<\/li><li>Preferible \u2013 Reum\u00e1ticos&nbsp;<\/li><li>Repulsiva \u2013 Monetarios&nbsp;<\/li><\/ol>\n\n\n\n<p class=\"wp-block-paragraph\">Ello desat\u00f3 una serie de cuestionamientos ante lo cual, explica G\u00f3mez Hern\u00e1ndez se actu\u00f3 de manera inmediata y se quit\u00f3 la pregunta que nos sorprendi\u00f3 y extra\u00f1\u00f3 dado el proceso de sensibilizaci\u00f3n y capacitaci\u00f3n, pero que nos qued\u00f3 claro no fue elaborado por personas de la universidad sino por un proveedor, de todas formas, estaremos atentas, puntualiz\u00f3 la funcionaria universitaria.<\/p>\n\n\n\n<p class=\"wp-block-paragraph\">SEM\/sj<\/p>\n","protected":false},"excerpt":{"rendered":"<p>* No corresponde con el trabajo realizado en materia de derechos sexuales y reproductivos explica titular de la DIEG * La pregunta suscit\u00f3 cuestionamientos de feministas en redes sociales&nbsp; Soledad Jarqu\u00edn Edgar SemM\u00e9xico, Oaxaca, 17 de junio, 2021.- En solo unas horas la Universidad Aut\u00f3noma Benito Ju\u00e1rez de Oaxaca elimin\u00f3 una pregunta relacionada con \u201cel [&hellip;]<\/p>\n","protected":false},"author":3,"featured_media":37032,"comment_status":"open","ping_status":"open","sticky":false,"template":"","format":"standard","meta":{"_monsterinsights_skip_tracking":false,"footnotes":""},"categories":[692,54],"tags":[],"class_list":["post-37031","post","type-post","status-publish","format-standard","has-post-thumbnail","category-692","category-mujeres"],"_links":{"self":[{"href":"https:\/\/redsemlac.com\/semmexico\/wp-json\/wp\/v2\/posts\/37031","targetHints":{"allow":["GET"]}}],"collection":[{"href":"https:\/\/redsemlac.com\/semmexico\/wp-json\/wp\/v2\/posts"}],"about":[{"href":"https:\/\/redsemlac.com\/semmexico\/wp-json\/wp\/v2\/types\/post"}],"author":[{"embeddable":true,"href":"https:\/\/redsemlac.com\/semmexico\/wp-json\/wp\/v2\/users\/3"}],"replies":[{"embeddable":true,"href":"https:\/\/redsemlac.com\/semmexico\/wp-json\/wp\/v2\/comments?post=37031"}],"version-history":[{"count":0,"href":"https:\/\/redsemlac.com\/semmexico\/wp-json\/wp\/v2\/posts\/37031\/revisions"}],"wp:featuredmedia":[{"embeddable":true,"href":"https:\/\/redsemlac.com\/semmexico\/wp-json\/wp\/v2\/media\/37032"}],"wp:attachment":[{"href":"https:\/\/redsemlac.com\/semmexico\/wp-json\/wp\/v2\/media?parent=37031"}],"wp:term":[{"taxonomy":"category","embeddable":true,"href":"https:\/\/redsemlac.com\/semmexico\/wp-json\/wp\/v2\/categories?post=37031"},{"taxonomy":"post_tag","embeddable":true,"href":"https:\/\/redsemlac.com\/semmexico\/wp-json\/wp\/v2\/tags?post=37031"}],"curies":[{"name":"wp","href":"https:\/\/api.w.org\/{rel}","templated":true}]}}