{"id":37028,"date":"2021-06-16T17:29:59","date_gmt":"2021-06-16T23:29:59","guid":{"rendered":"https:\/\/redsemlac.com\/semmexico\/?p=37028"},"modified":"2023-07-21T17:02:18","modified_gmt":"2023-07-21T22:02:18","slug":"victoria-electoral-de-las-mujeres-en-los-comicios-marcada-por-la-violencia-politica-de-genero","status":"publish","type":"post","link":"https:\/\/redsemlac.com\/semmexico\/victoria-electoral-de-las-mujeres-en-los-comicios-marcada-por-la-violencia-politica-de-genero\/","title":{"rendered":"Victoria electoral de las mujeres en los comicios, marcada por la violencia pol\u00edtica de g\u00e9nero"},"content":{"rendered":"\n<ul class=\"wp-block-list\"><li><strong>La violencia &nbsp;contin\u00faa al asumir el cargo: Observadores y Borde Pol\u00edtico<\/strong><\/li><li><strong>Proceso electoral empa\u00f1ado por las amenazar y los secuestros en l\u00ednea de g\u00e9nero, con pocas denuncia de las agresiones<\/strong><\/li><\/ul>\n\n\n\n<p class=\"wp-block-paragraph\"><strong>Elda Montiel<\/strong><\/p>\n\n\n\n<p class=\"wp-block-paragraph\">SemM\u00e9xico, Cd. de M\u00e9xico, 16 de junio 2021.- La gran participaci\u00f3n y victoria de las mujeres en el proceso electoral fue evidente, ya que por primera vez se eligieron 6 mujeres gobernadoras, pero tambi\u00e9n fue un proceso empa\u00f1ado por la violencia pol\u00edtica de g\u00e9nero desde feminicidios, amenazas, discursos discriminatorios y afectaci\u00f3n de propaganda, las cuales no se denuncian, expres\u00f3 Mariana Briones de la Asociaci\u00f3n Borde Pol\u00edtico.&nbsp;<\/p>\n\n\n\n<p class=\"wp-block-paragraph\">En el marco de la presentaci\u00f3n ante la prensa de las conclusiones de 10 asociaciones apoyadas por el Fondo de Apoyo a la Observaci\u00f3n Electoral 2021 (FAOE), administrado por el Centro de Asesor\u00eda y Promoci\u00f3n Electoral del Instituto Interamericano de Derechos Humanos (CAPEL-IIDH).<\/p>\n\n\n\n<p class=\"wp-block-paragraph\">Mariana Briones resalto la importancia de continuar el seguimiento ya que la violencia pol\u00edtica en raz\u00f3n de g\u00e9nero contin\u00faa cuando asumen el cargo para que lo dejen, y el principal problema son los casos que no se denuncian a los que calific\u00f3 de \u201ccifra negra\u201d, pues acabado el proceso les siguen llegando denuncias.<\/p>\n\n\n\n<p class=\"wp-block-paragraph\">Destac\u00f3 la implementaci\u00f3n del chatbot Ela Alerta para que las mujeres candidatas realizaran denuncias, que permiti\u00f3 el inici\u00f3 de 40 reportes de violencia pol\u00edtica en raz\u00f3n de g\u00e9nero a candidatas, de las cuales 26 concluyeron ante autoridades electorales, es decir un 65 por ciento.&nbsp; De las 5 denuncias penales iniciadas se concluyeron 3 casos.<\/p>\n\n\n\n<p class=\"wp-block-paragraph\">Mar\u00eda del Carmen Guti\u00e9rrez de la Fundaci\u00f3n Z\u00edcaro A.C. al promover una red de mujeres observadoras en zonas rurales para informar y capacitar a la ciudadan\u00eda sobre la importancia del voto libre e informado, logr\u00f3 identificar las dificultades que prevalecen en las zonas menos comunicadas del pa\u00eds y las presiones que existen hacia las mujeres.<\/p>\n\n\n\n<p class=\"wp-block-paragraph\">Entre sus hallazgos el d\u00eda de la votaci\u00f3n esta que funcionarios de casillas acompa\u00f1aban a las personas analfabetas, y que en las comunidades rurales se amenazaba a la poblaci\u00f3n con quitarlos de los programas sociales.<\/p>\n\n\n\n<p class=\"wp-block-paragraph\">Del colectivo Dinamismo Juvenil en voz de Edgar Eduardo Mart\u00ednez propone que sea requisito elaborar propuestas concretas para lograr registros como candidaturas; respetar la paridad de g\u00e9nero promoviendo mujeres con trayectoria social o pol\u00edtica propia comprobable.<\/p>\n\n\n\n<p class=\"wp-block-paragraph\">Destac\u00f3 que los partidos priorizaron a los hombres al nombrarlos para candidaturas propietarias y como suplentes a las mujeres.<\/p>\n\n\n\n<p class=\"wp-block-paragraph\">Tambi\u00e9n propusieron penalizar a los partidos pol\u00edticos que utilicen programas sociales y encontraron que se centran las campa\u00f1as en las ciudades m\u00e1s que en las comunidades, y que existe desinformaci\u00f3n de quienes son los candidatos y m\u00e1s de sus propuestas, pues la mayor\u00eda se centr\u00f3 en campa\u00f1as de desprestigio a sus adversarios.<\/p>\n\n\n\n<p class=\"wp-block-paragraph\">Reconocieron que a pesar de ser elecciones intermedias tuvieron una afluencia del 52. 67 por ciento a pesar del contexto de pandemia y violencia.<\/p>\n\n\n\n<h3 class=\"wp-block-heading\"><strong>J\u00f3venes reconocen importancia del voto, lamentan que los partidos los ignoren<\/strong><\/h3>\n\n\n\n<p class=\"wp-block-paragraph\">Servicios a la Juventud A.C. enfoc\u00f3 su observaci\u00f3n en los j\u00f3venes, lo que le permiti\u00f3 conocer que m\u00e1s del 45 por ciento de esta poblaci\u00f3n reconoce la importancia del voto para tener un mejor gobierno y considera que la democracia es preferible a cualquier otra forma de gobierno.&nbsp;<\/p>\n\n\n\n<p class=\"wp-block-paragraph\">La organizaci\u00f3n enfatiz\u00f3 la importancia de atender a este sector de la sociedad considerando que representa a uno de cada tres ciudadanos llamados a las urnas el 6 de junio y el evidente sentimiento que prevalece en ellos de ser ignorados por los partidos pol\u00edticos en la toma de decisiones.&nbsp;<\/p>\n\n\n\n<h3 class=\"wp-block-heading\"><strong>Candidatos sin propuestas para la poblaci\u00f3n con discapacidad<\/strong><\/h3>\n\n\n\n<p class=\"wp-block-paragraph\">Entre las conclusiones de la asociaci\u00f3n Los Dos Mexicos, se encontr\u00f3 que la poblaci\u00f3n con alguna discapacidad no estuvo en el centro de las propuestas de los candidatos que participaron en la contienda, adem\u00e1s de que la falta de informaci\u00f3n sobre los derechos y acciones afirmativas que se implementaron para este proceso no eran conocidas.&nbsp;<\/p>\n\n\n\n<p class=\"wp-block-paragraph\">De las 72 candidaturas a diputaciones federales que se postularon bajo esta acci\u00f3n afirmativa, s\u00f3lo cuatro resultaron electas y siete m\u00e1s habr\u00e1n de llegar al Congreso como plurinominales lo que, a pesar de ser un avance, sigue sin ser representativo de esta poblaci\u00f3n.&nbsp;<\/p>\n\n\n\n<p class=\"wp-block-paragraph\">Por lo que las autoridades electorales deben regular los criterios y perfiles de las candidaturas de las personas con discapacidad para que realmente sean representativas las o los diputados que lleguen al Congreso,<\/p>\n\n\n\n<p class=\"wp-block-paragraph\">En opini\u00f3n de Gabriel Funes de Sociedad en Movimiento, A.C. concluy\u00f3 que durante la Jornada Electoral se garantizaron los protocolos de inclusi\u00f3n y participaci\u00f3n de las personas con alguna discapacidad como funcionarios de casilla, no con la profundidad que se requiere, pero la hubo, por lo que consider\u00f3 que a\u00fan quedan \u00e1reas de oportunidad sobre todo en su participaci\u00f3n para emitir su voto.&nbsp;<\/p>\n\n\n\n<p class=\"wp-block-paragraph\">Autoridades y organismos electorales deber\u00e1n implementar de manera eficaz las acciones afirmativas, tanto en los partidos pol\u00edticos como en las medidas que impidan pr\u00e1cticas fraudulentas de simulaci\u00f3n y suplantaci\u00f3n de autoadscripciones ind\u00edgenas, Cecilia Paz de Eco ciudadan\u00eda del Futuro (Ecocifo).<\/p>\n\n\n\n<p class=\"wp-block-paragraph\">Sera necesario que se reconozcan tambi\u00e9n las figuras de legisladores migrantes tanto en la C\u00e1maras de Diputados como en la de Senadores Daniel Tatcher de iniciativa PCD Iniciativa Ciudadana para la promoci\u00f3n de la cultura del dialogo A.C.<\/p>\n\n\n\n<p class=\"wp-block-paragraph\">De acuerdo a Documenta, como resultado de la primera prueba piloto para que ejerzan su voto las personas privadas de su libertad en prisi\u00f3n preventiva se logr\u00f3 que 898 personas ejercieran su voto, es decir, el 95 por ciento de participaci\u00f3n con respecto a la propia lista nominal. Chihuahua, Estado de M\u00e9xico, Sonora y Veracruz son los que tuvieron mayor participaci\u00f3n<\/p>\n\n\n\n<p class=\"wp-block-paragraph\">Cabe recordar que es la prueba piloto se realiz\u00f3 en cinco centros penitenciarios ante la necesidad de mejorar el modelo de cara a los comicios de 2024 en donde se deber\u00e1 garantizar este derecho plenamente.<\/p>\n\n\n\n<h3 class=\"wp-block-heading\"><strong>Inter\u00e9s de los connacionales en el extranjero en los comicios<\/strong><\/h3>\n\n\n\n<p class=\"wp-block-paragraph\">Iniciativa Ciudadana para la Promoci\u00f3n de la Cultura del Di\u00e1logo A.C. orient\u00f3 su observaci\u00f3n a la medida afirmativa enfocada a la integraci\u00f3n de los mexicanos residentes en el extranjero en las candidaturas, en donde se pudo apreciar la simulaci\u00f3n en el cumplimiento de las cuotas y la necesidad de contar con un registro de electores permanentes que permita una participaci\u00f3n m\u00e1s amplia.&nbsp;<\/p>\n\n\n\n<p class=\"wp-block-paragraph\">Por su parte, la asociaci\u00f3n Ollin, J\u00f3venes en Movimiento, A.C. impuls\u00f3 el proyecto embajadores de la democracia para que los propios connacionales que viven fuera del pa\u00eds puedan ser observadores y comprobar que en M\u00e9xico el fraude electoral est\u00e1 pr\u00e1cticamente erradicado.<\/p>\n\n\n\n<p class=\"wp-block-paragraph\">Derivado de este trabajo, la asociaci\u00f3n logr\u00f3 confirmar el inter\u00e9s de los connacionales de participar a pesar de las dificultades que reportan principalmente para obtener su credencial y registrarse para votar.&nbsp;<\/p>\n\n\n\n<p class=\"wp-block-paragraph\">H\u00e9ctor D\u00edaz Santana, Presidente del Comit\u00e9 T\u00e9cnico de Evaluaci\u00f3n del FAOE, destac\u00f3 la importancia de la observaci\u00f3n electoral para conocer la historia del desempe\u00f1o pol\u00edtico, social e institucional durante los comicios de este a\u00f1o.&nbsp;<\/p>\n\n\n\n<p class=\"wp-block-paragraph\">En este sentido reiter\u00f3 el compromiso de CAPEL para que las conclusiones que presenten estas 10 primeras organizaciones sean sistematizadas con el objetivo de contribuir a la mejora de la institucionalidad electoral.&nbsp;<\/p>\n\n\n\n<p class=\"wp-block-paragraph\">Ante los medios de comunicaci\u00f3n, cada una de las asociaciones de observaci\u00f3n electoral presentaron sus respectivos hallazgos, los cuales se prev\u00e9 sean entregados durante los pr\u00f3ximos d\u00edas al Instituto Nacional Electoral (INE).&nbsp;<\/p>\n","protected":false},"excerpt":{"rendered":"<p>La violencia  contin\u00faa al asumir el cargo: Observadores y Borde Pol\u00edtico<\/p>\n","protected":false},"author":3,"featured_media":37029,"comment_status":"open","ping_status":"open","sticky":false,"template":"","format":"standard","meta":{"_monsterinsights_skip_tracking":false,"footnotes":""},"categories":[692,141],"tags":[],"class_list":["post-37028","post","type-post","status-publish","format-standard","has-post-thumbnail","category-692","category-elecciones-2020-2021"],"_links":{"self":[{"href":"https:\/\/redsemlac.com\/semmexico\/wp-json\/wp\/v2\/posts\/37028","targetHints":{"allow":["GET"]}}],"collection":[{"href":"https:\/\/redsemlac.com\/semmexico\/wp-json\/wp\/v2\/posts"}],"about":[{"href":"https:\/\/redsemlac.com\/semmexico\/wp-json\/wp\/v2\/types\/post"}],"author":[{"embeddable":true,"href":"https:\/\/redsemlac.com\/semmexico\/wp-json\/wp\/v2\/users\/3"}],"replies":[{"embeddable":true,"href":"https:\/\/redsemlac.com\/semmexico\/wp-json\/wp\/v2\/comments?post=37028"}],"version-history":[{"count":0,"href":"https:\/\/redsemlac.com\/semmexico\/wp-json\/wp\/v2\/posts\/37028\/revisions"}],"wp:featuredmedia":[{"embeddable":true,"href":"https:\/\/redsemlac.com\/semmexico\/wp-json\/wp\/v2\/media\/37029"}],"wp:attachment":[{"href":"https:\/\/redsemlac.com\/semmexico\/wp-json\/wp\/v2\/media?parent=37028"}],"wp:term":[{"taxonomy":"category","embeddable":true,"href":"https:\/\/redsemlac.com\/semmexico\/wp-json\/wp\/v2\/categories?post=37028"},{"taxonomy":"post_tag","embeddable":true,"href":"https:\/\/redsemlac.com\/semmexico\/wp-json\/wp\/v2\/tags?post=37028"}],"curies":[{"name":"wp","href":"https:\/\/api.w.org\/{rel}","templated":true}]}}