{"id":36975,"date":"2021-06-15T08:48:01","date_gmt":"2021-06-15T14:48:01","guid":{"rendered":"https:\/\/redsemlac.com\/semmexico\/?p=36975"},"modified":"2023-07-21T17:02:20","modified_gmt":"2023-07-21T22:02:20","slug":"la-mujer-mas-longeva-121-anos","status":"publish","type":"post","link":"https:\/\/redsemlac.com\/semmexico\/la-mujer-mas-longeva-121-anos\/","title":{"rendered":"La mujer m\u00e1s longeva, 121 a\u00f1os"},"content":{"rendered":"\n<p class=\"wp-block-paragraph\"><strong>&nbsp;Arturo R\u00edos Ruiz \/ LATITUD MEGAL\u00d3POLIS<\/strong><\/p>\n\n\n\n<p class=\"wp-block-paragraph\">SemM\u00e9xico\/Ceprovysa. 15 de junio 2021.- Mar\u00eda Antonia tiene casi 121 a\u00f1os y es la mujer m\u00e1s longeva de M\u00e9xico: perdi\u00f3 a sus padres en una epidemia; hoy ella se hace famosa por recibir la vacuna de Covid.<\/p>\n\n\n\n<p class=\"wp-block-paragraph\">Esta bisabuela es una sobreviviente, naci\u00f3, un 13 de junio, d\u00eda de San Antonio de Padua, ayer fue su cumplea\u00f1os, nuestro pa\u00eds ten\u00eda solo 28 entidades federativas y una poblaci\u00f3n de 13.6 millones de habitantes. Ahora somos 10 veces m\u00e1s.<\/p>\n\n\n\n<p class=\"wp-block-paragraph\">Ha visto pasar a 29 presidentes de M\u00e9xico, desde Porfirio D\u00edaz, hasta Andr\u00e9s Manuel L\u00f3pez Obrador. Y desde su nacimiento, 11 Papas han ocupado el trono de San Pedro en el Vaticano.<\/p>\n\n\n\n<p class=\"wp-block-paragraph\">Mar\u00eda Antonia fue registrada sin apellidos. Pero en su acta de nacimiento consta que naci\u00f3 en 1900, en la localidad de Amoxoyahuatl, en Plat\u00f3n S\u00e1nchez, un municipio enclavado en la Huasteca Alta de Veracruz, en los l\u00edmites con Hidalgo y San Luis Potos\u00ed.<\/p>\n\n\n\n<p class=\"wp-block-paragraph\">Qued\u00f3 hu\u00e9rfana desde muy peque\u00f1a, por lo que nunca aprendi\u00f3 a leer ni escribir. Pero recuerda un poco sobre los a\u00f1os de la Revoluci\u00f3n Mexicana: \u201cTen\u00edamos miedo de quedarnos en la casa, los soldados se enfrentaban con otras personas, hab\u00eda balazos, ten\u00edan miedo\u201d, narra en n\u00e1huatl, su lengua originaria.<\/p>\n\n\n\n<p class=\"wp-block-paragraph\">Se cas\u00f3 cuando todav\u00eda era menor de edad; fruto de su matrimonio nacieron siete hijos, pero enviud\u00f3 muy joven. Desde entonces trabaj\u00f3 duro para sacar adelante a su familia. Ahora le sobreviven tres hijos varones y tiene una descendencia de 44 nietos y 130 bisnietos.<\/p>\n\n\n\n<p class=\"wp-block-paragraph\">FUENTE: Carlos Soto Portal TV Azteca<\/p>\n","protected":false},"excerpt":{"rendered":"<p>Mar\u00eda Antonia tiene casi 121 a\u00f1os y es la mujer m\u00e1s longeva de M\u00e9xico: perdi\u00f3 a sus padres en una epidemia; hoy ella se hace famosa por recibir la vacuna de Covid.<\/p>\n","protected":false},"author":3,"featured_media":36976,"comment_status":"open","ping_status":"open","sticky":false,"template":"","format":"standard","meta":{"_monsterinsights_skip_tracking":false,"footnotes":""},"categories":[692,54],"tags":[],"class_list":["post-36975","post","type-post","status-publish","format-standard","has-post-thumbnail","category-692","category-mujeres"],"_links":{"self":[{"href":"https:\/\/redsemlac.com\/semmexico\/wp-json\/wp\/v2\/posts\/36975","targetHints":{"allow":["GET"]}}],"collection":[{"href":"https:\/\/redsemlac.com\/semmexico\/wp-json\/wp\/v2\/posts"}],"about":[{"href":"https:\/\/redsemlac.com\/semmexico\/wp-json\/wp\/v2\/types\/post"}],"author":[{"embeddable":true,"href":"https:\/\/redsemlac.com\/semmexico\/wp-json\/wp\/v2\/users\/3"}],"replies":[{"embeddable":true,"href":"https:\/\/redsemlac.com\/semmexico\/wp-json\/wp\/v2\/comments?post=36975"}],"version-history":[{"count":0,"href":"https:\/\/redsemlac.com\/semmexico\/wp-json\/wp\/v2\/posts\/36975\/revisions"}],"wp:featuredmedia":[{"embeddable":true,"href":"https:\/\/redsemlac.com\/semmexico\/wp-json\/wp\/v2\/media\/36976"}],"wp:attachment":[{"href":"https:\/\/redsemlac.com\/semmexico\/wp-json\/wp\/v2\/media?parent=36975"}],"wp:term":[{"taxonomy":"category","embeddable":true,"href":"https:\/\/redsemlac.com\/semmexico\/wp-json\/wp\/v2\/categories?post=36975"},{"taxonomy":"post_tag","embeddable":true,"href":"https:\/\/redsemlac.com\/semmexico\/wp-json\/wp\/v2\/tags?post=36975"}],"curies":[{"name":"wp","href":"https:\/\/api.w.org\/{rel}","templated":true}]}}