{"id":36972,"date":"2021-06-15T08:29:20","date_gmt":"2021-06-15T14:29:20","guid":{"rendered":"https:\/\/redsemlac.com\/semmexico\/?p=36972"},"modified":"2023-07-21T17:02:20","modified_gmt":"2023-07-21T22:02:20","slug":"paridad-de-genero-en-lxiii-legislatura","status":"publish","type":"post","link":"https:\/\/redsemlac.com\/semmexico\/paridad-de-genero-en-lxiii-legislatura\/","title":{"rendered":"Paridad de g\u00e9nero en LXIII Legislatura"},"content":{"rendered":"\n<p class=\"wp-block-paragraph\"><strong>Redacci\u00f3n Agencia CEPROVYSA.COM<\/strong><\/p>\n\n\n\n<p class=\"wp-block-paragraph\">SemM\u00e9xico\/Ceprovysa. Chilpancingo, Guerrero. 15 de junio 2021.- Est\u00e1 es la primera vez en la historia de Guerrero que el Congreso Local tiene paridad de g\u00e9nero con 23 Diputadas Mujeres y 23 Diputados Varones.<\/p>\n\n\n\n<p class=\"wp-block-paragraph\">La LXIII Legislatura Local alcanza \u00e9sta hist\u00f3rica representaci\u00f3n con una representaci\u00f3n alcanzada en urnas de 9 mujeres y 16 varones y por la asignaci\u00f3n de Plurinominales 14 son mujeres y 4 varones.<\/p>\n\n\n\n<p class=\"wp-block-paragraph\">La que ser\u00e1 la fracci\u00f3n parlamentaria de Morena estar\u00e1 integrada por paridad con 11 representantes para mujeres y 11 para varones, es decir, al 50%.<\/p>\n\n\n\n<p class=\"wp-block-paragraph\">La fracci\u00f3n parlamentaria del PRI tendr\u00e1 7 curules para varones y 4 para mujeres.<\/p>\n\n\n\n<p class=\"wp-block-paragraph\">El PRD contar\u00e1 con 5 espacios para mujeres y 4 para varones.<\/p>\n\n\n\n<p class=\"wp-block-paragraph\">El PAN contar\u00e1 con 1 mujer<\/p>\n\n\n\n<p class=\"wp-block-paragraph\">El PT tendr\u00e1 una mujer como representante<\/p>\n\n\n\n<p class=\"wp-block-paragraph\">El PVEM contar\u00e1 con dos legisladores, Una de ellas es mujer.<\/p>\n\n\n\n<p class=\"wp-block-paragraph\">De acuerdo a \u00e9stos resultados, MORENA con 22 diputaciones ser\u00e1 la primer fuerza pol\u00edtica de la pr\u00f3xima legislatura Local; con 11 representantes el PRI ser\u00e1 la segunda fuerza; PRD con 9 diputaciones, el PVEM tendr\u00e1 dos espacios, el PAN y el PT uno cada cual.<\/p>\n\n\n\n<p class=\"wp-block-paragraph\">Por fuerza pol\u00edtica significar\u00e1 que MORENA y sus aliados el PVEM y el PT tendr\u00e1n 25 curules, y como oposici\u00f3n podr\u00edan estar el PRI, el PRD y el PAN, con 21 esca\u00f1os.<\/p>\n","protected":false},"excerpt":{"rendered":"<p>Est\u00e1 es la primera vez en la historia de Guerrero que el Congreso Local tiene paridad de g\u00e9nero con 23 Diputadas Mujeres y 23 Diputados Varones.<\/p>\n","protected":false},"author":3,"featured_media":36973,"comment_status":"open","ping_status":"open","sticky":false,"template":"","format":"standard","meta":{"_monsterinsights_skip_tracking":false,"footnotes":""},"categories":[692,141],"tags":[],"class_list":["post-36972","post","type-post","status-publish","format-standard","has-post-thumbnail","category-692","category-elecciones-2020-2021"],"_links":{"self":[{"href":"https:\/\/redsemlac.com\/semmexico\/wp-json\/wp\/v2\/posts\/36972","targetHints":{"allow":["GET"]}}],"collection":[{"href":"https:\/\/redsemlac.com\/semmexico\/wp-json\/wp\/v2\/posts"}],"about":[{"href":"https:\/\/redsemlac.com\/semmexico\/wp-json\/wp\/v2\/types\/post"}],"author":[{"embeddable":true,"href":"https:\/\/redsemlac.com\/semmexico\/wp-json\/wp\/v2\/users\/3"}],"replies":[{"embeddable":true,"href":"https:\/\/redsemlac.com\/semmexico\/wp-json\/wp\/v2\/comments?post=36972"}],"version-history":[{"count":0,"href":"https:\/\/redsemlac.com\/semmexico\/wp-json\/wp\/v2\/posts\/36972\/revisions"}],"wp:featuredmedia":[{"embeddable":true,"href":"https:\/\/redsemlac.com\/semmexico\/wp-json\/wp\/v2\/media\/36973"}],"wp:attachment":[{"href":"https:\/\/redsemlac.com\/semmexico\/wp-json\/wp\/v2\/media?parent=36972"}],"wp:term":[{"taxonomy":"category","embeddable":true,"href":"https:\/\/redsemlac.com\/semmexico\/wp-json\/wp\/v2\/categories?post=36972"},{"taxonomy":"post_tag","embeddable":true,"href":"https:\/\/redsemlac.com\/semmexico\/wp-json\/wp\/v2\/tags?post=36972"}],"curies":[{"name":"wp","href":"https:\/\/api.w.org\/{rel}","templated":true}]}}