{"id":36962,"date":"2021-06-14T16:28:42","date_gmt":"2021-06-14T22:28:42","guid":{"rendered":"https:\/\/redsemlac.com\/semmexico\/?p=36962"},"modified":"2023-07-21T17:02:20","modified_gmt":"2023-07-21T22:02:20","slug":"marcha-en-bacalar-por-justicia-para-feminicidio-de-yuridiana-ocurrido-este-sabado-en-bacalar-marea-verde-quintana-roo","status":"publish","type":"post","link":"https:\/\/redsemlac.com\/semmexico\/marcha-en-bacalar-por-justicia-para-feminicidio-de-yuridiana-ocurrido-este-sabado-en-bacalar-marea-verde-quintana-roo\/","title":{"rendered":"Marcha en Bacalar por justicia para feminicidio de Yuridiana ocurrido este s\u00e1bado en Bacalar: Marea Verde Quintana Roo"},"content":{"rendered":"\n<p class=\"wp-block-paragraph\"><strong>Elda Montiel<\/strong><\/p>\n\n\n\n<p class=\"wp-block-paragraph\">SemM\u00e9xico, Cd. de M\u00e9xico, 14 de junio 2021.- Este lunes las integrantes de Marea Verde Quintana Roo se manifestaron frente a las oficinas de la Fiscal\u00eda del Ministerio P\u00fablico de Bacalar, de la Fiscal\u00eda General del Estado en demanda de Justicia para las hermanas asesinadas y resaltan que es un estado con Declaratoria de Alerta de Violencia de G\u00e9nero desde el 7 de julio del 2017.<\/p>\n\n\n\n<p class=\"wp-block-paragraph\">Esta marcha fue convocada por redes sociales, ya que el s\u00e1bado 12 de junio fue localizado el cuerpo de una mujer en la comunidad de Buenavista a la altura del Kil\u00f3metro 35+300 de la carretera Bacalar-Felipe Carrillo Puerto.<\/p>\n\n\n\n<p class=\"wp-block-paragraph\">El domingo por la noche la Fiscal\u00eda General del Estado estableci\u00f3 que la muerte de Yuridiana fue provocada a golpes, se descart\u00f3 que se encontrara en estado de gestaci\u00f3n y se inform\u00f3 que ya se encontraban investigando el caso que fue catalogado como feminicidio, seg\u00fan informaron medios locales. Tambi\u00e9n destacaron que es la primera vez que se realiza una manifestaci\u00f3n de este tipo en el municipio.<\/p>\n\n\n\n<p class=\"wp-block-paragraph\">En las redes sociales de Marea Verde convocaron para este lunes a reunirse para exigir justicia por Yuridiana.<\/p>\n\n\n\n<p class=\"wp-block-paragraph\">Demandan justicia; respuesta inmediata ante sospechas fundadas de violencia de g\u00e9nero contra las mujeres, y personal capacitado en perspectiva de g\u00e9nero y Derechos Humanos, para evitar la criminalizaci\u00f3n y revictimizaci\u00f3n de las mujeres que se atreven a buscar justicia legal.<\/p>\n\n\n\n<p class=\"wp-block-paragraph\">Se\u00f1alan que las autoridades est\u00e1n incurriendo en negligencia \u201chaciendo que hacen y como si no pasa nada\u201d, lo que transmite a la sociedad que las mujeres son desechables, que cualquier persona puede violentarnos, violarnos, matarnos y tirarnos como si fu\u00e9ramos basura\u201d.<\/p>\n\n\n\n<p class=\"wp-block-paragraph\">Promueven los hastags:<\/p>\n\n\n\n<p class=\"wp-block-paragraph\">#ElParaisoHueleaSangre; #AccionesNoSimulaciones, y #MareaVerdeQuintanaRoo<\/p>\n","protected":false},"excerpt":{"rendered":"<p>Este lunes las integrantes de Marea Verde Quintana Roo se manifestaron frente a las oficinas de la Fiscal\u00eda del Ministerio P\u00fablico de Bacalar, de la Fiscal\u00eda General del Estado en demanda de Justicia para las hermanas asesinadas.<\/p>\n","protected":false},"author":3,"featured_media":36963,"comment_status":"open","ping_status":"open","sticky":false,"template":"","format":"standard","meta":{"_monsterinsights_skip_tracking":false,"footnotes":""},"categories":[692,47,48],"tags":[],"class_list":["post-36962","post","type-post","status-publish","format-standard","has-post-thumbnail","category-692","category-no-mas-impunidad","category-no-mas-impunidad-no-mas-impunidad"],"_links":{"self":[{"href":"https:\/\/redsemlac.com\/semmexico\/wp-json\/wp\/v2\/posts\/36962","targetHints":{"allow":["GET"]}}],"collection":[{"href":"https:\/\/redsemlac.com\/semmexico\/wp-json\/wp\/v2\/posts"}],"about":[{"href":"https:\/\/redsemlac.com\/semmexico\/wp-json\/wp\/v2\/types\/post"}],"author":[{"embeddable":true,"href":"https:\/\/redsemlac.com\/semmexico\/wp-json\/wp\/v2\/users\/3"}],"replies":[{"embeddable":true,"href":"https:\/\/redsemlac.com\/semmexico\/wp-json\/wp\/v2\/comments?post=36962"}],"version-history":[{"count":0,"href":"https:\/\/redsemlac.com\/semmexico\/wp-json\/wp\/v2\/posts\/36962\/revisions"}],"wp:featuredmedia":[{"embeddable":true,"href":"https:\/\/redsemlac.com\/semmexico\/wp-json\/wp\/v2\/media\/36963"}],"wp:attachment":[{"href":"https:\/\/redsemlac.com\/semmexico\/wp-json\/wp\/v2\/media?parent=36962"}],"wp:term":[{"taxonomy":"category","embeddable":true,"href":"https:\/\/redsemlac.com\/semmexico\/wp-json\/wp\/v2\/categories?post=36962"},{"taxonomy":"post_tag","embeddable":true,"href":"https:\/\/redsemlac.com\/semmexico\/wp-json\/wp\/v2\/tags?post=36962"}],"curies":[{"name":"wp","href":"https:\/\/api.w.org\/{rel}","templated":true}]}}