{"id":36957,"date":"2021-06-14T14:17:08","date_gmt":"2021-06-14T20:17:08","guid":{"rendered":"https:\/\/redsemlac.com\/semmexico\/?p=36957"},"modified":"2023-07-21T17:02:20","modified_gmt":"2023-07-21T22:02:20","slug":"manana-juntas-las-escritoras-rosa-nissan-y-elena-poniatowska-rupturistas-y-apasionadas","status":"publish","type":"post","link":"https:\/\/redsemlac.com\/semmexico\/manana-juntas-las-escritoras-rosa-nissan-y-elena-poniatowska-rupturistas-y-apasionadas\/","title":{"rendered":"Ma\u00f1ana juntas las escritoras Rosa Niss\u00e1n y Elena Poniatowska, rupturistas y apasionadas"},"content":{"rendered":"\n<ul class=\"wp-block-list\"><li><strong>La autora de Novia que te Vea recibir\u00e1 homenaje virtual por su amplia trayectoria literaria<\/strong><\/li><li><strong>Este martes 15 de junio a las &nbsp;cinco de la tarde &nbsp;por Facebook&nbsp;<\/strong><strong><\/strong><\/li><\/ul>\n\n\n\n<p class=\"wp-block-paragraph\"><strong>Libertad L\u00f3pez<\/strong><strong><\/strong><\/p>\n\n\n\n<p class=\"wp-block-paragraph\">SemM\u00e9xico, Cd. de M\u00e9xico, 14 de junio, 2021.- Entregada al mundo de las letras desde los a\u00f1os setenta y autora de novelas ic\u00f3nicas, como <em>Novia que te vea<\/em>&nbsp;(1992), &nbsp;llevada a la pantalla grande, la escritora Rosa Niss\u00e1n recibir\u00e1 un homenaje virtual por su amplia trayectoria y para celebrar su natalicio este 15 de junio a las &nbsp;5 de la tarde.<\/p>\n\n\n\n<p class=\"wp-block-paragraph\">Muy merecido homenaje a la tambi\u00e9n promotora para que las mujeres escriban su biograf\u00eda, ha llenado sus letras de la vida de las mujeres en su mundo jud\u00edo.<\/p>\n\n\n\n<p class=\"wp-block-paragraph\">El homenaje se trasmitir\u00e1 a trav\u00e9s de CNL en Facebook (\/<a href=\"http:\/\/coordinacion.literatura.mx\/\" target=\"_blank\" rel=\"noreferrer noopener\">coordinacion.literatura.mx<\/a>) y Twitter (@literaturainba y fue organizado por &nbsp;la Secretar\u00eda de Cultura del Gobierno de M\u00e9xico y el Instituto Nacional de Bellas Artes y Literatura (INBAL), a trav\u00e9s de la Coordinaci\u00f3n Nacional de Literatura (CNL).&nbsp;<\/p>\n\n\n\n<p class=\"wp-block-paragraph\">Rosa, \u201cRosita\u201d, como la llaman sus amigas y en &nbsp;el c\u00edrculo literario, naci\u00f3 en la Ciudad de M\u00e9xico. Estudi\u00f3 periodismo en la Universidad Femenina de M\u00e9xico. En los a\u00f1os setenta ingres\u00f3 a un taller de literatura impartido por Elena Poniatowska, lo que dio un giro en todos los aspectos de su vida, y contribuy\u00f3 a que surgiera o resurgiera la mujer que se liber\u00f3 de convencionalismos de la \u00e9poca y de su origen sefardita para convertirse en una escritora libre de ataduras.&nbsp;<\/p>\n\n\n\n<p class=\"wp-block-paragraph\">Es autora de&nbsp;<em>Novia que te vea<\/em>&nbsp;(1992), obra que se llev\u00f3 al cine, y de la que escribi\u00f3 el guion junto con Hugo Hiriart;&nbsp;<em>Hisho que te nazca<\/em>&nbsp;(1996),&nbsp;<em>No s\u00f3lo para dormir es la noche<\/em>&nbsp;(1999),&nbsp;<em>Like a bride \u2013 Like a mother<\/em>&nbsp;(2000),&nbsp;<em>Los viajes de mi cuerpo<\/em>&nbsp;(2003), la trilog\u00eda&nbsp;<em>Tres viajes de una mujer: a los 50, 60 y 70 a\u00f1os&nbsp;<\/em>(2017);&nbsp;<em>Me viene un modo de tristeza<\/em>&nbsp;(2019), prologado por Elena Poniatowska, y su obra m\u00e1s reciente&nbsp;<em>\u00bfCu\u00e1ntas rosas hay en un rosal?<\/em>&nbsp;(2019), de car\u00e1cter autobiogr\u00e1fico.&nbsp;<\/p>\n\n\n\n<p class=\"wp-block-paragraph\">Desde hace m\u00e1s de dos d\u00e9cadas ha sido una incansable tallerista de novela familiar y de autobiograf\u00eda novelada en m\u00faltiples espacios culturales. En 1997 imparti\u00f3 cursos en la Facultad de Estudios Superiores Acatl\u00e1n (UNAM) y, posteriormente, dio clases en la Casa del Lago, la Universidad del Claustro de Sor Juana y la Casa Refugio Citlalt\u00e9petl, tambi\u00e9n ha coordinado talleres en la Casa Universitaria del Libro, el Centro de Creaci\u00f3n Literaria&nbsp;<em>Xavier Villaurrutia<\/em>&nbsp;del INBAL, la librer\u00eda El P\u00e9ndulo y la Universidad Pedag\u00f3gica, entre otras instituciones.&nbsp;En 1994 recibi\u00f3 el Premio&nbsp;<em>Ariel Le\u00f3n Dultzin<\/em>&nbsp;de la Asociaci\u00f3n de Periodistas y Escritores Israelitas en M\u00e9xico.&nbsp;<\/p>\n\n\n\n<p class=\"wp-block-paragraph\">En este homenaje virtual a Rosa Niss\u00e1n (15 de junio de 1939), a trav\u00e9s del&nbsp;Facebook de la CNL (@coordinacion.literatura.mx), la subdirectora general de Bellas Artes, Laura Ram\u00edrez Rasgado,&nbsp; hablar\u00e1 acerca de las vivencias a las que se enfrent\u00f3 la escritora en los inicios de su trayectoria.<\/p>\n\n\n\n<p class=\"wp-block-paragraph\">Acompa\u00f1ar\u00e1 a la autora de&nbsp;<em>Las tierras prometidas&nbsp;<\/em>(1997), su primera maestra en literatura, Elena Poniatowska, quien rememorar\u00e1 a quien fue su alumna favorita desde el momento en que la conoci\u00f3 en los a\u00f1os setenta y quien rompi\u00f3 con las fronteras tradicionales sobre ser mujer. La historiadora Carmen Gait\u00e1n compartir\u00e1 sus experiencias cotidianas y cercanas junto a la homenajeada, en el amplio universo en el que todav\u00eda hoy resalta la escritora que, a sus 82 a\u00f1os, contin\u00faa entregada a las letras y a la vida.&nbsp;<\/p>\n\n\n\n<p class=\"wp-block-paragraph\">Redes sociales: CNL en Facebook (\/<a href=\"http:\/\/coordinacion.literatura.mx\/\" target=\"_blank\" rel=\"noreferrer noopener\">coordinacion.literatura.mx<\/a>) y Twitter (@literaturainba). INBAL en Instagram (@INBAMX), Facebook (\/INBAmx) y Twitter (@bellasartesinba).&nbsp;Secretar\u00eda de Cultura en Twitter (@cultura_mx), Facebook (\/SecretariaCulturaMX) e Instagram (@culturamx).&nbsp;<\/p>\n","protected":false},"excerpt":{"rendered":"<p>La autora de Novia que te Vea recibir\u00e1 homenaje virtual por su amplia trayectoria literaria<\/p>\n","protected":false},"author":3,"featured_media":36958,"comment_status":"open","ping_status":"open","sticky":false,"template":"","format":"standard","meta":{"_monsterinsights_skip_tracking":false,"footnotes":""},"categories":[692,45,46],"tags":[],"class_list":["post-36957","post","type-post","status-publish","format-standard","has-post-thumbnail","category-692","category-cultura","category-cultura-cultura"],"_links":{"self":[{"href":"https:\/\/redsemlac.com\/semmexico\/wp-json\/wp\/v2\/posts\/36957","targetHints":{"allow":["GET"]}}],"collection":[{"href":"https:\/\/redsemlac.com\/semmexico\/wp-json\/wp\/v2\/posts"}],"about":[{"href":"https:\/\/redsemlac.com\/semmexico\/wp-json\/wp\/v2\/types\/post"}],"author":[{"embeddable":true,"href":"https:\/\/redsemlac.com\/semmexico\/wp-json\/wp\/v2\/users\/3"}],"replies":[{"embeddable":true,"href":"https:\/\/redsemlac.com\/semmexico\/wp-json\/wp\/v2\/comments?post=36957"}],"version-history":[{"count":0,"href":"https:\/\/redsemlac.com\/semmexico\/wp-json\/wp\/v2\/posts\/36957\/revisions"}],"wp:featuredmedia":[{"embeddable":true,"href":"https:\/\/redsemlac.com\/semmexico\/wp-json\/wp\/v2\/media\/36958"}],"wp:attachment":[{"href":"https:\/\/redsemlac.com\/semmexico\/wp-json\/wp\/v2\/media?parent=36957"}],"wp:term":[{"taxonomy":"category","embeddable":true,"href":"https:\/\/redsemlac.com\/semmexico\/wp-json\/wp\/v2\/categories?post=36957"},{"taxonomy":"post_tag","embeddable":true,"href":"https:\/\/redsemlac.com\/semmexico\/wp-json\/wp\/v2\/tags?post=36957"}],"curies":[{"name":"wp","href":"https:\/\/api.w.org\/{rel}","templated":true}]}}