{"id":36952,"date":"2021-06-14T13:43:01","date_gmt":"2021-06-14T19:43:01","guid":{"rendered":"https:\/\/redsemlac.com\/semmexico\/?p=36952"},"modified":"2023-07-21T17:02:21","modified_gmt":"2023-07-21T22:02:21","slug":"que-es-un-feminicidio-y-como-identificarlo","status":"publish","type":"post","link":"https:\/\/redsemlac.com\/semmexico\/que-es-un-feminicidio-y-como-identificarlo\/","title":{"rendered":"\u00bfQu\u00e9 es un feminicidio y c\u00f3mo identificarlo?"},"content":{"rendered":"\n<ul class=\"wp-block-list\"><li><strong><em>En muchas publicaciones de El Sol o la Organizaci\u00f3n Editorial Mexicana, operan cambios de enfoque e informaci\u00f3n. Tenemos 7 meses con un Consejo Editorial de G\u00e9nero, donde participan las y los directores de impresos y portales de la OEM, adem\u00e1s de que tomaron un taller, el Consejo opera como un seminaria, y vamos avanzando. Una tarea de SemM\u00e9xico que busca transformar a los medios.<\/em><\/strong><\/li><\/ul>\n\n\n\n<p class=\"wp-block-paragraph\"><strong>Redacci\u00f3n El Sol de La Laguna<\/strong><\/p>\n\n\n\n<p class=\"wp-block-paragraph\">SemM\u00e9xico. 14 de junio 2021.- Las agresiones contra las mujeres, que tiene su origen en la desigualdad de g\u00e9nero, es tipificada en el sistema penal mexicano como &#8216;feminicidio&#8217;, el cual se refiere a la forma m\u00e1s extrema de violencia contra la mujer y una de las manifestaciones m\u00e1s graves de la discriminaci\u00f3n hacia ellas.<\/p>\n\n\n\n<p class=\"wp-block-paragraph\">Un feminicidio se identifica como la muerte violenta de las mujeres por razones de g\u00e9nero, es decir, en la posici\u00f3n de subordinaci\u00f3n, marginalidad y riesgo en el cual se encuentra con respecto a los hombres.<\/p>\n\n\n\n<p class=\"wp-block-paragraph\">En nuestro C\u00f3digo Penal Federal el feminicidio se encuentra tipificado en el art\u00edculo 325, el g\u00e9nero establece lo siguiente: \u201cComete el delito de feminicidio quien prive de la vida a una mujer por razones de.&nbsp;Se considera que existen razones de g\u00e9nero cuando concurra alguna de las siguientes circunstancias:<\/p>\n\n\n\n<p class=\"wp-block-paragraph\">-La victima presente signos de violencia sexual de cualquier tipo;<\/p>\n\n\n\n<p class=\"wp-block-paragraph\">-A la v\u00edctima se le hayan infligido lesiones o mutilaciones infamantes o degradantes, previas o posteriores a la privaci\u00f3n de la vida o actos de necrofilia;<\/p>\n\n\n\n<p class=\"wp-block-paragraph\">-Existan antecedentes o datos de cualquier tipo de violencia en el \u00e1mbito familiar, laboral o escolar, del sujeto activo en contra de la v\u00edctima;<\/p>\n\n\n\n<p class=\"wp-block-paragraph\">-Haya existido entre el activo y la victima una relaci\u00f3n sentimental, afectiva o de confianza;<\/p>\n\n\n\n<p class=\"wp-block-paragraph\">-Existan datos que establezcan que hubo amenazas relacionadas con el hecho delictuoso, acoso o lesiones del sujeto activo en contra de la v\u00edctima;<\/p>\n\n\n\n<p class=\"wp-block-paragraph\">-La victima haya sido incomunicada, cualquiera que sea el tiempo anterior a la privaci\u00f3n de la vida;<\/p>\n\n\n\n<p class=\"wp-block-paragraph\">-El cuerpo de la v\u00edctima sea expuesto o exhibido en un lugar p\u00fablico. \u201d<\/p>\n\n\n\n<p class=\"wp-block-paragraph\">Cabe se\u00f1alar que los asesinatos que se comenten contra las mujeres no son investigados, tomando en cuenta que podr\u00edan tratarse de feminicidios.&nbsp;Por lo que el Modelo de protocolo latinoamericano de investigaci\u00f3n de las muertes violentas de mujeres por g\u00e9nero recomienda que todas las muertes violentas de mujeres deben analizarse con perspectiva de g\u00e9nero, para poder determinar si hubo o no razones de g\u00e9nero en la causa de la muerte.<\/p>\n\n\n\n<p class=\"wp-block-paragraph\">En este mismo tenor se encuentra la sentencia de la Suprema Corte de Justicia de la Naci\u00f3n (SCJN), la cual establece que en el caso de muertes de mujeres se debe:<\/p>\n\n\n\n<p class=\"wp-block-paragraph\">-Identificar las conductas que causaron la muerte de la mujer;<\/p>\n\n\n\n<p class=\"wp-block-paragraph\">-Verificar la presencia o ausencia de motivos o razones de g\u00e9nero que originan o explican la violenta;<\/p>\n\n\n\n<p class=\"wp-block-paragraph\">-Preservar evidencias espec\u00edficas para determinar si hubo violencia sexual;<\/p>\n\n\n\n<p class=\"wp-block-paragraph\">-Hacer las periciales pertinentes para determinar si la v\u00edctima estaba inmersa en un contexto de violencia.<\/p>\n\n\n\n<p class=\"wp-block-paragraph\">-Conocer estas herramientas para la investigaci\u00f3n y actuaci\u00f3n en los casos de feminicidio es un gran paso para la procuraci\u00f3n de justicia.<\/p>\n\n\n\n<p class=\"wp-block-paragraph\">-Para m\u00e1s informaci\u00f3n, puedes consultar el estudio La Violencia Feminicida en M\u00e9xico, aproximaciones y tendencias 1985-2014.<\/p>\n\n\n\n<p class=\"wp-block-paragraph\"><em>CON INFORMACI\u00d3N DEL GOBIERNO DE M\u00c9XICO<\/em><\/p>\n","protected":false},"excerpt":{"rendered":"<p> Las agresiones contra las mujeres, que tiene su origen en la desigualdad de g\u00e9nero, es tipificada en el sistema penal mexicano como &#8216;feminicidio&#8217;, el cual se refiere a la forma m\u00e1s extrema de violencia contra la mujer y una de las manifestaciones m\u00e1s graves de la discriminaci\u00f3n hacia ellas.<\/p>\n","protected":false},"author":3,"featured_media":36953,"comment_status":"open","ping_status":"open","sticky":false,"template":"","format":"standard","meta":{"_monsterinsights_skip_tracking":false,"footnotes":""},"categories":[692,47,48],"tags":[],"class_list":["post-36952","post","type-post","status-publish","format-standard","has-post-thumbnail","category-692","category-no-mas-impunidad","category-no-mas-impunidad-no-mas-impunidad"],"_links":{"self":[{"href":"https:\/\/redsemlac.com\/semmexico\/wp-json\/wp\/v2\/posts\/36952","targetHints":{"allow":["GET"]}}],"collection":[{"href":"https:\/\/redsemlac.com\/semmexico\/wp-json\/wp\/v2\/posts"}],"about":[{"href":"https:\/\/redsemlac.com\/semmexico\/wp-json\/wp\/v2\/types\/post"}],"author":[{"embeddable":true,"href":"https:\/\/redsemlac.com\/semmexico\/wp-json\/wp\/v2\/users\/3"}],"replies":[{"embeddable":true,"href":"https:\/\/redsemlac.com\/semmexico\/wp-json\/wp\/v2\/comments?post=36952"}],"version-history":[{"count":0,"href":"https:\/\/redsemlac.com\/semmexico\/wp-json\/wp\/v2\/posts\/36952\/revisions"}],"wp:featuredmedia":[{"embeddable":true,"href":"https:\/\/redsemlac.com\/semmexico\/wp-json\/wp\/v2\/media\/36953"}],"wp:attachment":[{"href":"https:\/\/redsemlac.com\/semmexico\/wp-json\/wp\/v2\/media?parent=36952"}],"wp:term":[{"taxonomy":"category","embeddable":true,"href":"https:\/\/redsemlac.com\/semmexico\/wp-json\/wp\/v2\/categories?post=36952"},{"taxonomy":"post_tag","embeddable":true,"href":"https:\/\/redsemlac.com\/semmexico\/wp-json\/wp\/v2\/tags?post=36952"}],"curies":[{"name":"wp","href":"https:\/\/api.w.org\/{rel}","templated":true}]}}