{"id":36950,"date":"2021-06-14T16:32:00","date_gmt":"2021-06-14T22:32:00","guid":{"rendered":"https:\/\/redsemlac.com\/semmexico\/?p=36950"},"modified":"2023-07-21T17:02:20","modified_gmt":"2023-07-21T22:02:20","slug":"tras-la-eleccion-habra-una-bancada-feminista","status":"publish","type":"post","link":"https:\/\/redsemlac.com\/semmexico\/tras-la-eleccion-habra-una-bancada-feminista\/","title":{"rendered":"Tras la elecci\u00f3n \u00bfhabr\u00e1 una bancada feminista?"},"content":{"rendered":"\n<h2 class=\"wp-block-heading\"><strong>Palabra de Ant\u00edgona<\/strong><\/h2>\n\n\n\n<p class=\"wp-block-paragraph\"><strong>Sara Lovera<\/strong><\/p>\n\n\n\n<p class=\"wp-block-paragraph\">SemM\u00e9xico, Cd. de M\u00e9xico, 14 de junio, 2021.- La respuesta a mi pregunta est\u00e1 en el aire. Me puse a buscar con lupa las mujeres que llegar\u00e1n a la C\u00e1mara de Diputados y encontr\u00e9 d\u00e9biles perfiles para la pelea por parar el retroceso experimentado en los \u00faltimos casi tres a\u00f1os, cuyo reto es recomponer presupuesto y la orientaci\u00f3n de g\u00e9nero en pol\u00edticas p\u00fablicas.<\/p>\n\n\n\n<p class=\"wp-block-paragraph\">El desaf\u00edo parece may\u00fasculo, debido al deterioro pol\u00edtico\/feminista generado por la actual administraci\u00f3n, descalificando a la m\u00e1s grande movilizaci\u00f3n de las colectivas feministas ante la ominosa impunidad, los 11 asesinatos diarios de mujeres y las violencias en todos los espacios.<\/p>\n\n\n\n<p class=\"wp-block-paragraph\">Encontr\u00e9 a tres mujeres que ser\u00e1n legisladoras. Tres experimentadas pol\u00edticas que han dado prueba de su capacidad de di\u00e1logo y alianza en la construcci\u00f3n de alternativas propuestas por las feministas a lo largo de los \u00faltimos 40 a\u00f1os. Eso me da un poco de paz, mirando \u2014adicionalmente\u2014 qu\u00e9 sucedi\u00f3 realmente en las elecciones.<\/p>\n\n\n\n<p class=\"wp-block-paragraph\">Incluso, considero que hay una franja de mujeres de la 4t que parecen estar comprometidas. Muchas de ellas, no olvidarlo, intentaron parar el respaldo a F\u00e9lix Salgado Macedonio, a quien, tristemente, la 4T le da la bienvenida al Senado, como si no pasara nada. Y, no obstante, la diarrea de discursos oportunistas, sobre la igualdad, usado antes, durante y despu\u00e9s de las elecciones.<\/p>\n\n\n\n<p class=\"wp-block-paragraph\">De las secretarias de Estado, ni hablar. Todas han avalado la pol\u00edtica presidencial simuladora y acusadora de las feministas, ya sea por incapacidad, ignorancia o falta de sensibilidad. Ni siquiera se conmueven con las madres v\u00edctimas indirectas del feminicidio de sus hijas.<\/p>\n\n\n\n<p class=\"wp-block-paragraph\">Panorama negativo, para el movimiento que \u2014debo decir\u2014, a trav\u00e9s de sus frentes, colectivas y su palabra, no se han detenido. Las nuevas legisladoras s\u00ed son capaces e inteligentes. Ah\u00ed tienen una base. No verla, ser\u00eda perder la oportunidad de recomponer el camino que muchas de sus amigas, camaradas, colegas y militantes han pavimentado.<\/p>\n\n\n\n<p class=\"wp-block-paragraph\">S\u00ed, me reconfort\u00e9 con tres figuras pol\u00edticas que dar\u00e1n la batalla, eso espero: Amalia Garc\u00eda Medina, Margarita Zavala G\u00f3mez del Campo y <em>Marcela Guerra Castillo, quienes pueden tejer una bancada feminista que, como anta\u00f1o, fue capaz de sumarse a las propuestas del movimiento, como es el caso del presupuesto o numerosas iniciativas que dieron a luz la creaci\u00f3n del Instituto Nacional de las Mujeres o las leyes de igualdad y acceso de las mujeres a una vida sin violencia.<\/em><\/p>\n\n\n\n<p class=\"wp-block-paragraph\"><em>Tambi\u00e9n encontr\u00e9 algunas probables diputadas locales que pueden hacer en los estados un buen equilibrio, y cuya actuaci\u00f3n ser\u00e1 estrat\u00e9gica, especialmente para empujar los desatinos en gobiernos locales donde no hay buenas noticias para las mujeres.<\/em><\/p>\n\n\n\n<p class=\"wp-block-paragraph\"><em>Unas y otras contar\u00e1n &nbsp;con las propuestas elaboradas por el Frente Feminista Nacional y el frente construido por Nosotras Tenemos otros Datos. Podr\u00e1n &nbsp;trabajar un abultado cuerpo de estad\u00edsticas, discusiones y nuevos conocimientos sobre la din\u00e1mica de la injusticia e impunidad en las violencias contra las mujeres y sus derechos reproductivos.<\/em><\/p>\n\n\n\n<p class=\"wp-block-paragraph\">Una mirada fina a los resultados. Si bien Morena gan\u00f3 12 gobiernos, tendr\u00e1n en, al menos una tercera parte, congresos multicolores, no una mayor\u00eda para apuntalar a esos gobiernos; los de la oposici\u00f3n, tampoco. Pienso que las gobernadoras de uno y otro bando no garantizan un cambio ni&nbsp; biograf\u00edas que nos den confianza. Como antes, la batalla tendr\u00e1 que darla el movimiento y algunas aliadas en el poder. No todo es paridad, si quienes llegan no ven ni oyen a las mujeres. Veremos.<\/p>\n\n\n\n<p class=\"wp-block-paragraph\">*Periodista. Directora del portal informativo Semmexico.mx<\/p>\n","protected":false},"excerpt":{"rendered":"<p>Me puse a buscar con lupa las mujeres que llegar\u00e1n a la C\u00e1mara de Diputados y encontr\u00e9 d\u00e9biles perfiles para la pelea por parar el retroceso experimentado en los \u00faltimos casi tres a\u00f1os<\/p>\n","protected":false},"author":3,"featured_media":32479,"comment_status":"open","ping_status":"open","sticky":false,"template":"","format":"standard","meta":{"_monsterinsights_skip_tracking":false,"footnotes":""},"categories":[692,35,95,69],"tags":[],"class_list":["post-36950","post","type-post","status-publish","format-standard","has-post-thumbnail","category-692","category-opinion","category-palabra-de-antigona","category-sara-lovera"],"_links":{"self":[{"href":"https:\/\/redsemlac.com\/semmexico\/wp-json\/wp\/v2\/posts\/36950","targetHints":{"allow":["GET"]}}],"collection":[{"href":"https:\/\/redsemlac.com\/semmexico\/wp-json\/wp\/v2\/posts"}],"about":[{"href":"https:\/\/redsemlac.com\/semmexico\/wp-json\/wp\/v2\/types\/post"}],"author":[{"embeddable":true,"href":"https:\/\/redsemlac.com\/semmexico\/wp-json\/wp\/v2\/users\/3"}],"replies":[{"embeddable":true,"href":"https:\/\/redsemlac.com\/semmexico\/wp-json\/wp\/v2\/comments?post=36950"}],"version-history":[{"count":0,"href":"https:\/\/redsemlac.com\/semmexico\/wp-json\/wp\/v2\/posts\/36950\/revisions"}],"wp:featuredmedia":[{"embeddable":true,"href":"https:\/\/redsemlac.com\/semmexico\/wp-json\/wp\/v2\/media\/32479"}],"wp:attachment":[{"href":"https:\/\/redsemlac.com\/semmexico\/wp-json\/wp\/v2\/media?parent=36950"}],"wp:term":[{"taxonomy":"category","embeddable":true,"href":"https:\/\/redsemlac.com\/semmexico\/wp-json\/wp\/v2\/categories?post=36950"},{"taxonomy":"post_tag","embeddable":true,"href":"https:\/\/redsemlac.com\/semmexico\/wp-json\/wp\/v2\/tags?post=36950"}],"curies":[{"name":"wp","href":"https:\/\/api.w.org\/{rel}","templated":true}]}}