{"id":36947,"date":"2021-06-14T13:29:44","date_gmt":"2021-06-14T19:29:44","guid":{"rendered":"https:\/\/redsemlac.com\/semmexico\/?p=36947"},"modified":"2023-07-21T17:02:21","modified_gmt":"2023-07-21T22:02:21","slug":"entre-enero-y-junio-hubo-36-feminicidios-en-la-ciudad-de-mexico-sus-perpetradores-detenidos-por-la-fiscalia","status":"publish","type":"post","link":"https:\/\/redsemlac.com\/semmexico\/entre-enero-y-junio-hubo-36-feminicidios-en-la-ciudad-de-mexico-sus-perpetradores-detenidos-por-la-fiscalia\/","title":{"rendered":"Entre enero y junio hubo 36 feminicidios en la Ciudad de M\u00e9xico, sus perpetradores detenidos por la Fiscal\u00eda"},"content":{"rendered":"\n<ul class=\"wp-block-list\"><li><strong>De Andr\u00e9s Roemer con&nbsp; 21 denuncias por violaci\u00f3n y agresi\u00f3n sexual, \u201cpronto ser\u00e1 detenido\u201d<\/strong><\/li><li><strong>Todos fueron detenidos y algunos ya est\u00e1n en proceso: Ernestina Godoy Ramos<\/strong><\/li><\/ul>\n\n\n\n<p class=\"wp-block-paragraph\"><strong>Libertad L\u00f3pez<\/strong><\/p>\n\n\n\n<p class=\"wp-block-paragraph\">SemM\u00e9xico, Cd. de M\u00e9xico,&nbsp; 14 de junio, 2021.- En las \u00faltimas dos semanas la Fiscal\u00eda General de Justicia de la Ciudad de M\u00e9xico inform\u00f3 de &nbsp;los resultados en el combate a la impunidad de delitos contra las mujeres,&nbsp; en las que asegura que entre el 22 de mayo y el 4 de junio: se &nbsp;vincul\u00f3 a proceso a 76 presuntos agresores; 32 fueron el resultado del cumplimiento de \u00f3rdenes de aprehensi\u00f3n y 44 fueron detenidos en flagrancia; 38 fueron imputados por violencia familiar, 28 por delitos sexuales, uno por trata y nueve por feminicidio.<\/p>\n\n\n\n<p class=\"wp-block-paragraph\">Ernestina Godoy Ramos se\u00f1al\u00f3 que &nbsp;Fiscal\u00eda y el Gobierno de la Ciudad de M\u00e9xico han &nbsp;enfocado&nbsp; esfuerzos para brindar justicia a las mujeres v\u00edctimas de violencia logrando presentar ante un juez cada vez a m\u00e1s probables responsables.<\/p>\n\n\n\n<p class=\"wp-block-paragraph\">Entre enero y abril de 2021 detuvo a 27 agresores acusados de feminicidio; esto es 300 por ciento m\u00e1s que en el mismo periodo del a\u00f1o pasado.<\/p>\n\n\n\n<p class=\"wp-block-paragraph\">S\u00f3lo en abril de este a\u00f1o, se vincul\u00f3, adem\u00e1s, a &nbsp;37 agresores sexuales acusados de violaci\u00f3n. Es, dijo la fiscal, \u201cnuestro m\u00e1ximo hist\u00f3rico en un solo mes y equivale tambi\u00e9n a un aumento considerable con respecto al a\u00f1o pasado\u201d.<\/p>\n\n\n\n<p class=\"wp-block-paragraph\">Agreg\u00f3 que este trabajo policiaco es para brindar verdad y justicia a las v\u00edctimas y a sus familias.<\/p>\n\n\n\n<p class=\"wp-block-paragraph\">Luego consider\u00f3 que el combate a la impunidad es uno de los pilares para erradicar la violencia contra las mujeres.<\/p>\n\n\n\n<p class=\"wp-block-paragraph\">Los resultados sobre los que inform\u00f3, explic\u00f3, &nbsp;se conforman de casos particulares; se trata de lamentables hechos en los que las mujeres sufren violencia y en los que dijo, han sido &nbsp;capaces de investigar y llevar a los responsables ante un juez.<\/p>\n\n\n\n<p class=\"wp-block-paragraph\">Dijo que para la Fiscal\u00eda cada caso es importante y se investiga con toda la fuerza de la instituci\u00f3n, sin importar el perfil de las v\u00edctimas.<\/p>\n\n\n\n<p class=\"wp-block-paragraph\">Sin embargo, algunos casos, reconoci\u00f3 &nbsp;atraen la atenci\u00f3n de la opini\u00f3n p\u00fablica, por lo que detall\u00f3 algunos de ellos.<\/p>\n\n\n\n<p class=\"wp-block-paragraph\">El pasado 16 de mayo de este a\u00f1o ocurri\u00f3 el lamentable fallecimiento de una mujer v\u00edctima de feminicidio en la colonia Doctores.&nbsp; Tras una discusi\u00f3n con su agresor, la v\u00edctima fue agredida a golpes y con arma blanca.<\/p>\n\n\n\n<p class=\"wp-block-paragraph\">La investigaci\u00f3n, en este caso, permiti\u00f3 acusar a Jos\u00e9 \u201cN\u201d. El trabajo ministerial, pericial y policial permiti\u00f3 localizar, detener y vincular a proceso a esta persona, que actualmente se encuentra en prisi\u00f3n sujeta a proceso penal.<\/p>\n\n\n\n<p class=\"wp-block-paragraph\">Dijo que la tarea de la Fiscal\u00eda &nbsp;no s\u00f3lo se enfoca en casos recientes; muchos de los casos atendidos, &nbsp;ocurrieron incluso antes del inicio de esta administraci\u00f3n.<\/p>\n\n\n\n<p class=\"wp-block-paragraph\">Es el caso de una mujer que en 2015 fue v\u00edctima de feminicidio en Iztapalapa. Derivado de una investigaci\u00f3n exhaustiva, tras retomar el caso, los ministerios p\u00fablicos, peritos y polic\u00edas de investigaci\u00f3n de la Fiscal\u00eda de Feminicidio consiguieron la orden de aprehensi\u00f3n y la detenci\u00f3n de Gabriel \u201cN\u201d por la muerte de esta mujer. Igualmente se encuentra vinculado a proceso y en prisi\u00f3n preventiva en el reclusorio.<\/p>\n\n\n\n<p class=\"wp-block-paragraph\">Otro caso que ha sido ampliamente difundido en medios y redes sociales el de una mujer que en junio de 2020 fue agredida f\u00edsica y verbalmente por su hijo en la alcald\u00eda de Coyoac\u00e1n.<\/p>\n\n\n\n<p class=\"wp-block-paragraph\">Recientemente la &nbsp;Polic\u00eda de Investigaci\u00f3n cumpli\u00f3 la orden de aprehensi\u00f3n en contra de este sujeto en la colonia Avante en la misma alcald\u00eda.<\/p>\n\n\n\n<p class=\"wp-block-paragraph\">De la misma forma, la Polic\u00eda de Investigaci\u00f3n localiz\u00f3 y detuvo a Jos\u00e9 de Jes\u00fas \u201cN\u201d, imputado por los delitos de abuso sexual, violaci\u00f3n y corrupci\u00f3n de persona menor de edad, en agravio de su hijo.<\/p>\n\n\n\n<p class=\"wp-block-paragraph\">Esta investigaci\u00f3n apunta a que este hombre drogaba a su hijo menor para posteriormente abusar de \u00e9l. Hoy ya se encuentra en prisi\u00f3n y vinculado a proceso.<\/p>\n\n\n\n<p class=\"wp-block-paragraph\">Por \u00faltimo, inform\u00f3 de sobre &nbsp;los avances en el caso de Andr\u00e9s \u201cN\u201d,- Andr\u00e9s Roemer que suma 21 denuncias por violaci\u00f3n y agresi\u00f3n sexual- &nbsp;acusado de abuso sexual y violaci\u00f3n.<\/p>\n\n\n\n<p class=\"wp-block-paragraph\">Como es del conocimiento p\u00fablico, esta persona se encuentra en el extranjero y es buscado por la Interpol por su probable participaci\u00f3n en delitos sexuales.<\/p>\n\n\n\n<p class=\"wp-block-paragraph\">Les informo que hemos solicitado al pa\u00eds en donde se encuentra, su detenci\u00f3n con fines de extradici\u00f3n bajo el principio de reciprocidad internacional con el apoyo de la Fiscal\u00eda General de la Rep\u00fablica y con el apoyo de la Secretar\u00eda de Relaciones Exteriores.<\/p>\n\n\n\n<p class=\"wp-block-paragraph\">Con lo anterior, esperamos lograr su aprehensi\u00f3n y traslado a M\u00e9xico para que sea puesto a disposici\u00f3n de un juez a la brevedad.<\/p>\n\n\n\n<p class=\"wp-block-paragraph\">La Fiscal, reitera su convencimiento de que garantizar una vida libre de violencia para las mujeres para las ni\u00f1as es una tarea de todas las instituciones y de toda la sociedad.<\/p>\n\n\n\n<p class=\"wp-block-paragraph\">Luego llam\u00f3 &nbsp;a todas las mujeres de la CDMX a tener &nbsp;confianza y a que denuncien: \u201cestamos preparadas para protegerlas, para investigar y para seguir abriendo las puertas de la justicia\u201d, su campa\u00f1a dice: \u201cLa Fiscal\u00eda est\u00e1 en alerta por ti\u201d.<\/p>\n","protected":false},"excerpt":{"rendered":"<p>De Andr\u00e9s Roemer con  21 denuncias por violaci\u00f3n y agresi\u00f3n sexual, \u201cpronto ser\u00e1 detenido\u201d<\/p>\n","protected":false},"author":3,"featured_media":36948,"comment_status":"open","ping_status":"open","sticky":false,"template":"","format":"standard","meta":{"_monsterinsights_skip_tracking":false,"footnotes":""},"categories":[692,51],"tags":[],"class_list":["post-36947","post","type-post","status-publish","format-standard","has-post-thumbnail","category-692","category-ejecutivo"],"_links":{"self":[{"href":"https:\/\/redsemlac.com\/semmexico\/wp-json\/wp\/v2\/posts\/36947","targetHints":{"allow":["GET"]}}],"collection":[{"href":"https:\/\/redsemlac.com\/semmexico\/wp-json\/wp\/v2\/posts"}],"about":[{"href":"https:\/\/redsemlac.com\/semmexico\/wp-json\/wp\/v2\/types\/post"}],"author":[{"embeddable":true,"href":"https:\/\/redsemlac.com\/semmexico\/wp-json\/wp\/v2\/users\/3"}],"replies":[{"embeddable":true,"href":"https:\/\/redsemlac.com\/semmexico\/wp-json\/wp\/v2\/comments?post=36947"}],"version-history":[{"count":0,"href":"https:\/\/redsemlac.com\/semmexico\/wp-json\/wp\/v2\/posts\/36947\/revisions"}],"wp:featuredmedia":[{"embeddable":true,"href":"https:\/\/redsemlac.com\/semmexico\/wp-json\/wp\/v2\/media\/36948"}],"wp:attachment":[{"href":"https:\/\/redsemlac.com\/semmexico\/wp-json\/wp\/v2\/media?parent=36947"}],"wp:term":[{"taxonomy":"category","embeddable":true,"href":"https:\/\/redsemlac.com\/semmexico\/wp-json\/wp\/v2\/categories?post=36947"},{"taxonomy":"post_tag","embeddable":true,"href":"https:\/\/redsemlac.com\/semmexico\/wp-json\/wp\/v2\/tags?post=36947"}],"curies":[{"name":"wp","href":"https:\/\/api.w.org\/{rel}","templated":true}]}}