{"id":36938,"date":"2021-06-14T12:11:26","date_gmt":"2021-06-14T18:11:26","guid":{"rendered":"https:\/\/redsemlac.com\/semmexico\/?p=36938"},"modified":"2023-07-21T17:02:21","modified_gmt":"2023-07-21T22:02:21","slug":"anuncian-encuentros-para-conocer-el-manual-de-comunicacion-en-materia-de-perspectiva-de-genero-y-derechos-humanos","status":"publish","type":"post","link":"https:\/\/redsemlac.com\/semmexico\/anuncian-encuentros-para-conocer-el-manual-de-comunicacion-en-materia-de-perspectiva-de-genero-y-derechos-humanos\/","title":{"rendered":"Anuncian encuentros para conocer el Manual de Comunicaci\u00f3n en materia de Perspectiva de G\u00e9nero y Derechos Humanos"},"content":{"rendered":"\n<ul class=\"wp-block-list\"><li><strong>Se busca enriquecer este documento, primero de su tipo en Michoac\u00e1n<\/strong><\/li><\/ul>\n\n\n\n<p class=\"wp-block-paragraph\"><strong>Redacci\u00f3n<\/strong><\/p>\n\n\n\n<p class=\"wp-block-paragraph\">SemM\u00e9xico, Morelia, Michoac\u00e1n, a 14 de junio&nbsp; 2021.-Este d\u00eda el Observatorio de Medios de Comunicaci\u00f3n en Materia de Perspectiva de G\u00e9nero y Derechos Humanos en Michoac\u00e1n cerrar\u00e1 la convocatoria que emiti\u00f3 el 9 de junio, dirigida&nbsp; a todo el gremio period\u00edstico y de los medios de comunicaci\u00f3n, as\u00ed como al p\u00fablico en general a los encuentros: \u201cConociendo el Manual de Comunicaci\u00f3n en materia de Perspectiva de G\u00e9nero y Derechos Humanos\u201d, primero de su tipo en Michoac\u00e1n.<\/p>\n\n\n\n<p class=\"wp-block-paragraph\">El objetivo es que las y los participantes conozcan, utilicen y enriquezcan el Manual mediante el cual se busca ampliar el conocimiento de periodistas y comunicadores en el proceso de generaci\u00f3n de contenidos informativos, alusivos a&nbsp; la perspectiva de g\u00e9nero y los derechos humanos.<\/p>\n\n\n\n<p class=\"wp-block-paragraph\">Ser\u00e1n cuatro encuentros, mismos que se desarrollar\u00e1n los d\u00edas jueves 17 y 24 de junio y 1, 8 y 15 de julio del 2021. Se desarrollar\u00e1n en un horario de 17:00 a 19:00 horas. En esta ocasi\u00f3n, derivado de la contingencia sanitaria, ser\u00e1 en Plataforma Digital Meet.<\/p>\n\n\n\n<p class=\"wp-block-paragraph\">Podr\u00e1n inscribirse enviando nombre, correo electr\u00f3nico, n\u00famero de contacto y en su caso medio de comunicaci\u00f3n en el cual se colabora, en el formulario que para ese efecto se gener\u00f3 y al que se puede acceder en el siguiente enlace:<\/p>\n\n\n\n<p class=\"wp-block-paragraph\"><a href=\"https:\/\/docs.google.com\/forms\/d\/e\/1FAIpQLSe05s5_JxsiGEHumrlG2628Q8TR-al9aymyuDt4ickqS-4WQw\/viewform.\">https:\/\/docs.google.com\/forms\/d\/e\/1FAIpQLSe05s5_JxsiGEHumrlG2628Q8TR-al9aymyuDt4ickqS-4WQw\/viewform.<\/a><\/p>\n\n\n\n<p class=\"wp-block-paragraph\">La recepci\u00f3n de solicitudes de inscripci\u00f3n estar\u00e1 abierta hasta el d\u00eda 14 de junio del 2021. Se confirmar\u00e1 la inscripci\u00f3n al correo electr\u00f3nico que se proporcione. Se emitir\u00e1 constancia de participaci\u00f3n a las personas que cumplan con un 80% de asistencia a los encuentros. Para cualquier informaci\u00f3n adicional o aclaraciones, se proporcion\u00f3 el correo electr\u00f3nico omc.mich@gmail.com<\/p>\n","protected":false},"excerpt":{"rendered":"<p>Se busca enriquecer este documento, primero de su tipo en Michoac\u00e1n<\/p>\n","protected":false},"author":3,"featured_media":36939,"comment_status":"open","ping_status":"open","sticky":false,"template":"","format":"standard","meta":{"_monsterinsights_skip_tracking":false,"footnotes":""},"categories":[692,51],"tags":[],"class_list":["post-36938","post","type-post","status-publish","format-standard","has-post-thumbnail","category-692","category-ejecutivo"],"_links":{"self":[{"href":"https:\/\/redsemlac.com\/semmexico\/wp-json\/wp\/v2\/posts\/36938","targetHints":{"allow":["GET"]}}],"collection":[{"href":"https:\/\/redsemlac.com\/semmexico\/wp-json\/wp\/v2\/posts"}],"about":[{"href":"https:\/\/redsemlac.com\/semmexico\/wp-json\/wp\/v2\/types\/post"}],"author":[{"embeddable":true,"href":"https:\/\/redsemlac.com\/semmexico\/wp-json\/wp\/v2\/users\/3"}],"replies":[{"embeddable":true,"href":"https:\/\/redsemlac.com\/semmexico\/wp-json\/wp\/v2\/comments?post=36938"}],"version-history":[{"count":0,"href":"https:\/\/redsemlac.com\/semmexico\/wp-json\/wp\/v2\/posts\/36938\/revisions"}],"wp:featuredmedia":[{"embeddable":true,"href":"https:\/\/redsemlac.com\/semmexico\/wp-json\/wp\/v2\/media\/36939"}],"wp:attachment":[{"href":"https:\/\/redsemlac.com\/semmexico\/wp-json\/wp\/v2\/media?parent=36938"}],"wp:term":[{"taxonomy":"category","embeddable":true,"href":"https:\/\/redsemlac.com\/semmexico\/wp-json\/wp\/v2\/categories?post=36938"},{"taxonomy":"post_tag","embeddable":true,"href":"https:\/\/redsemlac.com\/semmexico\/wp-json\/wp\/v2\/tags?post=36938"}],"curies":[{"name":"wp","href":"https:\/\/api.w.org\/{rel}","templated":true}]}}