{"id":36926,"date":"2021-06-14T15:24:10","date_gmt":"2021-06-14T21:24:10","guid":{"rendered":"https:\/\/redsemlac.com\/semmexico\/?p=36926"},"modified":"2023-07-21T17:02:20","modified_gmt":"2023-07-21T22:02:20","slug":"protestan-contra-presunto-feminicidio-de-beatriz-pero-alcaldia-acusa-golpeteo-politico","status":"publish","type":"post","link":"https:\/\/redsemlac.com\/semmexico\/protestan-contra-presunto-feminicidio-de-beatriz-pero-alcaldia-acusa-golpeteo-politico\/","title":{"rendered":"Protestan contra presunto feminicidio de Beatriz, pero alcald\u00eda acusa \u201cgolpeteo pol\u00edtico\u201d"},"content":{"rendered":"<p><span style=\"font-weight: 400;\">*Crece la indignaci\u00f3n sobre el presunto \u201csuicidio\u201d, exigen justicia<\/span><\/p>\n<p><!--more--><\/p>\n<p><span style=\"font-weight: 400;\">Ignacio Garc\u00eda&nbsp;<\/span><\/p>\n<p><span style=\"font-weight: 400;\">SemM\u00e9xico, Pachuca, Hidalgo, 14 de junio,2021.- Pobladores del municipio de Progreso de Obreg\u00f3n protestaron a las afueras de la presidencia municipal por el presunto feminicidio de la m\u00e9dica Beatriz Hern\u00e1ndez, quien apareci\u00f3 sin vida el pasado mi\u00e9rcoles en el \u00e1rea de atenci\u00f3n primaria del ayuntamiento, despu\u00e9s de haber sido aprehendida por haberse involucrado en un incidente vial.<\/span><\/p>\n<p><span style=\"font-weight: 400;\">Familiares, amigos, integrantes de colectivas y pobladores en general realizaron una marcha en la que demandaron el esclarecimiento del caso de Beatriz y que se act\u00fae con justicia, por lo que despu\u00e9s de la movilizaci\u00f3n las feministas abandonaron el sitio, pero otro grupo se manifest\u00f3 a las afueras de las instalaciones de la presidencia municipal y exigieron justicia.<\/span><\/p>\n<p><span style=\"font-weight: 400;\">Los inconformes ingresaron a las instalaciones de la alcald\u00eda, donde pintaron las paredes y destrozaron el inmobiliario, por lo que demandaron justicia por el presunto feminicidio de Beatriz, ya que las autoridades municipales aseguraron que se trat\u00f3 de un suicidio.<\/span><\/p>\n<p><span style=\"font-weight: 400;\">Apenas el viernes elementos de la polic\u00eda investigadora de la Procuradur\u00eda General de Justicia del Estado de Hidalgo (PGJEH) detuvieron a siete polic\u00edas municipales de Progreso de Obreg\u00f3n por su presunta responsabilidad en el caso de Beatriz, por lo cual el ayuntamiento asegur\u00f3 que \u201cse trat\u00f3 de golpeteo pol\u00edtico\u201d.<\/span><\/p>\n<p><span style=\"font-weight: 400;\">Seg\u00fan el ayuntamiento, las protestas en la alcald\u00eda fueron actos de \u201cvandalismo\u201d, por lo cual pidi\u00f3 la intervenci\u00f3n del presidente de M\u00e9xico, Andr\u00e9s Manuel L\u00f3pez Obrador, para atender esta problem\u00e1tica, pues reiter\u00f3 que el gobierno estatal pretende afectar a la administraci\u00f3n que encabeza Armando Mera Olgu\u00edn.<\/span><\/p>\n<p><span style=\"font-weight: 400;\">El mi\u00e9rcoles pasado Beatriz Hern\u00e1ndez fue detenida por polic\u00edas municipales de Progreso de forma violenta tras haberse involucrado en un incidente vial y posteriormente fue hallada sin vida en el interior del centro de reclusi\u00f3n, por lo que sus familiares acusaron que fue agredida f\u00edsicamente, mientras que la alcald\u00eda asegur\u00f3 que se trat\u00f3 de un \u201csuicidio\u201d con una tela.<\/span><\/p>\n<p><span style=\"font-weight: 400;\">La PGJEH abri\u00f3 la carpeta de investigaci\u00f3n correspondiente para deslindar responsabilidades, mientras que las organizaciones civiles exigieron justicia para el caso y que los responsables sean procesados penalmente, ya que demandaron que no debe seguir en la impunidad.<\/span><\/p>\n<p>&nbsp;<\/p>\n","protected":false},"excerpt":{"rendered":"<p>*Crece la indignaci\u00f3n sobre el presunto \u201csuicidio\u201d, exigen justicia<\/p>\n","protected":false},"author":3,"featured_media":36928,"comment_status":"open","ping_status":"open","sticky":false,"template":"","format":"standard","meta":{"_monsterinsights_skip_tracking":false,"footnotes":""},"categories":[692,1],"tags":[],"class_list":["post-36926","post","type-post","status-publish","format-standard","has-post-thumbnail","category-692","category-uncategorized"],"_links":{"self":[{"href":"https:\/\/redsemlac.com\/semmexico\/wp-json\/wp\/v2\/posts\/36926","targetHints":{"allow":["GET"]}}],"collection":[{"href":"https:\/\/redsemlac.com\/semmexico\/wp-json\/wp\/v2\/posts"}],"about":[{"href":"https:\/\/redsemlac.com\/semmexico\/wp-json\/wp\/v2\/types\/post"}],"author":[{"embeddable":true,"href":"https:\/\/redsemlac.com\/semmexico\/wp-json\/wp\/v2\/users\/3"}],"replies":[{"embeddable":true,"href":"https:\/\/redsemlac.com\/semmexico\/wp-json\/wp\/v2\/comments?post=36926"}],"version-history":[{"count":0,"href":"https:\/\/redsemlac.com\/semmexico\/wp-json\/wp\/v2\/posts\/36926\/revisions"}],"wp:featuredmedia":[{"embeddable":true,"href":"https:\/\/redsemlac.com\/semmexico\/wp-json\/wp\/v2\/media\/36928"}],"wp:attachment":[{"href":"https:\/\/redsemlac.com\/semmexico\/wp-json\/wp\/v2\/media?parent=36926"}],"wp:term":[{"taxonomy":"category","embeddable":true,"href":"https:\/\/redsemlac.com\/semmexico\/wp-json\/wp\/v2\/categories?post=36926"},{"taxonomy":"post_tag","embeddable":true,"href":"https:\/\/redsemlac.com\/semmexico\/wp-json\/wp\/v2\/tags?post=36926"}],"curies":[{"name":"wp","href":"https:\/\/api.w.org\/{rel}","templated":true}]}}