{"id":36906,"date":"2021-06-14T07:32:17","date_gmt":"2021-06-14T13:32:17","guid":{"rendered":"https:\/\/redsemlac.com\/semmexico\/?p=36906"},"modified":"2023-07-21T17:02:21","modified_gmt":"2023-07-21T22:02:21","slug":"tanta-propaganda-redujo-al-periodismo-profesional-rogelio-hernandez-lopez","status":"publish","type":"post","link":"https:\/\/redsemlac.com\/semmexico\/tanta-propaganda-redujo-al-periodismo-profesional-rogelio-hernandez-lopez\/","title":{"rendered":"Tanta propaganda redujo al periodismo profesional"},"content":{"rendered":"<p><span style=\"font-weight: 400;\">*Hay un modelo te\u00f3rico para que hombres y mujeres sean periodistas reconocidos en sus sociedades y ganen la confianza que hace falta: quienes est\u00e9n preparados acad\u00e9micamente, actualizados en los hechos y sinceros a la hora de presentar y difundir la informaci\u00f3n que necesitan sus p\u00fablicos.&nbsp;<\/span><\/p>\n<p><!--more--><\/p>\n<p><b><i>Mirada de reportero<\/i><\/b><\/p>\n<p><span style=\"font-weight: 400;\">Por Rogelio Hern\u00e1ndez L\u00f3pez<\/span><\/p>\n<p><span style=\"font-weight: 400;\">SemM\u00e9xico, Cd. de M\u00e9xico, 14 de junio, 2021.- Colegas, los resultados de las votaciones del 6 de junio tambi\u00e9n arrojan lecciones muy negativas para el periodismo profesional en M\u00e9xico y anuncian que seguir\u00e1n las turbulencias pol\u00edticas<\/span><\/p>\n<p><span style=\"font-weight: 400;\">La primera conclusi\u00f3n muy general es que una gran parte del electorado (el que vot\u00f3 para que Morena obtuviera importantes victorias) mostr\u00f3 que mantiene altos \u00edndices de desconfianza, con la mayor\u00eda de los grandes medios de prensa convencionales y sus pol\u00edticas editoriales, pero ense\u00f1o al mismo tiempo que s\u00ed acepta a medios y plataformas emergentes, sobre todo digitales, que hacen propaganda abiertamente para dem\u00e9rito del periodismo profesional.<\/span><\/p>\n<p><span style=\"font-weight: 400;\">En contraparte tambi\u00e9n se observ\u00f3 que buena parte de los medios convencionales recuper\u00f3 algo de la aceptaci\u00f3n que hab\u00eda perdido en las llamadas clases medias y que lo hizo ampliando su distanciamiento del gobierno federal en turno, pero no con el periodismo de servicio social que informa con oportunidad, suficiencia y equilibrio sino tambi\u00e9n con una fuerte inclinaci\u00f3n a la propaganda con noticias sesgadas, incompletas editorializando sus contenidos y con saturaci\u00f3n de sus espacios con los g\u00e9neros de opini\u00f3n.<\/span><\/p>\n<p><span style=\"font-weight: 400;\">Como lo sabe cualquier observador\/ra de la pol\u00edtica y el papel de los medios de comunicaci\u00f3n, el periodismo puede ser factor en la creaci\u00f3n de consensos y estabilidad pol\u00edtica, o lo contrario: causa y efecto de la polarizaci\u00f3n pol\u00edtica, como ocurre en la transici\u00f3n del r\u00e9gimen pol\u00edtico mexicano.<\/span><\/p>\n<p><span style=\"font-weight: 400;\">En resumen, en este proceso electoral el medio ambiente de la comunicaci\u00f3n social se pervirti\u00f3 de m\u00e1s con la propaganda y perdi\u00f3 el buen periodismo.&nbsp;<\/span><\/p>\n<p><b>Malos augurios<\/b><\/p>\n<p><span style=\"font-weight: 400;\">En esta situaci\u00f3n, hay analistas que prev\u00e9n dos consecuencias muy negativas:<\/span><\/p>\n<p><span style=\"font-weight: 400;\">* Seguir\u00e1 la turbulencia medi\u00e1tica debido a la confrontaci\u00f3n por la hegemon\u00eda informativa entre el gobierno federal y las empresas de prensa afectadas por la extinci\u00f3n paulatina del modelo de mutuas conveniencias prensa-gobierno, modelo que a\u00fan no se extingue.&nbsp;<\/span><\/p>\n<p><span style=\"font-weight: 400;\">* Seguir\u00e1n y empeorar\u00e1n las dificultades econ\u00f3micas, de seguridad para las personas que aspiran a hacer un periodismo bien aceptado socialmente y mejor tratado profesionalmente.<\/span><\/p>\n<p><b>Aquella desconfianza<\/b><\/p>\n<p><span style=\"font-weight: 400;\">Una de las mediciones m\u00e1s acuciosas y aceptadas sobre la confianza en las instituciones y entidades sociales es la que realiza desde hace 25 a\u00f1os la organizaci\u00f3n no gubernamental de origen chileno Latinobar\u00f3metro.&nbsp;<\/span><\/p>\n<p><span style=\"font-weight: 400;\">Su encuesta m\u00e1s reciente en M\u00e9xico es de 2018, previo a las elecciones presidenciales. Desde entonces refrend\u00f3 lo que ya indicaban empresas encuestadoras mexicanas: que era minoritaria la cantidad de mexicanos que confiaba en los medios de comunicaci\u00f3n (televisi\u00f3n, radio, impresos).&nbsp;<\/span><\/p>\n<p><span style=\"font-weight: 400;\">La proporci\u00f3n que ten\u00eda entonces mucha confianza en los medios era el 7.66 por ciento; algo de confianza 27.25 por ciento. La suma de mucha y algo de confianza sum\u00f3 entonces un 34.91 por ciento de la poblaci\u00f3n. <\/span><a href=\"https:\/\/www.latinobarometro.org\/latCodebooks.jsp\"><span style=\"font-weight: 400;\">https:\/\/www.latinobarometro.org\/latCodebooks.jsp<\/span><\/a><span style=\"font-weight: 400;\">&nbsp;<\/span><\/p>\n<p><span style=\"font-weight: 400;\">Y en contraste fue el 60.75 por ciento de la poblaci\u00f3n reflejada que dijo tener poca o ninguna confianza en esos medios convencionales.<\/span><\/p>\n<p><span style=\"font-weight: 400;\">&nbsp;En 2020 varias empresas de nuevas tecnolog\u00edas para la informaci\u00f3n verificaron que la mayor\u00eda de mexicanos se informaban m\u00e1s por medios digitales \u2013excepto televisi\u00f3n\u2014como la empresa wisum, al reportar que alrededor del 6 por ciento se enteraba por los peri\u00f3dicos impresos y un 10 por ciento por la radio y 25 por ciento en redes sociales.<\/span><\/p>\n<p><span style=\"font-weight: 400;\">(Ver gr\u00e1fica y o: <\/span><a href=\"https:\/\/www.wisum.mx\/blog\/2020\/03\/10\/de-donde-obtienen-sus-noticias-los-mexicanos\/\"><span style=\"font-weight: 400;\">https:\/\/www.wisum.mx\/blog\/2020\/03\/10\/de-donde-obtienen-sus-noticias-los-mexicanos\/<\/span><\/a><\/p>\n<p><span style=\"font-weight: 400;\">)<\/span><\/p>\n<p><b>La batalla por las clases medias<\/b><\/p>\n<p><span style=\"font-weight: 400;\">Desde un d\u00eda despu\u00e9s de las votaciones el Presidente de la Rep\u00fablica critic\u00f3 nuevamente a \u201clos conservadores\u201d que desde los medios de prensa hicieron campa\u00f1a contra su proyecto, pero esta vez abri\u00f3 otro debate al asegurar que lograron convencer a clases medias \u201caspiracionistas\u201d (desclasadas dir\u00edan los cl\u00e1sicos de la izquierda) para que Morena perdiera posiciones.&nbsp;<\/span><\/p>\n<p><span style=\"font-weight: 400;\">Ese debate augura la batalla que viene en el movimiento-partido en el gobierno contra los adversarios en partidos, empresarios y medios de comunicaci\u00f3n; la batalla por las clases medias que mostraron autonom\u00eda de decisi\u00f3n electoral y no s\u00f3lo en la Ciudad de M\u00e9xico.<\/span><\/p>\n<p><span style=\"font-weight: 400;\">As\u00ed lo demostr\u00f3, con datos duros el analista y director Editorial de El Financiero, Enrique Quintana en su columna del 13 de junio. Asent\u00f3:<\/span><\/p>\n<p><i><span style=\"font-weight: 400;\">En la Ciudad de M\u00e9xico, Morena y sus aliados obtuvieron 43.1 por ciento. Con lo que perdieron la Ciudad de M\u00e9xico.<\/span><\/i><\/p>\n<p><i><span style=\"font-weight: 400;\">Pas\u00f3 lo mismo en el estado de M\u00e9xico, los partidos que respaldan a la 4T se quedaron en el 42.68 por ciento.<\/span><\/i><\/p>\n<p><i><span style=\"font-weight: 400;\">En Monterrey, los partidos afines a la 4T obtuvieron solamente el 18.9 por ciento de los votos.<\/span><\/i><\/p>\n<p><i><span style=\"font-weight: 400;\">En Jalisco, (zonas urbanas) la 4T obtuvo solamente el 28.5 por ciento de los votos.<\/span><\/i><\/p>\n<p><i><span style=\"font-weight: 400;\">En 2018, el 48 por ciento de quienes ten\u00edan entonces educaci\u00f3n superior, inclin\u00f3 su voto hacia L\u00f3pez Obrador. Es decir, la 4T perdi\u00f3 15 puntos entre este grupo.<\/span><\/i><\/p>\n<p><b>Lo que viene<\/b><\/p>\n<p><span style=\"font-weight: 400;\">En los d\u00edas recientes y posteriores a los comicios del 6 de junio, comenzaron a aparecer balances y cr\u00edticas al comportamiento de los medios y el periodismo en M\u00e9xico que afectan a la libre circulaci\u00f3n de la informaci\u00f3n de inter\u00e9s p\u00fablico.<\/span><\/p>\n<p><span style=\"font-weight: 400;\">El periodista y editor de coberturas culturales, Alejandro de la Garza, en el portal Sinembargo tambi\u00e9n hizo una aproximaci\u00f3n a los pocos cambios y varias crisis que sufre el medio ambiente para el ejercicio period\u00edstico. Prev\u00e9 que despu\u00e9s de las elecciones seguir\u00e1 la \u201cturbulencia\u201d, la gran batalla por la hegemon\u00eda informativa \u201cdel periodismo tradicional con el gobierno de la 4T\u201d.<\/span><\/p>\n<p><span style=\"font-weight: 400;\">De la Garza avizora que seguir\u00e1n las tendencias para el futuro inmediato del ejercicio period\u00edstico, la mayor\u00eda en perjuicio de las personas periodistas y por consecuencia para la poblaci\u00f3n a la que deben servir. Esas tendencias, con redacci\u00f3n de este reportero, son:<\/span><\/p>\n<ol>\n<li><span style=\"font-weight: 400;\"> Violencia contra periodistas \/ 2. Escasas garant\u00edas laborales para periodistas \/ 3. Fragmentaci\u00f3n de organismos profesionales de periodistas \/ 4.&nbsp; Alto cuestionamiento a la veracidad de los corporativos de prensa \/ 5. Fragmentaci\u00f3n de las audiencias por m\u00e1s medios alternativos digitales, lo que dificulta los consensos \/ 6. Impulso a los medios p\u00fablicos y est\u00edmulo al debate si deben ser del gobierno en turno o del Estado.<\/span><\/li>\n<\/ol>\n<p><span style=\"font-weight: 400;\">El eco ambiente para ejercer el periodismo en M\u00e9xico cada d\u00eda se hace m\u00e1s plural, extendido, complejo, casi ca\u00f3tico en perjuicio de la informaci\u00f3n del inter\u00e9s ciudadano. Y no hay a la vista un atractor que perfile un modelo m\u00e1s civilizado, menos turbulento, de relaciones entre el gobierno central y los medios.<\/span><\/p>\n<p><span style=\"font-weight: 400;\">No hay una sola prensa. No hay una sola \u00e9tica. Pero s\u00ed se denota una gran bifurcaci\u00f3n en dos bloques, como en la pol\u00edtica, entre al menos seis modelos de comportamiento en el periodismo mexicano.<\/span><\/p>\n<p><b>Las salidas<\/b><\/p>\n<p><span style=\"font-weight: 400;\">Frente a todos estos modelos y empresas, cada d\u00eda se hace m\u00e1s notable la poca fuerza de periodistas profesionales que tengan m\u00e1s libertad para el ejercicio, seguridad y trato laboral equivalente.<\/span><\/p>\n<p><span style=\"font-weight: 400;\">S\u00ed hay un modelo te\u00f3rico para que hombres y mujeres sean periodistas reconocidos en sus sociedades y ganen la confianza que hace falta: quienes est\u00e9n preparados acad\u00e9micamente, actualizados en los hechos y sinceros a la hora de presentar y difundir la informaci\u00f3n que necesitan sus p\u00fablicos.&nbsp;<\/span><\/p>\n<p><span style=\"font-weight: 400;\">Con ese perfil, ellas y ellos pueden ser la garant\u00eda para hacer circular la informaci\u00f3n de inter\u00e9s p\u00fablico con m\u00e1s vocaci\u00f3n de servicio social que del inter\u00e9s por la ganancia econ\u00f3mica o con compromisos extra period\u00edsticos.&nbsp;<\/span><\/p>\n<p><span style=\"font-weight: 400;\">En el sentido de apoyar el alcance de este perfil, est\u00e1n pendientes dos leyes: en la C\u00e1mara de Diputados espera una iniciativa para regular esta funci\u00f3n social como actividad especial en la ley federal del Trabajo y, en el Senado espera la ley aprobado por los diputados que mejora y amplia el sistema de protecci\u00f3n a periodistas y personas defensoras de los derechos humanos.<\/span><\/p>\n<p><span style=\"font-weight: 400;\">Frente a todo esto tambi\u00e9n se insiste en que se requiere un nuevo pacto para alcanzar nuevas normas en el medio ambiente medi\u00e1tico para mejorar el r\u00e9gimen democr\u00e1tico que beneficie a la mayor\u00eda de la poblaci\u00f3n, normas que trasciendan las coyunturas pol\u00edticas.<\/span><\/p>\n<p><span style=\"font-weight: 400;\">Quiz\u00e1 otra salida, como he insistido, sea una nueva ley de comunicaci\u00f3n social de car\u00e1cter general, radicalmente distinta a la actual, una que le d\u00e9 la rector\u00eda al Estado para regular el mercado, que reconozca la figura de no lucrativos a los miles de nuevos medios impresos y digitales que laboran entre precariedades; una ley que instaure un sistema de medios p\u00fablicos con suficientes recursos y posibilidades de generar ingresos propios, una nueva ley que regule y transparente la publicidad oficial y que condicione esa subvenci\u00f3n para que todos los medios que la soliciten (incluidos los digitales), primero se autorregulen con c\u00f3digos de \u00e9tica y defensores de la informaci\u00f3n.<\/span><\/p>\n","protected":false},"excerpt":{"rendered":"<p>*Hay un modelo te\u00f3rico para que hombres y mujeres sean periodistas reconocidos en sus sociedades y ganen la confianza que hace falta: quienes est\u00e9n preparados acad\u00e9micamente, actualizados en los hechos y sinceros a la hora de presentar y difundir la informaci\u00f3n que necesitan sus p\u00fablicos.&nbsp;<\/p>\n","protected":false},"author":3,"featured_media":36907,"comment_status":"open","ping_status":"open","sticky":false,"template":"","format":"standard","meta":{"_monsterinsights_skip_tracking":false,"footnotes":""},"categories":[692,36,106,35,85],"tags":[],"class_list":["post-36906","post","type-post","status-publish","format-standard","has-post-thumbnail","category-692","category-columnistas","category-mirada-de-reportero","category-opinion","category-rogelio-hernandez-lopez"],"_links":{"self":[{"href":"https:\/\/redsemlac.com\/semmexico\/wp-json\/wp\/v2\/posts\/36906","targetHints":{"allow":["GET"]}}],"collection":[{"href":"https:\/\/redsemlac.com\/semmexico\/wp-json\/wp\/v2\/posts"}],"about":[{"href":"https:\/\/redsemlac.com\/semmexico\/wp-json\/wp\/v2\/types\/post"}],"author":[{"embeddable":true,"href":"https:\/\/redsemlac.com\/semmexico\/wp-json\/wp\/v2\/users\/3"}],"replies":[{"embeddable":true,"href":"https:\/\/redsemlac.com\/semmexico\/wp-json\/wp\/v2\/comments?post=36906"}],"version-history":[{"count":0,"href":"https:\/\/redsemlac.com\/semmexico\/wp-json\/wp\/v2\/posts\/36906\/revisions"}],"wp:featuredmedia":[{"embeddable":true,"href":"https:\/\/redsemlac.com\/semmexico\/wp-json\/wp\/v2\/media\/36907"}],"wp:attachment":[{"href":"https:\/\/redsemlac.com\/semmexico\/wp-json\/wp\/v2\/media?parent=36906"}],"wp:term":[{"taxonomy":"category","embeddable":true,"href":"https:\/\/redsemlac.com\/semmexico\/wp-json\/wp\/v2\/categories?post=36906"},{"taxonomy":"post_tag","embeddable":true,"href":"https:\/\/redsemlac.com\/semmexico\/wp-json\/wp\/v2\/tags?post=36906"}],"curies":[{"name":"wp","href":"https:\/\/api.w.org\/{rel}","templated":true}]}}