{"id":36869,"date":"2021-06-12T11:52:50","date_gmt":"2021-06-12T17:52:50","guid":{"rendered":"https:\/\/redsemlac.com\/semmexico\/?p=36869"},"modified":"2023-07-21T17:02:22","modified_gmt":"2023-07-21T22:02:22","slug":"violencia-vicaria-los-hijos-como-instrumento","status":"publish","type":"post","link":"https:\/\/redsemlac.com\/semmexico\/violencia-vicaria-los-hijos-como-instrumento\/","title":{"rendered":"Violencia vicaria: los hijos como instrumento"},"content":{"rendered":"<p><span style=\"font-weight: 400;\">*Al llegar el momento de la separaci\u00f3n definitiva el riesgo de un incremento en las agresiones es una constante, si algo cohesiona a la violencia machista es la b\u00fasqueda de control y dominaci\u00f3n sobre la v\u00edctima.<\/span><\/p>\n<p><!--more--><\/p>\n<p><span style=\"font-weight: 400;\">*Desde la Mano Izquierda<\/span><\/p>\n<p><span style=\"font-weight: 400;\">Claudia Almaguer<\/span><\/p>\n<p><span style=\"font-weight: 400;\">SemM\u00e9xico, San Luis Potos\u00ed,&nbsp; 12 de junio, 2021.- Este jueves las autoridades espa\u00f1olas han dado a conocer el hallazgo del cuerpo de una ni\u00f1a de seis a\u00f1os, estaba en el fondo del mar dentro de una bolsa atada al ancla del barco de su padre que la llev\u00f3 all\u00ed junto con otra hermana de un a\u00f1o de edad cuyo paradero a estas horas aun es desconocido. Ese pa\u00eds llevaba desde abril esperando por noticias luego de la denuncia hecha por su madre, una historia desafortunadamente conocida para muchas v\u00edctimas, la amenaza de: \u201cTe voy a quitar a los ni\u00f1os\u201d, \u201cNo les vas a volver a ver\u201d, \u201cTe voy a dar en donde m\u00e1s te duele\u201d.<\/span><\/p>\n<p><span style=\"font-weight: 400;\">La psic\u00f3loga Sonia Vaccaro ha hablado recientemente en un <a href=\"https:\/\/radiojaputa.com\/podcast\/radiojaputa-125-especial-violencia-vicaria\/\">programa de radio<\/a>&nbsp; de este conjunto de actos a los que denomina violencia vicaria, una forma de maltrato que se ejerce sobre la mujer mediante el da\u00f1o a terceros, cuando son los hijos, las conductas pueden ir del descuido hasta el asesinato como medio para herir a su madre y casi siempre se produce con posterioridad a que ella consigue terminar su relaci\u00f3n.<\/span><\/p>\n<p><span style=\"font-weight: 400;\">Sab\u00edamos por ejemplo, que en este tipo de casos al llegar el momento de la separaci\u00f3n definitiva el riesgo de un incremento en las agresiones es una constante, si algo cohesiona a la violencia machista es la b\u00fasqueda de control y dominaci\u00f3n sobre la v\u00edctima, de all\u00ed los actos de hostigamiento, las peticiones reiteradas de perd\u00f3n, la alianza con familiares y amigos para convencer de brindar otra oportunidad, de volver, de retirar la denuncia o la demanda de divorcio y s\u00ed, tambi\u00e9n sale a colaci\u00f3n un supuesto bienestar para los hijos en com\u00fan.<\/span><\/p>\n<p><span style=\"font-weight: 400;\">En sociedades como la nuestra la mujer que se separa o se divorcia tiene por delante un camino en solitario, la alteraci\u00f3n del mandato de g\u00e9nero respecto a la tolerancia que su rol debe tener en una familia suele reprocharse con facilidad, se pierde la seguridad econ\u00f3mica y hasta el entorno social, pero desde afuera de una relaci\u00f3n con violencia los cercanos habr\u00e1n alcanzado a intuir una proporci\u00f3n m\u00ednima de la dimensi\u00f3n real del problema.<\/span><\/p>\n<p><span style=\"font-weight: 400;\">Este es el terreno donde la violencia vicaria sucede, idas y vueltas donde los ni\u00f1os no son entregados a la hora prevista, ni hay respeto por los acuerdos, las madres describen situaciones de negligencia dirigidas a culpabilizarlas: \u201chan comido mal porque no tengo que darles\u201d, \u201cse ha orinado porque no llegas a tiempo\u201d, ayuda a invisibilizar todo esto el m\u00e9rito extra atribuido a los varones por hacerse cargo de sus hijos en el tiempo que toca, si hay negligencia, inclusive al grado de causar lesiones la justificaci\u00f3n alude a la madre por separarse y no cumplir su papel, por dejarlo solo si \u201cnaturalmente\u201d no sabe cuidarles.<\/span><\/p>\n<p><span style=\"font-weight: 400;\">Tampoco es algo que se valore adecuadamente en el interior de los juzgados y juegan en contra sendos estereotipos, se consiguen cantidades miserables de pensi\u00f3n alimenticia a cambio de ampl\u00edsimos tiempos para visitas, no es h\u00e1bito considerar la remoci\u00f3n de la custodia o la patria potestad, ni siquiera con el respaldo documental de denuncias previas: el pater sigue siendo en el Derecho, inmaculado al grado de que las decisiones judiciales se toman en torno suyo.<\/span><\/p>\n<p><span style=\"font-weight: 400;\">Insistimos, no se puede valorar de manera neutral una din\u00e1mica de relaciones donde existe la violencia, la igualdad ante la ley no puede tornarse en ceguera o en incompetencia habiendo vidas en riesgo. Un agresor siempre se resiste a perder el control que tiene sobre su v\u00edctima y eso se vuelve lo m\u00e1s importante, por encima ya se ve, hasta de sus propios hijos, no hay enfermedad que lo explique, no hay trastorno, se trata de hombres comunes formados como cualquier otro, con la creencia de que sus compa\u00f1eras les deben sumisi\u00f3n.<\/span><\/p>\n<p><span style=\"font-weight: 400;\">Pero un maltratador nunca ser\u00e1 un buen padre. A ver.<\/span><\/p>\n<p><span style=\"font-weight: 400;\">Twitter: @Almagzur<\/span><\/p>\n","protected":false},"excerpt":{"rendered":"<p>*Al llegar el momento de la separaci\u00f3n definitiva el riesgo de un incremento en las agresiones es una constante, si algo cohesiona a la violencia machista es la b\u00fasqueda de control y dominaci\u00f3n sobre la v\u00edctima.<\/p>\n","protected":false},"author":3,"featured_media":36870,"comment_status":"open","ping_status":"open","sticky":false,"template":"","format":"standard","meta":{"_monsterinsights_skip_tracking":false,"footnotes":""},"categories":[692,131,36,35],"tags":[],"class_list":["post-36869","post","type-post","status-publish","format-standard","has-post-thumbnail","category-692","category-claudia-almaguer","category-columnistas","category-opinion"],"_links":{"self":[{"href":"https:\/\/redsemlac.com\/semmexico\/wp-json\/wp\/v2\/posts\/36869","targetHints":{"allow":["GET"]}}],"collection":[{"href":"https:\/\/redsemlac.com\/semmexico\/wp-json\/wp\/v2\/posts"}],"about":[{"href":"https:\/\/redsemlac.com\/semmexico\/wp-json\/wp\/v2\/types\/post"}],"author":[{"embeddable":true,"href":"https:\/\/redsemlac.com\/semmexico\/wp-json\/wp\/v2\/users\/3"}],"replies":[{"embeddable":true,"href":"https:\/\/redsemlac.com\/semmexico\/wp-json\/wp\/v2\/comments?post=36869"}],"version-history":[{"count":0,"href":"https:\/\/redsemlac.com\/semmexico\/wp-json\/wp\/v2\/posts\/36869\/revisions"}],"wp:featuredmedia":[{"embeddable":true,"href":"https:\/\/redsemlac.com\/semmexico\/wp-json\/wp\/v2\/media\/36870"}],"wp:attachment":[{"href":"https:\/\/redsemlac.com\/semmexico\/wp-json\/wp\/v2\/media?parent=36869"}],"wp:term":[{"taxonomy":"category","embeddable":true,"href":"https:\/\/redsemlac.com\/semmexico\/wp-json\/wp\/v2\/categories?post=36869"},{"taxonomy":"post_tag","embeddable":true,"href":"https:\/\/redsemlac.com\/semmexico\/wp-json\/wp\/v2\/tags?post=36869"}],"curies":[{"name":"wp","href":"https:\/\/api.w.org\/{rel}","templated":true}]}}