{"id":36753,"date":"2021-06-10T11:26:04","date_gmt":"2021-06-10T17:26:04","guid":{"rendered":"https:\/\/redsemlac.com\/semmexico\/?p=36753"},"modified":"2023-07-21T17:01:37","modified_gmt":"2023-07-21T22:01:37","slug":"el-halconazo-cumple-50-anos-y-sigue-en-la-impunidad-en-mexico","status":"publish","type":"post","link":"https:\/\/redsemlac.com\/semmexico\/el-halconazo-cumple-50-anos-y-sigue-en-la-impunidad-en-mexico\/","title":{"rendered":"El \u2018Halconazo\u2019 cumple 50 a\u00f1os y sigue en la impunidad en M\u00e9xico"},"content":{"rendered":"\n<p class=\"wp-block-paragraph\">Opini\u00f3n de&nbsp;Laura Castellanos<\/p>\n\n\n\n<p class=\"wp-block-paragraph\">Laura Castellanos*<\/p>\n\n\n\n<p class=\"wp-block-paragraph\"><em>SemM\u00e9xico\/Washington Post, 10 de junio 2021.-<\/em>&nbsp;El 10 de junio de 1971 fue Jueves de Corpus. Ese d\u00eda, al menos 400 paramilitares adiestrados en artes marciales, llamados \u201cLos Halcones\u201d, armados con palos de bamb\u00fa, varillas y armas largas, atacaron una marcha de 8 mil estudiantes en Ciudad de M\u00e9xico. El saldo fue la muerte de 32 estudiantes, de acuerdo a datos de la investigadora \u00c1ngeles Magdaleno C\u00e1rdenas en la revista<em>&nbsp;Proceso<\/em>, y de m\u00e1s de 120 seg\u00fan la&nbsp;<a href=\"https:\/\/unamglobal.unam.mx\/50-anos-del-halconazo-la-matanza-del-jueves-de-corpus\/\" target=\"_blank\" rel=\"noreferrer noopener\">Universidad Nacional Aut\u00f3noma de M\u00e9xico<\/a>.<\/p>\n\n\n\n<p class=\"wp-block-paragraph\">La marcha fue en solidaridad con el estudiantado de la Universidad Aut\u00f3noma de Nuevo Le\u00f3n que buscaba m\u00e1s representaci\u00f3n en los \u00f3rganos internos universitarios. \u201cLos Halcones\u201d eran exsoldados, expolic\u00edas, boxeadores, luchadores y j\u00f3venes precarizados. Algunos actuaron como francotiradores desde azoteas. Los financi\u00f3 el gobierno capitalino del Partido Revolucionario Institucional (PRI), entonces en el poder.<\/p>\n\n\n\n<p class=\"wp-block-paragraph\">El presidente Luis Echeverr\u00eda \u00c1lvarez neg\u00f3 tener responsabilidad alguna, y acept\u00f3 la renuncia de Alfonso Mart\u00ednez Dom\u00ednguez, a cargo del gobierno local, y Julio S\u00e1nchez Vargas, procurador general de la Rep\u00fablica. Los hechos impunes han trascendido seis gobiernos del PRI, dos del Partido Acci\u00f3n Nacional, y llegan al actual de Morena. La conmemoraci\u00f3n de sus 50 a\u00f1os nos da la oportunidad de buscar v\u00edas de acceso a la justicia para zanjar tal impunidad hist\u00f3rica.<\/p>\n\n\n\n<p class=\"wp-block-paragraph\">\u201cLa Matanza del Jueves de Corpus\u201d o el \u201cHalconazo\u201d, provoc\u00f3 indignaci\u00f3n en grupos estudiantiles. Estaban convencidos de que el Estado que los reprim\u00eda no ser\u00eda derrocado por la v\u00eda pol\u00edtica ni la electoral, solo por la armada. Una veintena de grupos guerrilleros brotaron durante el sexenio de Echeverr\u00eda y nutrieron el periodo de mayor actividad guerrillera en la historia moderna del pa\u00eds, como lo document\u00e9 en mi libro&nbsp;<em>M\u00e9xico armado 1943-1981.<\/em><\/p>\n\n\n\n<p class=\"wp-block-paragraph\">El cap\u00edtulo de su aplastamiento se conoce como la<em>&nbsp;Guerra sucia.&nbsp;<\/em>Pero no fue una guerra: el Estado mexicano instaur\u00f3 una pol\u00edtica de exterminio, asesorado por el gobierno estadounidense. El mundo viv\u00eda la Guerra Fr\u00eda en la que ese pa\u00eds, en su pugna contra la Uni\u00f3n Sovi\u00e9tica por el dominio del orden mundial, impuls\u00f3 en Am\u00e9rica Latina el sofocamiento de cualquier expresi\u00f3n de rebeli\u00f3n estudiantil y popular.<\/p>\n\n\n\n<p class=\"wp-block-paragraph\">El \u201cHalconazo\u201d no deton\u00f3 por s\u00ed mismo la oleada guerrillera, que fue incubada la d\u00e9cada anterior. El 10 de junio, Echeverr\u00eda ten\u00eda seis meses en la presidencia cuando reprimi\u00f3 la primera protesta popular que os\u00f3 salir a las calles de la capital despu\u00e9s de la matanza estudiantil de&nbsp;<a href=\"https:\/\/www.gaceta.unam.mx\/a-49-anos-de-la-matanza-del-10-de-junio\/\" target=\"_blank\" rel=\"noreferrer noopener\">Tlatelolco en 1968<\/a>, en la que fungi\u00f3 como secretario de Gobernaci\u00f3n, bajo el gobierno de Gustavo D\u00edaz Ordaz.<\/p>\n\n\n\n<p class=\"wp-block-paragraph\">Si bien ambas masacres marcaron a una generaci\u00f3n que opt\u00f3 por la v\u00eda armada, tambi\u00e9n lo hicieron represiones estudiantiles locales como las ocurridas en Morelia, Monterrey, Chihuahua, Guadalajara y Culiac\u00e1n, entre otras ciudades. De las filas de su estudiantado, junto con el de Ciudad de M\u00e9xico, se originaron tres de las guerrillas que tuvieron m\u00e1s repercusi\u00f3n: La Liga Comunista 23 de Septiembre, las&nbsp;<\/p>\n\n\n\n<p class=\"wp-block-paragraph\">Fuerzas Revolucionarias Armadas del Pueblo y Uni\u00f3n del Pueblo.<\/p>\n\n\n\n<p class=\"wp-block-paragraph\">Esta generaci\u00f3n tambi\u00e9n fue marcada por la negativa del gobierno de otorgarle al Partido Comunista Mexicano (PCM) su registro electoral mientras persegu\u00eda y encarcelaba a sus dirigentes. Una parte de la militancia de las Juventudes Comunistas (JC), que lleg\u00f3 a tener 6,000 integrantes, consider\u00f3 que la masacre de Tlatelolco descartaba de tajo la v\u00eda pac\u00edfica para establecer una sociedad socialista, al tiempo que ve\u00eda a la direcci\u00f3n del PCM como burocr\u00e1tica y medrosa.<\/p>\n\n\n\n<p class=\"wp-block-paragraph\">Una escisi\u00f3n de las JC rompi\u00f3 con el PCM para optar por la v\u00eda guerrillera el mismo mes que Echeverr\u00eda asumi\u00f3 como presidente, en diciembre de 1970.<\/p>\n\n\n\n<p class=\"wp-block-paragraph\">Ese mismo mes irrumpi\u00f3 p\u00fablicamente el primer grupo guerrillero, el Movimiento de Acci\u00f3n Revolucionaria (MAR), que realiz\u00f3 un asalto a un banco para financiar sus planes revolucionarios. El MAR lo crearon j\u00f3venes que estudiaron en Rusia y fue la \u00fanica guerrilla entrenada en el extranjero, en Corea del Norte. Sus filas tambi\u00e9n fueron alimentadas por exmilitantes de la JC.<\/p>\n\n\n\n<p class=\"wp-block-paragraph\">Tres meses despu\u00e9s de la toma de posesi\u00f3n de Echeverr\u00eda, en marzo de 1971, fue detenida una fracci\u00f3n del MAR. Y tres meses m\u00e1s tarde sucedi\u00f3 el \u201cHalconazo\u201d y brotaron m\u00e1s grupos guerrilleros, la mayor\u00eda espont\u00e1neos, mal preparados. Los conformaban j\u00f3venes que rondaban los 20 a\u00f1os, la mayor\u00eda estudiantes de clase media o popular, la tercera parte mujeres.<\/p>\n\n\n\n<p class=\"wp-block-paragraph\">El estudiantado de Monterrey se estremeci\u00f3 con la \u201cMatanza del Jueves de Corpus\u201d. De ah\u00ed surgieron varios grupos armados, entre ellos un n\u00facleo cristiano radical que se sum\u00f3 a exmilitantes de la JC para dar vida a la Liga Comunista 23 de septiembre, la guerrilla urbana m\u00e1s grande y con m\u00e1s presencia en el pa\u00eds: una veintena de estados.<\/p>\n\n\n\n<p class=\"wp-block-paragraph\">Echeverr\u00eda las aniquil\u00f3 a todas con acompa\u00f1amiento contrainsurgente estadounidense. Instalaciones militares y policiacas fueron usadas como c\u00e1rceles clandestinas, centros de tortura y desaparici\u00f3n forzada. Adem\u00e1s, M\u00e9xico fue el precursor de los&nbsp;<em>vuelos de la muerte&nbsp;<\/em>latinoamericanos, en los que personas fueron arrojadas vivas en altamar desde aeronaves militares.<\/p>\n\n\n\n<p class=\"wp-block-paragraph\">El saldo de la&nbsp;<em>Guerra sucia<\/em>, que se extendi\u00f3 durante los a\u00f1os 1980, fue de m\u00e1s de un millar de casos de desaparici\u00f3n forzada. La oleada guerrillera pretendi\u00f3 derrocar a un Estado para tomar el poder pero, a\u00fan sin quererlo, fue el principal detonante de la reforma pol\u00edtica de 1978, durante el gobierno de Jos\u00e9 L\u00f3pez Portillo, que finalmente posibilit\u00f3 a la izquierda participar en comicios electorales.<\/p>\n\n\n\n<p class=\"wp-block-paragraph\">Las matanzas estudiantiles y la&nbsp;<em>Guerra sucia<\/em>&nbsp;quedaron impunes a pesar de la presi\u00f3n de sobrevivientes, activistas estudiantiles, el Comit\u00e9 del 68 e intelectuales. Lograron que durante el gobierno de Vicente Fox (2000-2006) se creara la&nbsp;<a href=\"https:\/\/www.proceso.com.mx\/nacional\/2007\/4\/6\/deplora-hrw-carpetazo-masacres-estudiantiles-en-mexico-32964.html\" target=\"_blank\" rel=\"noreferrer noopener\">Fiscal\u00eda Especial para Movimientos Pol\u00edticos y Sociales del Pasado<\/a>, pero no se hizo justicia contra los victimarios. El gobierno de su sucesor, Felipe Calder\u00f3n, la desapareci\u00f3 en 2007.<\/p>\n\n\n\n<p class=\"wp-block-paragraph\">Echeverr\u00eda fue&nbsp;<a href=\"https:\/\/www.proceso.com.mx\/nacional\/2009\/3\/26\/exoneran-echeverria-de-matanza-del-68-fin-prision-domiciliaria-13990.html\" target=\"_blank\" rel=\"noreferrer noopener\">exonerado judicialmente<\/a>&nbsp;por el \u201cHalconazo\u201d en 2005, y por la matanza de Tlatelolco en 2009. El Estado mexicano, como excepci\u00f3n en Am\u00e9rica Latina, tampoco juzg\u00f3 a los dem\u00e1s victimarios de la&nbsp;<em>Guerra sucia.&nbsp;<\/em>Echeverr\u00eda, mientras tanto, sigue vivo. A sus 99 a\u00f1os, fue captado p\u00fablicamente cuando&nbsp;<a href=\"https:\/\/aristeguinoticias.com\/1604\/mexico\/reaparece-luis-echeverria-al-recibir-segunda-dosis-de-vacuna-contra-covid-fotos\/\" target=\"_blank\" rel=\"noreferrer noopener\">acudi\u00f3 a vacunarse<\/a>&nbsp;contra el COVID-19. La impunidad en M\u00e9xico parece tener poderes vivificantes. Es hora de que eso termine.<\/p>\n\n\n\n<p class=\"wp-block-paragraph\"><em>*<\/em><em>Laura Castellanos es periodista independiente mexicana que escribe sobre movimientos subversivos, autora de los libros \u2018M\u00e9xico armado 1943-1981\u2019 y \u2018Cr\u00f3nica de un pa\u00eds embozado 1994-2018\u2019.<\/em><\/p>\n","protected":false},"excerpt":{"rendered":"<p>Opini\u00f3n de&nbsp;Laura Castellanos Laura Castellanos* SemM\u00e9xico\/Washington Post, 10 de junio 2021.-&nbsp;El 10 de junio de 1971 fue Jueves de Corpus. Ese d\u00eda, al menos 400 paramilitares adiestrados en artes marciales, llamados \u201cLos Halcones\u201d, armados con palos de bamb\u00fa, varillas y armas largas, atacaron una marcha de 8 mil estudiantes en Ciudad de M\u00e9xico. El saldo [&hellip;]<\/p>\n","protected":false},"author":3,"featured_media":36754,"comment_status":"open","ping_status":"open","sticky":false,"template":"","format":"standard","meta":{"_monsterinsights_skip_tracking":false,"footnotes":""},"categories":[692,110,35],"tags":[],"class_list":["post-36753","post","type-post","status-publish","format-standard","has-post-thumbnail","category-692","category-la-opinion-columnas","category-opinion"],"_links":{"self":[{"href":"https:\/\/redsemlac.com\/semmexico\/wp-json\/wp\/v2\/posts\/36753","targetHints":{"allow":["GET"]}}],"collection":[{"href":"https:\/\/redsemlac.com\/semmexico\/wp-json\/wp\/v2\/posts"}],"about":[{"href":"https:\/\/redsemlac.com\/semmexico\/wp-json\/wp\/v2\/types\/post"}],"author":[{"embeddable":true,"href":"https:\/\/redsemlac.com\/semmexico\/wp-json\/wp\/v2\/users\/3"}],"replies":[{"embeddable":true,"href":"https:\/\/redsemlac.com\/semmexico\/wp-json\/wp\/v2\/comments?post=36753"}],"version-history":[{"count":0,"href":"https:\/\/redsemlac.com\/semmexico\/wp-json\/wp\/v2\/posts\/36753\/revisions"}],"wp:featuredmedia":[{"embeddable":true,"href":"https:\/\/redsemlac.com\/semmexico\/wp-json\/wp\/v2\/media\/36754"}],"wp:attachment":[{"href":"https:\/\/redsemlac.com\/semmexico\/wp-json\/wp\/v2\/media?parent=36753"}],"wp:term":[{"taxonomy":"category","embeddable":true,"href":"https:\/\/redsemlac.com\/semmexico\/wp-json\/wp\/v2\/categories?post=36753"},{"taxonomy":"post_tag","embeddable":true,"href":"https:\/\/redsemlac.com\/semmexico\/wp-json\/wp\/v2\/tags?post=36753"}],"curies":[{"name":"wp","href":"https:\/\/api.w.org\/{rel}","templated":true}]}}