{"id":3675,"date":"2019-02-07T21:18:34","date_gmt":"2019-02-07T21:18:34","guid":{"rendered":"https:\/\/redsemlac.com\/semmexico\/?p=3675"},"modified":"2023-07-21T14:46:09","modified_gmt":"2023-07-21T19:46:09","slug":"la-diputada-suplente-eunice-monzon-pidio-licencia-y-la-suple-hector-patron","status":"publish","type":"post","link":"https:\/\/redsemlac.com\/semmexico\/la-diputada-suplente-eunice-monzon-pidio-licencia-y-la-suple-hector-patron\/","title":{"rendered":"La diputada suplente Eunice Monz\u00f3n pidi\u00f3 licencia y la suple H\u00e9ctor Patr\u00f3n."},"content":{"rendered":"\n<p class=\"wp-block-paragraph\"><a href=\"https:\/\/www.semmexico.com\/gallery-post.php?id=7140#\">Josefina Aguilar Pastor,<\/a><\/p>\n\n\n\n<p class=\"wp-block-paragraph\">SemM\u00e9xico, Chilpancingo, Gro., 7 febrero 2019.- Se reduce la representaci\u00f3n de mujeres en el Congreso Local del Estado de Guerrero, con la licencia solicitada por la diputada Eunice Monz\u00f3n Garc\u00eda, y la designaci\u00f3n de Juan Manuel Santamar\u00eda Ram\u00edrez, en su lugar.<\/p>\n\n\n\n<p class=\"wp-block-paragraph\">La actual 62 legislatura local, inici\u00f3 su periodo el 1 de septiembre del 2018, con 18 diputadas y 18 diputados.<\/p>\n\n\n\n<p class=\"wp-block-paragraph\">El 24 de octubre pasado, Hilda Jennifer Ponce Mendoza, diputada de representaci\u00f3n proporcional del Partido Verde Ecologista de M\u00e9xico (PVEM), solicit\u00f3 licencia por tiempo indefinido, en su lugar rindi\u00f3 protesta su suplente Eunice Monz\u00f3n Garc\u00eda.<\/p>\n\n\n\n<p class=\"wp-block-paragraph\">Monz\u00f3n Garc\u00eda se ha desempe\u00f1ado como jefa del Departamento Administrativo en el Congreso de Guerrero, coordinadora asesores de la Fracci\u00f3n del PVEM, fue diputada local suplente de enero a septiembre de 2015 y en 1999\u2013 2002, entre otros cargos.<\/p>\n\n\n\n<p class=\"wp-block-paragraph\">Durante la sesi\u00f3n de la comisi\u00f3n permanente de este mi\u00e9rcoles, se dio a conocer de la solicitud de licencia indefinida presentada por Monz\u00f3n Garc\u00eda para separarse del cargo de diputada suplente que rindi\u00f3 el pasado 24 de octubre, a partir del 16 de enero del a\u00f1o en curso, para atender asuntos que requieren de su tiempo.<\/p>\n\n\n\n<p class=\"wp-block-paragraph\">Durante esta misma sesi\u00f3n, se conoci\u00f3 de la reuni\u00f3n que sostuvieron el coordinador de la fracci\u00f3n parlamentaria de Morena, Antonio Helguera Jim\u00e9nez, y el coordinador de la fracci\u00f3n parlamentaria del PRI, H\u00e9ctor Apreza Patr\u00f3n, por la designaci\u00f3n del quien suplir\u00eda a Monz\u00f3n Garc\u00eda, \u201cpor cuestiones de g\u00e9nero\u201d, en el entendido de que debiera ser otra mujer, la que arribara al cargo.<\/p>\n\n\n\n<p class=\"wp-block-paragraph\">Sin embargo, el PRI design\u00f3 a Juan Manuel Santamar\u00eda Ram\u00edrez, con lo que la representaci\u00f3n de las mujeres se reduce en el Congreso del Estado de Guerrero.<\/p>\n\n\n\n<p class=\"wp-block-paragraph\">SEM\/jap\/sj<\/p>\n","protected":false},"excerpt":{"rendered":"<p>Josefina Aguilar Pastor, SemM\u00e9xico, Chilpancingo, Gro., 7 febrero 2019.- Se reduce la representaci\u00f3n de mujeres en el Congreso Local del Estado de Guerrero, con la licencia solicitada por la diputada Eunice Monz\u00f3n Garc\u00eda, y la designaci\u00f3n de Juan Manuel Santamar\u00eda Ram\u00edrez, en su lugar. La actual 62 legislatura local, inici\u00f3 su periodo el 1 de [&hellip;]<\/p>\n","protected":false},"author":3,"featured_media":0,"comment_status":"open","ping_status":"open","sticky":false,"template":"","format":"standard","meta":{"_monsterinsights_skip_tracking":false,"footnotes":""},"categories":[690,50],"tags":[],"class_list":["post-3675","post","type-post","status-publish","format-standard","category-690","category-congreso"],"_links":{"self":[{"href":"https:\/\/redsemlac.com\/semmexico\/wp-json\/wp\/v2\/posts\/3675","targetHints":{"allow":["GET"]}}],"collection":[{"href":"https:\/\/redsemlac.com\/semmexico\/wp-json\/wp\/v2\/posts"}],"about":[{"href":"https:\/\/redsemlac.com\/semmexico\/wp-json\/wp\/v2\/types\/post"}],"author":[{"embeddable":true,"href":"https:\/\/redsemlac.com\/semmexico\/wp-json\/wp\/v2\/users\/3"}],"replies":[{"embeddable":true,"href":"https:\/\/redsemlac.com\/semmexico\/wp-json\/wp\/v2\/comments?post=3675"}],"version-history":[{"count":0,"href":"https:\/\/redsemlac.com\/semmexico\/wp-json\/wp\/v2\/posts\/3675\/revisions"}],"wp:attachment":[{"href":"https:\/\/redsemlac.com\/semmexico\/wp-json\/wp\/v2\/media?parent=3675"}],"wp:term":[{"taxonomy":"category","embeddable":true,"href":"https:\/\/redsemlac.com\/semmexico\/wp-json\/wp\/v2\/categories?post=3675"},{"taxonomy":"post_tag","embeddable":true,"href":"https:\/\/redsemlac.com\/semmexico\/wp-json\/wp\/v2\/tags?post=3675"}],"curies":[{"name":"wp","href":"https:\/\/api.w.org\/{rel}","templated":true}]}}