{"id":36725,"date":"2021-06-09T15:25:31","date_gmt":"2021-06-09T21:25:31","guid":{"rendered":"https:\/\/redsemlac.com\/semmexico\/?p=36725"},"modified":"2023-07-21T17:01:38","modified_gmt":"2023-07-21T22:01:38","slug":"enesima-propuesta-para-atender-a-mujeres-victimas-de-violencia-da-poder-policiaco","status":"publish","type":"post","link":"https:\/\/redsemlac.com\/semmexico\/enesima-propuesta-para-atender-a-mujeres-victimas-de-violencia-da-poder-policiaco\/","title":{"rendered":"En\u00e9sima propuesta para atender a mujeres v\u00edctimas de violencia, da poder policiaco"},"content":{"rendered":"\n<ul class=\"wp-block-list\"><li><strong>Modificaciones a la Ley General para la&nbsp; Previsi\u00f3n Social de la Violencia y la Delincuencia<\/strong><\/li><\/ul>\n\n\n\n<ul class=\"wp-block-list\"><li><strong>Brindar gratuitamente la atenci\u00f3n psicol\u00f3gica a las v\u00edctimas, uno de los objetivos de la diputada Anita S\u00e1nchez Castro&nbsp;<\/strong><strong><\/strong><\/li><\/ul>\n\n\n\n<p class=\"wp-block-paragraph\"><strong>Redacci\u00f3n<\/strong><strong><\/strong><\/p>\n\n\n\n<p class=\"wp-block-paragraph\">SemM\u00e9xico, Cd. de M\u00e9xico, 9 de junio, 2021.-La diputada de Morena, Anita S\u00e1nchez Castro, propuso reformar la Ley General para la Prevenci\u00f3n Social de la Violencia y la Delincuencia, a efecto de incorporar la perspectiva de g\u00e9nero en diversas disposiciones de esta legislaci\u00f3n.&nbsp;<\/p>\n\n\n\n<p class=\"wp-block-paragraph\">En la iniciativa se propone establecer la obligaci\u00f3n del Estado de brindar gratuitamente la atenci\u00f3n psicol\u00f3gica a las v\u00edctimas de violencia y delincuencia.&nbsp;<\/p>\n\n\n\n<p class=\"wp-block-paragraph\">Adem\u00e1s, busca ampliar los aspectos que deben cubriese en la reparaci\u00f3n integral del da\u00f1o y a\u00f1ade las medidas de restituci\u00f3n y rehabilitaci\u00f3n que necesitan las mujeres v\u00edctimas de violencia.&nbsp;<\/p>\n\n\n\n<p class=\"wp-block-paragraph\">La legisladora tambi\u00e9n plante\u00f3 que se detalle en la Ley que la reparaci\u00f3n integral del da\u00f1o debe otorgarse de forma expedita, proporcional y oportuna. &nbsp;<\/p>\n\n\n\n<p class=\"wp-block-paragraph\">Asimismo, sugiri\u00f3 facultar al Secretariado Ejecutivo del Sistema Nacional de Seguridad P\u00fablica para que pueda informar y utilizar campa\u00f1as publicitarias sobre la violencia de g\u00e9nero en el pa\u00eds.&nbsp;<\/p>\n\n\n\n<p class=\"wp-block-paragraph\">S\u00e1nchez Castro dijo que la violencia contra las mujeres y las ni\u00f1as es una de las violaciones de los derechos humanos m\u00e1s graves, extendida, arraigada y tolerada en el mundo, resultado de la desigualdad y discriminaci\u00f3n de g\u00e9nero.&nbsp;<\/p>\n\n\n\n<p class=\"wp-block-paragraph\">Refiri\u00f3 que su prevenci\u00f3n y eliminaci\u00f3n son una prioridad para la comunidad internacional, por lo que la Agenda 2030 y en los Objetivos de Desarrollo Sostenible, han incluido una meta espec\u00edfica: \u201cla eliminaci\u00f3n de todas las formas de violencia contra las mujeres y las ni\u00f1as en las esferas p\u00fablica y privada\u201d. &nbsp;<\/p>\n\n\n\n<p class=\"wp-block-paragraph\">Por ello, consider\u00f3 que, con la aprobaci\u00f3n de estas reformas, se estar\u00eda contribuyendo al cumplimiento de los Objetivos de Desarrollo Sostenible.&nbsp;<\/p>\n\n\n\n<p class=\"wp-block-paragraph\">La iniciativa fue turnada a la Comisi\u00f3n de Seguridad P\u00fablica de la C\u00e1mara de Diputados, con opini\u00f3n de la Comisi\u00f3n de Igualdad de G\u00e9nero.&nbsp;<\/p>\n","protected":false},"excerpt":{"rendered":"<p>Modificaciones a la Ley General para la  Previsi\u00f3n Social de la Violencia y la Delincuencia<\/p>\n","protected":false},"author":3,"featured_media":36726,"comment_status":"open","ping_status":"open","sticky":false,"template":"","format":"standard","meta":{"_monsterinsights_skip_tracking":false,"footnotes":""},"categories":[692,50],"tags":[],"class_list":["post-36725","post","type-post","status-publish","format-standard","has-post-thumbnail","category-692","category-congreso"],"_links":{"self":[{"href":"https:\/\/redsemlac.com\/semmexico\/wp-json\/wp\/v2\/posts\/36725","targetHints":{"allow":["GET"]}}],"collection":[{"href":"https:\/\/redsemlac.com\/semmexico\/wp-json\/wp\/v2\/posts"}],"about":[{"href":"https:\/\/redsemlac.com\/semmexico\/wp-json\/wp\/v2\/types\/post"}],"author":[{"embeddable":true,"href":"https:\/\/redsemlac.com\/semmexico\/wp-json\/wp\/v2\/users\/3"}],"replies":[{"embeddable":true,"href":"https:\/\/redsemlac.com\/semmexico\/wp-json\/wp\/v2\/comments?post=36725"}],"version-history":[{"count":0,"href":"https:\/\/redsemlac.com\/semmexico\/wp-json\/wp\/v2\/posts\/36725\/revisions"}],"wp:featuredmedia":[{"embeddable":true,"href":"https:\/\/redsemlac.com\/semmexico\/wp-json\/wp\/v2\/media\/36726"}],"wp:attachment":[{"href":"https:\/\/redsemlac.com\/semmexico\/wp-json\/wp\/v2\/media?parent=36725"}],"wp:term":[{"taxonomy":"category","embeddable":true,"href":"https:\/\/redsemlac.com\/semmexico\/wp-json\/wp\/v2\/categories?post=36725"},{"taxonomy":"post_tag","embeddable":true,"href":"https:\/\/redsemlac.com\/semmexico\/wp-json\/wp\/v2\/tags?post=36725"}],"curies":[{"name":"wp","href":"https:\/\/api.w.org\/{rel}","templated":true}]}}