{"id":36720,"date":"2021-06-09T14:23:23","date_gmt":"2021-06-09T20:23:23","guid":{"rendered":"https:\/\/redsemlac.com\/semmexico\/?p=36720"},"modified":"2023-07-21T17:01:38","modified_gmt":"2023-07-21T22:01:38","slug":"tramposa-y-tendenciosa-la-autoridad-electoral-quebro-la-certeza-en-la-eleccion-en-guerrero-candidata-del-pan","status":"publish","type":"post","link":"https:\/\/redsemlac.com\/semmexico\/tramposa-y-tendenciosa-la-autoridad-electoral-quebro-la-certeza-en-la-eleccion-en-guerrero-candidata-del-pan\/","title":{"rendered":"\u201dTramposa y tendenciosa la autoridad electoral, quebr\u00f3 la certeza en la elecci\u00f3n en Guerrero\u201d: candidata del PAN"},"content":{"rendered":"\n<ul class=\"wp-block-list\"><li><strong>Irma Garz\u00f3n Bernal convoc\u00f3 a la ciudadan\u00eda que vot\u00f3 por Mario Moreno a la defensa del sufragio<\/strong><\/li><\/ul>\n\n\n\n<p class=\"wp-block-paragraph\"><strong>Redacci\u00f3n<\/strong><\/p>\n\n\n\n<p class=\"wp-block-paragraph\">SemM\u00e9xico\/Ceprovysa, Chilpancingo de los Bravo, Gro. 9 de junio&nbsp; 2021.- La candidata al gobierno de Guerrero por el Partido Acci\u00f3n Nacional (PAN), Irma Lilia Garz\u00f3n Bernal, exigi\u00f3 a los \u00f3rganos electorales del estado, transparencia en los resultados de la pasada elecci\u00f3n del 6 de junio, al calificar como un \u00abmadruguete a la democracia\u00bb, las irregularidades que se detectaron en el PREP.<\/p>\n\n\n\n<p class=\"wp-block-paragraph\">Dijo que no se va a permitir que \u00abde manera muy tendenciosa y tramposa la autoridad electoral no d\u00e9 certeza jur\u00eddica, transparencia y legalidad al proceso electoral en la entidad\u00bb.<\/p>\n\n\n\n<div class=\"wp-block-jetpack-slideshow aligncenter\" data-effect=\"slide\"><div class=\"wp-block-jetpack-slideshow_container swiper-container\"><ul class=\"wp-block-jetpack-slideshow_swiper-wrapper swiper-wrapper\"><li class=\"wp-block-jetpack-slideshow_slide swiper-slide\"><figure><img loading=\"lazy\" decoding=\"async\" width=\"1024\" height=\"683\" alt=\"\" class=\"wp-block-jetpack-slideshow_image wp-image-36723\" data-id=\"36723\" src=\"https:\/\/redsemlac.com\/semmexico\/wp-content\/uploads\/2021\/06\/WhatsApp-Image-2021-06-09-at-3.14.38-PM.jpeg\"\/><\/figure><\/li><li class=\"wp-block-jetpack-slideshow_slide swiper-slide\"><figure><img loading=\"lazy\" decoding=\"async\" width=\"1024\" height=\"683\" alt=\"\" class=\"wp-block-jetpack-slideshow_image wp-image-36722\" data-id=\"36722\" src=\"https:\/\/redsemlac.com\/semmexico\/wp-content\/uploads\/2021\/06\/WhatsApp-Image-2021-06-09-at-3.14.37-PM.jpeg\"\/><\/figure><\/li><\/ul><a class=\"wp-block-jetpack-slideshow_button-prev swiper-button-prev swiper-button-white\" role=\"button\"><\/a><a class=\"wp-block-jetpack-slideshow_button-next swiper-button-next swiper-button-white\" role=\"button\"><\/a><a aria-label=\"Pause Slideshow\" class=\"wp-block-jetpack-slideshow_button-pause\" role=\"button\"><\/a><div class=\"wp-block-jetpack-slideshow_pagination swiper-pagination swiper-pagination-white\"><\/div><\/div><\/div>\n\n\n\n<p class=\"wp-block-paragraph\">En rueda de prensa, al acompa\u00f1ar al candidato de la alianza PRI-PRD, Mario Moreno Arcos, la panista&nbsp; dijo desconocer \u201cel resultado parcializado de un programa (PREP) manoseado, incompleto, fraudulento, que fue herramienta para que Morena se diga ganador en tendencias, es una mentira\u00bb asinti\u00f3.<\/p>\n\n\n\n<p class=\"wp-block-paragraph\">Por ello llam\u00f3 a \u00ablimpiar la elecci\u00f3n, abrir paquetes y contar voto por voto, esa es la sopa de su propio chocolate\u00bb puntualiz\u00f3.<\/p>\n\n\n\n<p class=\"wp-block-paragraph\">Dijo que de no abrirse los paquetes, convocaba a sus simpatizantes y a todos los ciudadanos que creyeron en el proyecto de la alianza PRI-PRD \u00aba la defensa del sufragio, \u00bfqueremos una elecci\u00f3n limpia? S\u00ed, entonces limpiemos la casa del \u00e1rbitro electoral que est\u00e1 obligado a abrir los paquetes y llegar hasta las \u00faltimas consecuencias\u00bb sentenci\u00f3.<\/p>\n\n\n\n<p class=\"wp-block-paragraph\">Y agreg\u00f3: \u00abno permitamos la burla a la voluntad popular, Guerrero no lo merece, ni los que votaron por un Guerrero libre y democr\u00e1tico, voto por voto, casilla por casilla ni m\u00e1s ni menos, voto por voto casilla por casilla y que se limpie la elecci\u00f3n\u00bb asever\u00f3.<\/p>\n","protected":false},"excerpt":{"rendered":"<p>Irma Garz\u00f3n Bernal convoc\u00f3 a la ciudadan\u00eda que vot\u00f3 por Mario Moreno a la defensa del sufragio<\/p>\n","protected":false},"author":3,"featured_media":36721,"comment_status":"open","ping_status":"open","sticky":false,"template":"","format":"standard","meta":{"_monsterinsights_skip_tracking":false,"footnotes":""},"categories":[692,141],"tags":[],"class_list":["post-36720","post","type-post","status-publish","format-standard","has-post-thumbnail","category-692","category-elecciones-2020-2021"],"_links":{"self":[{"href":"https:\/\/redsemlac.com\/semmexico\/wp-json\/wp\/v2\/posts\/36720","targetHints":{"allow":["GET"]}}],"collection":[{"href":"https:\/\/redsemlac.com\/semmexico\/wp-json\/wp\/v2\/posts"}],"about":[{"href":"https:\/\/redsemlac.com\/semmexico\/wp-json\/wp\/v2\/types\/post"}],"author":[{"embeddable":true,"href":"https:\/\/redsemlac.com\/semmexico\/wp-json\/wp\/v2\/users\/3"}],"replies":[{"embeddable":true,"href":"https:\/\/redsemlac.com\/semmexico\/wp-json\/wp\/v2\/comments?post=36720"}],"version-history":[{"count":0,"href":"https:\/\/redsemlac.com\/semmexico\/wp-json\/wp\/v2\/posts\/36720\/revisions"}],"wp:featuredmedia":[{"embeddable":true,"href":"https:\/\/redsemlac.com\/semmexico\/wp-json\/wp\/v2\/media\/36721"}],"wp:attachment":[{"href":"https:\/\/redsemlac.com\/semmexico\/wp-json\/wp\/v2\/media?parent=36720"}],"wp:term":[{"taxonomy":"category","embeddable":true,"href":"https:\/\/redsemlac.com\/semmexico\/wp-json\/wp\/v2\/categories?post=36720"},{"taxonomy":"post_tag","embeddable":true,"href":"https:\/\/redsemlac.com\/semmexico\/wp-json\/wp\/v2\/tags?post=36720"}],"curies":[{"name":"wp","href":"https:\/\/api.w.org\/{rel}","templated":true}]}}