{"id":3672,"date":"2019-02-07T21:16:57","date_gmt":"2019-02-07T21:16:57","guid":{"rendered":"https:\/\/redsemlac.com\/semmexico\/?p=3672"},"modified":"2023-07-21T14:46:09","modified_gmt":"2023-07-21T19:46:09","slug":"otras-personas-expertas-senalan-que-esa-no-es-la-solucion","status":"publish","type":"post","link":"https:\/\/redsemlac.com\/semmexico\/otras-personas-expertas-senalan-que-esa-no-es-la-solucion\/","title":{"rendered":"Otras personas expertas se\u00f1alan que esa no es la soluci\u00f3n."},"content":{"rendered":"\n<p class=\"wp-block-paragraph\"><a href=\"https:\/\/www.semmexico.com\/gallery-post.php?id=7145#\">Redacci\u00f3n<\/a><\/p>\n\n\n\n<p class=\"wp-block-paragraph\"><strong>Lorena Vaniezcot<\/strong><\/p>\n\n\n\n<p class=\"wp-block-paragraph\">SemM\u00e9xico, Cd. de M\u00e9xico, 7 febrero 2019.- En M\u00e9xico cada d\u00eda se consuman 9.2 feminicidios, lo que se traduce en el asesinato de una mujer cada dos horas y 38 minutos.<\/p>\n\n\n\n<p class=\"wp-block-paragraph\">As\u00ed lo dijo el coordinador de Asuntos Jur\u00eddicos del Instituto Nacional de las Mujeres, Pablo Navarrete Guti\u00e9rrez, quien se\u00f1al\u00f3 que dicho instituto se pronuncia por la incorporaci\u00f3n del delito de feminicidio al cat\u00e1logo de cr\u00edmenes que ameritan la medida cautelar de prisi\u00f3n preventiva oficiosa.<\/p>\n\n\n\n<p class=\"wp-block-paragraph\">Durante la Mesa I \u201cFundamento constitucional de la prisi\u00f3n preventiva\u201d, en el que se discuti\u00f3 la reforma al art\u00edculo 19, el magistrado Juan Jos\u00e9 Olvera L\u00f3pez, explic\u00f3 que la prisi\u00f3n preventiva justificada es una buena alternativa, funciona y puede dar mejores resultados con una operaci\u00f3n m\u00e1s eficaz de la Fiscal\u00eda, dice el comunicado del Congreso.<\/p>\n\n\n\n<p class=\"wp-block-paragraph\">Por su parte, Arturo Coss\u00edo Zazueta, director del Seminario de Derecho Penal de la Facultad de Derecho de la UNAM, se pronunci\u00f3 por la desaparici\u00f3n de la prisi\u00f3n preventiva oficiosa, pues la preventiva es una medida cautelar. Explic\u00f3 que la Constituci\u00f3n ya la contempla. \u201cNo nos oponemos a la existencia de la prisi\u00f3n preventiva, s\u00ed a la oficiosa\u201d.<\/p>\n\n\n\n<p class=\"wp-block-paragraph\">Manuel Munive P\u00e1ez, de la Escuela Libre de Derecho, indic\u00f3 que ya existe la prisi\u00f3n preventiva justificada y no se requiere aumentar el cat\u00e1logo de delitos. \u201cDebe ser bajo unos est\u00e1ndares de racionalidad en casos en donde exista un peligro real de la vida, la libertad, la libertad sexual y seguridad de las personas. Esto ya est\u00e1 establecido por la Corte Interamericana que es derecho interno\u201d.<\/p>\n\n\n\n<p class=\"wp-block-paragraph\">Sin embargo, integrantes de la Diputaci\u00f3n federal, as\u00ed como personas expertas coincidieron, por separado, en que la prisi\u00f3n preventiva legal, como el aumento de penas, no contribuir\u00e1n en la disminuci\u00f3n de los delitos que se cometen en el pa\u00eds, pues consideraron que primero se requiere de una profesionalizaci\u00f3n de polic\u00edas, Ministerio P\u00fablico e impartidores de justicia.<\/p>\n\n\n\n<p class=\"wp-block-paragraph\">La diputada Mariana Rodr\u00edguez Mier y Ter\u00e1n (PRI) se\u00f1al\u00f3 que no se ha demostrado que los delitos que est\u00e1n actualmente en el Art\u00edculo 19 Constitucional, hayan tenido una reducci\u00f3n, por lo que se pudiera pensar que aumentar el cat\u00e1logo no es la soluci\u00f3n.<\/p>\n\n\n\n<p class=\"wp-block-paragraph\">Dijo que si no se ataca la discrecionalidad de los fiscales, \u201cno importa cu\u00e1ntos cr\u00edmenes pongamos en ese precepto porque ni siquiera se tendr\u00e1 la oportunidad de aplicarlos\u201d.<br><br>En tanto, el diputado Eduardo Zarzosa S\u00e1nchez, tambi\u00e9n del PRI, coment\u00f3 no estar de acuerdo en que esta prisi\u00f3n preventiva sea algo que solucione los problemas de inseguridad y coincidi\u00f3 en que no se pretenda subsanar las debilidades institucionales con m\u00e1s reformas constitucionales. Interrog\u00f3 a los especialistas en derechos humanos \u00bfcu\u00e1l ser\u00eda la realidad que plantear\u00edan en el caso de que se aprobara esta minuta y qu\u00e9 pasar\u00eda con los delitos?<\/p>\n\n\n\n<p class=\"wp-block-paragraph\">Mar\u00eda Rosete, diputada de Encuentro Social, resalt\u00f3 que la ciudadan\u00eda exige pacificar al pa\u00eds, no obstante, no se va a lograr endureciendo las penas. \u201cQueremos saber a d\u00f3nde se ha ido todo ese presupuesto que se asigna para capacitar a los funcionarios y a todos aquellos que se dedican a administrar la justicia\u201d, exigi\u00f3.<\/p>\n\n\n\n<p class=\"wp-block-paragraph\">Rub\u00e9n Francisco P\u00e9rez S\u00e1nchez, coordinador general de Seguimiento a Recomendaciones y de Asuntos Jur\u00eddicos de la Comisi\u00f3n Nacional de Derechos Humanos, reconoci\u00f3 la grave problem\u00e1tica que enfrentan los centros penitenciarios del pa\u00eds, que detectan la incidencia y falta de separaci\u00f3n entre procesados y sentenciados. \u201cLa CNDH no est\u00e1 en contra de la prisi\u00f3n preventiva, sino en contra de la oficiosa\u201d.<\/p>\n\n\n\n<p class=\"wp-block-paragraph\"><strong>220 mil personas en prisi\u00f3n<\/strong><\/p>\n\n\n\n<p class=\"wp-block-paragraph\">Gabriel Regino, abogado penalista, advirti\u00f3 que a 100 a\u00f1os de distancia estamos ante un riesgo de que por una percepci\u00f3n de inseguridad se crea que la soluci\u00f3n es la prisi\u00f3n. Prueba de ello es que hay casi 220 mil personas privadas de su libertad y muchos de ellos son inocentes.<\/p>\n\n\n\n<p class=\"wp-block-paragraph\">En su oportunidad, Gonzalo Alan\u00eds Figueroa de la Barra Mexicana del Colegio de Abogados, coincidi\u00f3 en la necesidad de una capacitaci\u00f3n integral de los agentes del Ministerio P\u00fablico y de polic\u00edas, acompa\u00f1ada del uso eficiente de tecnolog\u00edas de comunicaci\u00f3n y de informaci\u00f3n. \u201cSe tiene que fortalecer la construcci\u00f3n, dise\u00f1o y operaci\u00f3n de las plataformas de comunicaci\u00f3n eficientes\u201d.<\/p>\n\n\n\n<p class=\"wp-block-paragraph\">Santiago Nieto Castillo, de la Unidad de Inteligencia Financiera de la Secretar\u00eda de Hacienda, explic\u00f3 que la presunci\u00f3n de inocencia, es un derecho de corte fundamental b\u00e1sico en una sociedad democr\u00e1tica. Llam\u00f3 a mejorar el sistema y abatir los niveles de impunidad. \u201cAqu\u00ed el tema ser\u00eda si valdr\u00eda la pena incorporar otro tipo de elementos a nivel constitucional para poder tener la prisi\u00f3n preventiva oficiosa y reforzar con un sistema de procuraci\u00f3n de justicia, en donde el Servicio Civil de Carrera funcione\u201d.<\/p>\n\n\n\n<p class=\"wp-block-paragraph\">El diputado local del PRI, Bernardo Padilla Mu\u00f1oz, del Congreso de Baja California, subray\u00f3 que tan s\u00f3lo Tijuana, representa el 10 por ciento de los homicidios de todo el pa\u00eds durante el \u00faltimo a\u00f1o. \u201cHay una crisis all\u00e1 afuera, no hay que taparnos los ojos, algo est\u00e1 fallando en el sistema, puede que no sea la soluci\u00f3n la reforma al 19, complementemos con darle mayor trascendencia al art\u00edculo 16 constitucional.<\/p>\n\n\n\n<p class=\"wp-block-paragraph\">El representante legal del Colegio de M\u00e9xico, Jaime Hugo Talanc\u00f3n Escobedo, destac\u00f3 la responsabilidad del legislador en una pol\u00edtica criminal que brinde las herramientas para que el Ministerio P\u00fablico y el juez siempre tengan preparaci\u00f3n, profesionalizaci\u00f3n, actualizaci\u00f3n, compromiso con su naci\u00f3n y tomen en cuenta los principios de proporcionalidad, razonabilidad, individualizaci\u00f3n y motivaci\u00f3n jur\u00eddica.<\/p>\n\n\n\n<p class=\"wp-block-paragraph\"><strong>Presuntos culpables<\/strong><\/p>\n\n\n\n<p class=\"wp-block-paragraph\">Sergio L\u00f3pez Ayll\u00f3n, director del Centro de Investigaci\u00f3n y Docencia Econ\u00f3mica (CIDE), asegur\u00f3 que \u201cquienes promueven la reforma, olvidan que es un mecanismo que llevar\u00e1 a muchos inocentes y pobres a las c\u00e1rceles, y no a quienes realmente operan y se benefician de las grandes redes de corrupci\u00f3n y delincuencia organizada\u201d. Resalt\u00f3 que, de acuerdo con datos del Inegi, al cierre de 2016, el 35 por ciento de los reclusos en prisi\u00f3n est\u00e1n sin sentencia, es decir, \u201cson presuntos culpables\u201d.<\/p>\n\n\n\n<p class=\"wp-block-paragraph\">Jorge Emilio Iruegaz \u00c1lvarez, fiscal Anticorrupci\u00f3n de Oaxaca, dijo que el problema de que no se castigue los delitos o que las penas sean bajas no tiene nada que ver con el tema de la prisi\u00f3n preventiva. \u201cS\u00f3lo el dos por ciento de estos cr\u00edmenes son castigados y de las denuncias presentadas a la Auditor\u00eda Superior de la Federaci\u00f3n, hasta el 2002, s\u00f3lo siete fueron consignadas; reitero, si queremos justamente combatir ese delito, no nos enfoquemos en solo pedir prisi\u00f3n preventiva en autom\u00e1tico\u201d.<\/p>\n\n\n\n<p class=\"wp-block-paragraph\">Francisco Castellanos Garc\u00eda, del Sistema Nacional de Protecci\u00f3n Integral de Ni\u00f1as, Ni\u00f1os y Adolescentes, pidi\u00f3 apostarle a los derechos y a la garant\u00eda, antes que regresar a esquemas que criminalizan de nuevo a la juventud sin haber evaluado antes si realmente el Estado ha garantizado el pleno derecho de los adolescentes.<\/p>\n\n\n\n<p class=\"wp-block-paragraph\">SEM\/lv\/sj<\/p>\n","protected":false},"excerpt":{"rendered":"<p>Redacci\u00f3n Lorena Vaniezcot SemM\u00e9xico, Cd. de M\u00e9xico, 7 febrero 2019.- En M\u00e9xico cada d\u00eda se consuman 9.2 feminicidios, lo que se traduce en el asesinato de una mujer cada dos horas y 38 minutos. As\u00ed lo dijo el coordinador de Asuntos Jur\u00eddicos del Instituto Nacional de las Mujeres, Pablo Navarrete Guti\u00e9rrez, quien se\u00f1al\u00f3 que dicho [&hellip;]<\/p>\n","protected":false},"author":3,"featured_media":3673,"comment_status":"open","ping_status":"open","sticky":false,"template":"","format":"standard","meta":{"_monsterinsights_skip_tracking":false,"footnotes":""},"categories":[690,50],"tags":[],"class_list":["post-3672","post","type-post","status-publish","format-standard","has-post-thumbnail","category-690","category-congreso"],"_links":{"self":[{"href":"https:\/\/redsemlac.com\/semmexico\/wp-json\/wp\/v2\/posts\/3672","targetHints":{"allow":["GET"]}}],"collection":[{"href":"https:\/\/redsemlac.com\/semmexico\/wp-json\/wp\/v2\/posts"}],"about":[{"href":"https:\/\/redsemlac.com\/semmexico\/wp-json\/wp\/v2\/types\/post"}],"author":[{"embeddable":true,"href":"https:\/\/redsemlac.com\/semmexico\/wp-json\/wp\/v2\/users\/3"}],"replies":[{"embeddable":true,"href":"https:\/\/redsemlac.com\/semmexico\/wp-json\/wp\/v2\/comments?post=3672"}],"version-history":[{"count":0,"href":"https:\/\/redsemlac.com\/semmexico\/wp-json\/wp\/v2\/posts\/3672\/revisions"}],"wp:featuredmedia":[{"embeddable":true,"href":"https:\/\/redsemlac.com\/semmexico\/wp-json\/wp\/v2\/media\/3673"}],"wp:attachment":[{"href":"https:\/\/redsemlac.com\/semmexico\/wp-json\/wp\/v2\/media?parent=3672"}],"wp:term":[{"taxonomy":"category","embeddable":true,"href":"https:\/\/redsemlac.com\/semmexico\/wp-json\/wp\/v2\/categories?post=3672"},{"taxonomy":"post_tag","embeddable":true,"href":"https:\/\/redsemlac.com\/semmexico\/wp-json\/wp\/v2\/tags?post=3672"}],"curies":[{"name":"wp","href":"https:\/\/api.w.org\/{rel}","templated":true}]}}