{"id":36707,"date":"2021-06-09T13:25:44","date_gmt":"2021-06-09T19:25:44","guid":{"rendered":"https:\/\/redsemlac.com\/semmexico\/?p=36707"},"modified":"2023-07-21T17:01:38","modified_gmt":"2023-07-21T22:01:38","slug":"iniciativa-para-que-el-dia-internacional-de-la-mujer-sea-de-descanso-obligatorio-feministas-en-contra-de-esta-ocurrencia","status":"publish","type":"post","link":"https:\/\/redsemlac.com\/semmexico\/iniciativa-para-que-el-dia-internacional-de-la-mujer-sea-de-descanso-obligatorio-feministas-en-contra-de-esta-ocurrencia\/","title":{"rendered":"Iniciativa para que el D\u00eda Internacional de la Mujer sea de descanso obligatorio, feministas en contra de esta ocurrencia"},"content":{"rendered":"\n<ul class=\"wp-block-list\"><li><strong>De aprobarse inhibir\u00eda la movilizaci\u00f3n de la&nbsp; huelga mundial de mujeres, le quitar\u00eda sentido<\/strong><\/li><li><strong>El 8 de marzo es una jornada de protesta y de visibilidad de la condici\u00f3n social de la mitad de la poblaci\u00f3n<\/strong><\/li><\/ul>\n\n\n\n<p class=\"wp-block-paragraph\"><strong>Elda Montiel<\/strong><\/p>\n\n\n\n<p class=\"wp-block-paragraph\">SemM\u00e9xico, Cd. de M\u00e9xico, 9 de junio 2021.- La diputada del Partido Revolucionario Institucional PRI, Miriam del Sol Merino Cuevas propuso establecer como d\u00eda de descanso obligatorio el 8 de marzo \u201cD\u00eda Internacional de la Mujer\u201d, por lo que present\u00f3 la iniciativa para modificar el art\u00edculo 74 de la Ley Federal del Trabajo, que fue turnada a la Comisi\u00f3n de Trabajo y Previsi\u00f3n Social de la C\u00e1mara de Diputados.<\/p>\n\n\n\n<p class=\"wp-block-paragraph\">Consider\u00f3 que ser\u00eda un avance en la lucha contra la desigualdad y reconocer\u00eda el esfuerzo de las trabajadoras, \u201cporque su labor no termina, contin\u00faa en sus hogares en el trabajo no remunerado como las actividades del hogar y el cuidado de los hijos\u201d, acot\u00f3.&nbsp;<\/p>\n\n\n\n<p class=\"wp-block-paragraph\">Esta iniciativa, de aprobarse, inhibe &nbsp;la iniciativa y movilizaci\u00f3n de &nbsp;la huelga de las mujeres precisamente el 8 de marzo de cada a\u00f1o, dijo a &nbsp;SemM\u00e9xico, la diputada con licencia, Guadalupe Almaguer.<\/p>\n\n\n\n<p class=\"wp-block-paragraph\">El sentido de la huelga es mostrar qu\u00e9 sucede cuando las mujeres dejan de trabajar. El descanso obligatorio estar\u00eda contra el movimiento feminista. La priista proponente lo hace cuando est\u00e1 a punto de terminar el periodo legislativo. Y no tiene sentido, afirmaron las colectivas Pan y Rosas y otras que han impulsado las movilizaciones y huelgas de las mujeres en todo el mundo.<\/p>\n\n\n\n<p class=\"wp-block-paragraph\">La diputada Merino Cuevas, integrante de la Comisi\u00f3n de Igualdad de G\u00e9nero, refiere que al 2020, en M\u00e9xico habitaban 64 millones 540 mil 634 mujeres, lo que representa el 51.2 por ciento de la poblaci\u00f3n mexicana.&nbsp;<\/p>\n\n\n\n<p class=\"wp-block-paragraph\">De acuerdo con la Encuesta Nacional sobre Uso del Tiempo (ENUT), en 2019 las mujeres destinaban 31 por ciento de su tiempo al trabajo, 67 por ciento al trabajo no remunerado del hogar y el resto a la producci\u00f3n de bienes para uso exclusivo del hogar.<\/p>\n\n\n\n<p class=\"wp-block-paragraph\">\u201cEl trabajo de las mujeres no termina en sus empleos, Mientras que los hombres usaron 69 por ciento de su tiempo al trabajo, 28 por ciento a labores no remuneradas en los hogares y tres por ciento a producir bienes para uso exclusivo del hogar.&nbsp;<\/p>\n\n\n\n<p class=\"wp-block-paragraph\">Precisamente por estos datos, dijo Yndira Sandoval, promotora del grupo Nosotras Tenemos Otros Datos, revelan la importancia de llamar a una huelga de mujeres cada 8 de marzo. Consider\u00f3 que esta postura de la priista es una muestra de la ignorancia sobre la lucha del movimiento feminista y su sentido.<\/p>\n\n\n\n<p class=\"wp-block-paragraph\">La lucha por &nbsp;la igualdad de derechos y de oportunidades de las mujeres no es algo nuevo, puesto que &nbsp;mujeres como Clara Zetkin, pionera de las luchas obreras femeninas, impulsaban en Alemania los derechos de las mujeres desde 1910, y fue la creadora del d\u00eda internacional de la mujer.&nbsp;<\/p>\n\n\n\n<p class=\"wp-block-paragraph\">La ONU declar\u00f3 1975 como A\u00f1o Internacional de la Mujer; en 1977, invit\u00f3 a los Estados miembros a declarar en sus naciones el D\u00eda Internacional de la Mujer, y en M\u00e9xico se celebra el 8 de marzo como un d\u00eda emblem\u00e1tico para todas, sin embargo, en la legislaci\u00f3n laboral no existe como d\u00eda de descanso obligatorio para las trabajadoras.<\/p>\n","protected":false},"excerpt":{"rendered":"<p>De aprobarse inhibir\u00eda la movilizaci\u00f3n de la  huelga mundial de mujeres, le quitar\u00eda sentido<\/p>\n","protected":false},"author":3,"featured_media":36708,"comment_status":"open","ping_status":"open","sticky":false,"template":"","format":"standard","meta":{"_monsterinsights_skip_tracking":false,"footnotes":""},"categories":[692,50],"tags":[],"class_list":["post-36707","post","type-post","status-publish","format-standard","has-post-thumbnail","category-692","category-congreso"],"_links":{"self":[{"href":"https:\/\/redsemlac.com\/semmexico\/wp-json\/wp\/v2\/posts\/36707","targetHints":{"allow":["GET"]}}],"collection":[{"href":"https:\/\/redsemlac.com\/semmexico\/wp-json\/wp\/v2\/posts"}],"about":[{"href":"https:\/\/redsemlac.com\/semmexico\/wp-json\/wp\/v2\/types\/post"}],"author":[{"embeddable":true,"href":"https:\/\/redsemlac.com\/semmexico\/wp-json\/wp\/v2\/users\/3"}],"replies":[{"embeddable":true,"href":"https:\/\/redsemlac.com\/semmexico\/wp-json\/wp\/v2\/comments?post=36707"}],"version-history":[{"count":0,"href":"https:\/\/redsemlac.com\/semmexico\/wp-json\/wp\/v2\/posts\/36707\/revisions"}],"wp:featuredmedia":[{"embeddable":true,"href":"https:\/\/redsemlac.com\/semmexico\/wp-json\/wp\/v2\/media\/36708"}],"wp:attachment":[{"href":"https:\/\/redsemlac.com\/semmexico\/wp-json\/wp\/v2\/media?parent=36707"}],"wp:term":[{"taxonomy":"category","embeddable":true,"href":"https:\/\/redsemlac.com\/semmexico\/wp-json\/wp\/v2\/categories?post=36707"},{"taxonomy":"post_tag","embeddable":true,"href":"https:\/\/redsemlac.com\/semmexico\/wp-json\/wp\/v2\/tags?post=36707"}],"curies":[{"name":"wp","href":"https:\/\/api.w.org\/{rel}","templated":true}]}}