{"id":36704,"date":"2021-06-09T13:23:43","date_gmt":"2021-06-09T19:23:43","guid":{"rendered":"https:\/\/redsemlac.com\/semmexico\/?p=36704"},"modified":"2023-07-21T17:01:38","modified_gmt":"2023-07-21T22:01:38","slug":"concluye-primer-curso-con-perspectiva-de-genero-a-docentes-de-las-escuelas-de-arte-teatral-y-danza-del-inbal-para-atender-el-acoso-sexual","status":"publish","type":"post","link":"https:\/\/redsemlac.com\/semmexico\/concluye-primer-curso-con-perspectiva-de-genero-a-docentes-de-las-escuelas-de-arte-teatral-y-danza-del-inbal-para-atender-el-acoso-sexual\/","title":{"rendered":"Concluye primer curso con perspectiva de g\u00e9nero a docentes de las escuelas de Arte Teatral y Danza del INBAL para atender el acoso sexual"},"content":{"rendered":"\n<ul class=\"wp-block-list\"><li><strong>Mientras sigue el paro y no han separado profesores acosadores<\/strong><\/li><\/ul>\n\n\n\n<p class=\"wp-block-paragraph\"><strong>Elda Montiel<\/strong><\/p>\n\n\n\n<p class=\"wp-block-paragraph\">SemM\u00e9xico, Cd. de M\u00e9xico, 9 de junio 2021.- La directora general del INBAL, Lucina Jim\u00e9nez, durante la clausura de la primera jornada de capacitaci\u00f3n con perspectiva de g\u00e9nero a las comunidades docentes de la Academia de la Danza Mexicana y la Escuela Nacional de Arte Teatral, rechazo la estigmatizaci\u00f3n de estas escuelas por el tema de las violencias que \u201ces un d\u00e9ficit social que afecta a muchos espacios\u201d, dijo, sin referirse a las denuncias de abuso sexual contra docentes, administrativos y alumnos, por las alumnas que mantiene en paro activo a la ENAT desde el pasado 18 de marzo.&nbsp;<\/p>\n\n\n\n<p class=\"wp-block-paragraph\">En un comunicado el Instituto Nacional de Bellas Artes y Literatura (INBAL) se se\u00f1ala que estos cursos forman parte del convenio entre la Secretar\u00eda de las Mujeres de la Ciudad de M\u00e9xico con el Instituto Nacional de Bellas Artes y Literatura (INBAL) desde el pasado 25 de marzo y que se extender\u00e1n a las dem\u00e1s escuelas del Instituto.<\/p>\n\n\n\n<p class=\"wp-block-paragraph\">Refieren que adem\u00e1s se ha firmado tambi\u00e9n un convenio con la&nbsp;Comisi\u00f3n de Derechos Humanos de la Ciudad de M\u00e9xico y con la Fiscal\u00eda General de la Ciudad de M\u00e9xico.<\/p>\n\n\n\n<p class=\"wp-block-paragraph\">En el comunicado, s\u00f3lo mencionan que \u201cla coordinaci\u00f3n de la Subdirecci\u00f3n General de Educaci\u00f3n e Investigaci\u00f3n Art\u00edsticas (SGEIA), a partir de un diagn\u00f3stico previo a los cuerpos acad\u00e9micos, se dise\u00f1\u00f3 el plan de contenidos destinados a atender la problem\u00e1tica actual sobre la violencia hacia las mujeres, especialmente del acoso sexual en ambas escuelas\u201d.&nbsp;<\/p>\n\n\n\n<p class=\"wp-block-paragraph\">Sin mencionar que estos compromisos lo asumieron las autoridades el pasado 1 de junio con la Comunidad de Alumnas ENAT para dar seguimiento y resoluci\u00f3n a los petitorios que las Alumnas exigen para el cese del PARO NO ACTIVO, el cual contin\u00faa porque algunos de los docentes denunciados contin\u00faan frente a los grupos.&nbsp;<\/p>\n\n\n\n<p class=\"wp-block-paragraph\">En su discurso de clausura de los cursos, Lucina Jim\u00e9nez, hace referencia a una pol\u00edtica implementada desde 2019 de Cero Tolerancia al Acoso y Hostigamiento Sexual y que el fortalecimiento de estas acciones afirmativas se realizar\u00e1 acorde a los contextos, habilidades, saberes y formas culturales para conformar tambi\u00e9n los protocolos de prevenci\u00f3n -sobre todo y de atenci\u00f3n oportuna- para cualquier circunstancia que se presente en los centros escolares.&nbsp;<\/p>\n\n\n\n<p class=\"wp-block-paragraph\">Expreso que se tienden puentes colaborativos sin&nbsp;\u201cfomentar culturas de odio, ni de estereotipos de un lado o del otro, sino al contrario, formarnos todas y todos en este compromiso de una convivencia anclada en la \u00e9tica y en la est\u00e9tica que es al final de cuentas la \u00fanica relaci\u00f3n que hace posible el arte- y eso es lo que hemos de construir en este camino\u201d.&nbsp;<\/p>\n\n\n\n<p class=\"wp-block-paragraph\">Agradeci\u00f3 a la titular de la Semujeres,&nbsp;Ingrid Aurora G\u00f3mez, por la colaboraci\u00f3n para compartir, a trav\u00e9s de sus especialistas, experiencias y conocimientos con el cuerpo docente del Instituto.&nbsp;<\/p>\n\n\n\n<p class=\"wp-block-paragraph\">En el taller \u00abSensibilizaci\u00f3n de prevenci\u00f3n de la violencia de g\u00e9nero a docentes en escuelas del INBAL\u201d, participaron 160 docentes -mujeres y hombres- a quienes se les ofrecieron herramientas para ejercer su labor educativa con enfoque de g\u00e9nero y derechos humanos, as\u00ed como recomendaciones para el respeto al libre ejercicio de los derechos sexuales de las personas, identificando las&nbsp;causas y consecuencias de la violencia de g\u00e9nero.&nbsp;&nbsp;<\/p>\n\n\n\n<p class=\"wp-block-paragraph\">Durante la clausura tambi\u00e9n se cont\u00f3 con la presencia de Beatriz Mayen Hern\u00e1ndez, directora de Acciones para Erradicar la Discriminaci\u00f3n de la Semujeres; Mtra. Metzeri Mart\u00ednez N\u00fa\u00f1ez, directora de Atenci\u00f3n y Prevenci\u00f3n a la Violencia,&nbsp;as\u00ed como&nbsp;la subdirectora general de Educaci\u00f3n e Investigaci\u00f3n Art\u00edsticas del INBAL, Claudia del Pilar Ortega Gonz\u00e1lez.&nbsp;&nbsp;<\/p>\n\n\n\n<p class=\"wp-block-paragraph\">Al final del comunicado refieren que \u201cPor este camino, la Secretar\u00eda de Cultura y el INBAL avanzan para garantizar el derecho a la educaci\u00f3n libre de todo tipo de violencias en sus diversos centros de trabajo, en colaboraci\u00f3n con la Secretar\u00eda de las Mujeres\u201d.&nbsp;<\/p>\n\n\n\n<p class=\"wp-block-paragraph\">Tambi\u00e9n dijo la directora del INBAL que se implement\u00f3 desde 2019 una \u00a0pol\u00edtica de g\u00e9nero. Sin hacer una menci\u00f3n expl\u00edcita a las reuniones entre las autoridades del INBAL con la Comunidad.<\/p>\n\n\n\n<h2 class=\"wp-block-heading\"><strong>Compromiso de docentes contra la violencia de g\u00e9nero&nbsp;<\/strong><\/h2>\n\n\n\n<p class=\"wp-block-paragraph\"><br>As\u00ed, el pasado 1 de junio, en la primera sesi\u00f3n \u00abLa comunicaci\u00f3n asertiva en la labor docente y g\u00e9nero\u201d, impartida por Jessica Fern\u00e1ndez Romero, asesora especialista de la Luna Azcapotzalco de la Semujeres, se abordaron temas como la docencia y su relaci\u00f3n con los tipos de comunicaci\u00f3n y el g\u00e9nero, adem\u00e1s de brindar recomendaciones para mejorar la pr\u00e1ctica del respeto al interior de las aulas.&nbsp;<br><br>En las sesiones subsecuentes se revisaron los factores que vulneran los derechos humanos de las personas, los estereotipos de g\u00e9nero en la docencia, y se trazaron rutas de atenci\u00f3n y prevenci\u00f3n de la violencia en las escuelas.&nbsp;<br><br>En el marco del Convenio de colaboraci\u00f3n con el INBAL, firmado el pasado 25 de marzo, la Semujeres tambi\u00e9n brindar\u00e1 orientaci\u00f3n, asesor\u00eda legal y psicoemocional a las personas integrantes de la comunidad del INBAL en las Lunas, que son las unidades territoriales de prevenci\u00f3n y atenci\u00f3n a la violencia de g\u00e9nero, ubicadas en las 16 alcald\u00edas de la Ciudad de M\u00e9xico.&nbsp;<br><br>Durante la clausura tambi\u00e9n se cont\u00f3 con la presencia de Beatriz Mayen Hern\u00e1ndez, directora de Acciones para Erradicar la Discriminaci\u00f3n de la Semujeres; Mtra. Metzeri Mart\u00ednez N\u00fa\u00f1ez, directora de Atenci\u00f3n y Prevenci\u00f3n a la Violencia,&nbsp;as\u00ed como&nbsp;la subdirectora general de Educaci\u00f3n e Investigaci\u00f3n Art\u00edsticas del INBAL, Claudia del Pilar Ortega Gonz\u00e1lez.&nbsp;&nbsp;<\/p>\n\n\n\n<p class=\"wp-block-paragraph\">Ninguna menci\u00f3n a la reuni\u00f3n del pasado 1 de junio de la Comunidad de Alumnas ENAT con las autoridades del Instituto Nacional de Bellas Artes y Literatura, de la Subdirecci\u00f3n General de Educaci\u00f3n e Investigaci\u00f3n Art\u00edsticas y de la Escuela Nacional de Arte Teatral, para dar seguimiento y resoluci\u00f3n a los petitorios que las Alumnas exigen para el cese del PARO NO ACTIVO iniciado&nbsp;&nbsp;desde el pasado 18 de marzo.<\/p>\n","protected":false},"excerpt":{"rendered":"<p>Mientras sigue el paro y no han separado profesores acosadores<\/p>\n","protected":false},"author":3,"featured_media":36705,"comment_status":"open","ping_status":"open","sticky":false,"template":"","format":"standard","meta":{"_monsterinsights_skip_tracking":false,"footnotes":""},"categories":[692,54],"tags":[],"class_list":["post-36704","post","type-post","status-publish","format-standard","has-post-thumbnail","category-692","category-mujeres"],"_links":{"self":[{"href":"https:\/\/redsemlac.com\/semmexico\/wp-json\/wp\/v2\/posts\/36704","targetHints":{"allow":["GET"]}}],"collection":[{"href":"https:\/\/redsemlac.com\/semmexico\/wp-json\/wp\/v2\/posts"}],"about":[{"href":"https:\/\/redsemlac.com\/semmexico\/wp-json\/wp\/v2\/types\/post"}],"author":[{"embeddable":true,"href":"https:\/\/redsemlac.com\/semmexico\/wp-json\/wp\/v2\/users\/3"}],"replies":[{"embeddable":true,"href":"https:\/\/redsemlac.com\/semmexico\/wp-json\/wp\/v2\/comments?post=36704"}],"version-history":[{"count":0,"href":"https:\/\/redsemlac.com\/semmexico\/wp-json\/wp\/v2\/posts\/36704\/revisions"}],"wp:featuredmedia":[{"embeddable":true,"href":"https:\/\/redsemlac.com\/semmexico\/wp-json\/wp\/v2\/media\/36705"}],"wp:attachment":[{"href":"https:\/\/redsemlac.com\/semmexico\/wp-json\/wp\/v2\/media?parent=36704"}],"wp:term":[{"taxonomy":"category","embeddable":true,"href":"https:\/\/redsemlac.com\/semmexico\/wp-json\/wp\/v2\/categories?post=36704"},{"taxonomy":"post_tag","embeddable":true,"href":"https:\/\/redsemlac.com\/semmexico\/wp-json\/wp\/v2\/tags?post=36704"}],"curies":[{"name":"wp","href":"https:\/\/api.w.org\/{rel}","templated":true}]}}