{"id":36701,"date":"2021-06-09T13:19:25","date_gmt":"2021-06-09T19:19:25","guid":{"rendered":"https:\/\/redsemlac.com\/semmexico\/?p=36701"},"modified":"2023-07-21T17:01:38","modified_gmt":"2023-07-21T22:01:38","slug":"reconocimiento-a-las-autoridades-electorales-y-ciudadania-por-elecciones-pacificas-y-democraticas-observadores-internacionales","status":"publish","type":"post","link":"https:\/\/redsemlac.com\/semmexico\/reconocimiento-a-las-autoridades-electorales-y-ciudadania-por-elecciones-pacificas-y-democraticas-observadores-internacionales\/","title":{"rendered":"Reconocimiento a las autoridades electorales y ciudadan\u00eda por elecciones pac\u00edficas y democr\u00e1ticas: Observadores internacionales"},"content":{"rendered":"\n<ul class=\"wp-block-list\"><li><strong>En dos d\u00edas dar\u00e1n resultados de la observaci\u00f3n nacional e internacional<\/strong><\/li><\/ul>\n\n\n\n<p class=\"wp-block-paragraph\"><strong>Elda Montiel<\/strong><\/p>\n\n\n\n<p class=\"wp-block-paragraph\">SemM\u00e9xico, Cd. de M\u00e9xico, 9 de junio 2021.- Los observadores electorales internacionales hicieron un reconocimiento a la ciudadan\u00eda, al Instituto Nacional Electoral (INE), y al sistema de partidos pol\u00edticos por las elecciones del 6 de junio, que se llevaron a cabo de forma pac\u00edfica, en general, y se guardaron las medidas sanitarias por la pandemia.<\/p>\n\n\n\n<p class=\"wp-block-paragraph\">En conferencia de prensa Armand Peschard, representante de la misi\u00f3n de especialistas de Norteam\u00e9rica (Canad\u00e1 y Estados Unidos), coordinada por Delian Project en su opini\u00f3n la alta participaci\u00f3n de las y los mexicanos se dio por la confianza en el INE, la integridad del voto, en el sistema de partidos pol\u00edticos, como lo demostr\u00f3 la pluralidad del resultado.<\/p>\n\n\n\n<p class=\"wp-block-paragraph\">Los integrantes de la Delegaci\u00f3n del Proyecto Delian, reconocen tambi\u00e9n a los hombres y mujeres que integran el Instituto Nacional Electoral y los Organismos P\u00fablicos Locales y el papel que desempe\u00f1aron, el cual da cuenta de su capacidad institucional, profesionalismo e imparcialidad para salvaguardar la integridad del voto del pueblo mexicano.<\/p>\n\n\n\n<p class=\"wp-block-paragraph\">\u201cMenci\u00f3n especial va para los hombres y mujeres voluntarios que desempe\u00f1aron sus responsabilidades como funcionarios de casillas o mesas de votaci\u00f3n y que con orgullo y alegr\u00eda asumieron su deber c\u00edvico de asegurar que todos los votos fueran correctamente contados\u201d.<\/p>\n\n\n\n<p class=\"wp-block-paragraph\">Peschard tambi\u00e9n hizo un reconocimiento \u201ca todos los hombres y mujeres que han perdido la vida simplemente por ser part\u00edcipes de la democracia electoral de M\u00e9xico y aspirar por un futuro mejor para los ciudadanos de esta gran naci\u00f3n\u201d.<\/p>\n\n\n\n<p class=\"wp-block-paragraph\">Jos\u00e9 Miguel Insulza, senador chileno y ex secretario de la Organizaci\u00f3n de los Estados Americanos (OEA), en su calidad de Presidente de la misi\u00f3n de la Conferencia Permanente de Partidos Pol\u00edticos de Am\u00e9rica Latina y el Caribe (COPPPAL) expres\u00f3 que \u201cque la gente vot\u00f3 en paz, vot\u00f3 con calma, vot\u00f3 con tranquilidad y vot\u00f3 lo que quer\u00eda; ten\u00eda todas las opciones disponibles y el INE les proporcion\u00f3 la forma para que lo hiciera, para que expresara sus opiniones y expresara sus opciones\u201d.<\/p>\n\n\n\n<p class=\"wp-block-paragraph\">Respecto a los incidentes, dijo que \u201cNo nos podemos quedar con los detalles, los detalles o los otros problemas pueden ser anecd\u00f3ticos, pero no juegan un papel en lo que pas\u00f3 ayer\u201d.<\/p>\n\n\n\n<p class=\"wp-block-paragraph\">Eduardo N\u00fa\u00f1ez, representante de la misi\u00f3n de especialistas de Latinoam\u00e9rica (grupo conformado por 5 expresidentes de autoridades electorales de la regi\u00f3n: Panam\u00e1, El Salvador, Colombia, Per\u00fa y Puerto Rico, destac\u00f3 el desempe\u00f1o de las y los ciudadanos mexicanos en materia de participaci\u00f3n, la cual describi\u00f3 como plural y profundamente democr\u00e1tica y notablemente activa.<\/p>\n\n\n\n<p class=\"wp-block-paragraph\">Rom\u00e1n J\u00e1quez, magistrado presidente de la Junta Central Electoral de Rep\u00fablica Dominicana y presidente de la Uni\u00f3n Interamericana de Organismos Electorales (UNIORE), coincidi\u00f3 en la importancia de la participaci\u00f3n de la ciudadan\u00eda, que respet\u00f3 las medidas sanitarias, acudiendo a las urnas con cubrebocas, guardando la distancia entre personas y esperando con tranquilidad su turno para votar.<\/p>\n\n\n\n<p class=\"wp-block-paragraph\">Max Zald\u00edvar, representante de la International Foundation for Electoral Systems (IFES), mencion\u00f3 que el proceso electoral fue largo, la campa\u00f1a muy intensa, bajo un contexto de una pandemia sin precedentes en M\u00e9xico y en el mundo, adem\u00e1s de un contexto de polarizaci\u00f3n pol\u00edtica natural en los procesos de elecci\u00f3n.<\/p>\n\n\n\n<p class=\"wp-block-paragraph\">\u201cLa violencia electora que pudimos observar que fue muy lamentable, pero en procesos electorales locales la violencia electoral lastimosamente es una de las caracter\u00edsticas que los acompa\u00f1an, pero por supuesto hay que tomar medidas para evitar que esto suceda\u201d.<\/p>\n\n\n\n<p class=\"wp-block-paragraph\">A\u00f1adi\u00f3 que el resultado de esta elecci\u00f3n refleja una madurez de los partidos pol\u00edticos. \u201cCreo que lo podemos resumir con que se concret\u00f3 una repartici\u00f3n de poder democr\u00e1tica y c\u00edvica en M\u00e9xico\u201d.<\/p>\n","protected":false},"excerpt":{"rendered":"<p>En dos d\u00edas dar\u00e1n resultados de la observaci\u00f3n nacional e internacional<\/p>\n","protected":false},"author":3,"featured_media":36702,"comment_status":"open","ping_status":"open","sticky":false,"template":"","format":"standard","meta":{"_monsterinsights_skip_tracking":false,"footnotes":""},"categories":[692,141],"tags":[],"class_list":["post-36701","post","type-post","status-publish","format-standard","has-post-thumbnail","category-692","category-elecciones-2020-2021"],"_links":{"self":[{"href":"https:\/\/redsemlac.com\/semmexico\/wp-json\/wp\/v2\/posts\/36701","targetHints":{"allow":["GET"]}}],"collection":[{"href":"https:\/\/redsemlac.com\/semmexico\/wp-json\/wp\/v2\/posts"}],"about":[{"href":"https:\/\/redsemlac.com\/semmexico\/wp-json\/wp\/v2\/types\/post"}],"author":[{"embeddable":true,"href":"https:\/\/redsemlac.com\/semmexico\/wp-json\/wp\/v2\/users\/3"}],"replies":[{"embeddable":true,"href":"https:\/\/redsemlac.com\/semmexico\/wp-json\/wp\/v2\/comments?post=36701"}],"version-history":[{"count":0,"href":"https:\/\/redsemlac.com\/semmexico\/wp-json\/wp\/v2\/posts\/36701\/revisions"}],"wp:featuredmedia":[{"embeddable":true,"href":"https:\/\/redsemlac.com\/semmexico\/wp-json\/wp\/v2\/media\/36702"}],"wp:attachment":[{"href":"https:\/\/redsemlac.com\/semmexico\/wp-json\/wp\/v2\/media?parent=36701"}],"wp:term":[{"taxonomy":"category","embeddable":true,"href":"https:\/\/redsemlac.com\/semmexico\/wp-json\/wp\/v2\/categories?post=36701"},{"taxonomy":"post_tag","embeddable":true,"href":"https:\/\/redsemlac.com\/semmexico\/wp-json\/wp\/v2\/tags?post=36701"}],"curies":[{"name":"wp","href":"https:\/\/api.w.org\/{rel}","templated":true}]}}