{"id":36693,"date":"2021-06-09T13:09:50","date_gmt":"2021-06-09T19:09:50","guid":{"rendered":"https:\/\/redsemlac.com\/semmexico\/?p=36693"},"modified":"2023-07-21T17:01:38","modified_gmt":"2023-07-21T22:01:38","slug":"prep-al-37-5-por-ciento-de-actas-computadas-en-eleccion-de-gobernador-deja-de-funcionar","status":"publish","type":"post","link":"https:\/\/redsemlac.com\/semmexico\/prep-al-37-5-por-ciento-de-actas-computadas-en-eleccion-de-gobernador-deja-de-funcionar\/","title":{"rendered":"PREP al 37.5 por ciento de actas computadas en elecci\u00f3n de gobernador deja de funcionar"},"content":{"rendered":"\n<ul class=\"wp-block-list\"><li><strong>No se confirma el triunfo de Morena en Guerrero<\/strong><\/li><\/ul>\n\n\n\n<p class=\"wp-block-paragraph\"><strong>Redacci\u00f3n<\/strong><strong>&nbsp;<\/strong><strong><\/strong><\/p>\n\n\n\n<p class=\"wp-block-paragraph\">SemM\u00e9xico\/ Ceprovysa, Chilpancingo, Guerrero. Junio 9, 2021.- El PREP, con el 37.5 por ciento &nbsp;de las actas computadas da una ventaja a Evelyn Salgado Pineda, Candidata de Morena, sobre el Candidato de la alianza PRI-PRD, Mario Moreno Arcos, sin embargo, dej\u00f3 de funcionar.<\/p>\n\n\n\n<p class=\"wp-block-paragraph\">El Consejero Presidente del Instituto Electoral y de Participaci\u00f3n Ciudadana, Nazarin Vargas Armenta defendi\u00f3 el funcionamiento del PREP, Programa de Resultados Preliminares, y atribuy\u00f3 su lento funcionamiento \u201ca cortes de energ\u00eda el\u00e9ctrica\u201d.<\/p>\n\n\n\n<p class=\"wp-block-paragraph\">Dijo que \u201cno se cay\u00f3 el sistema\u201d, que \u201chubo problemas de conectividad\u201d por la falta de energ\u00eda el\u00e9ctrica.<\/p>\n\n\n\n<p class=\"wp-block-paragraph\">A su vez la Consejera Cinthya Citlali D\u00edaz Fuentes inform\u00f3 los costos de la operaci\u00f3n del PREP.<\/p>\n\n\n\n<p class=\"wp-block-paragraph\">Dijo que tuvo un costo de 2.9 millones de pesos. La implementaci\u00f3n del Programa cost\u00f3 35 millones de pesos que incluy\u00f3 \u201cla instalaci\u00f3n del equipo en los 28 Distritos Electorales, instalaci\u00f3n el\u00e9ctrica, internet y personal\u201d.<\/p>\n\n\n\n<p class=\"wp-block-paragraph\">La consejera agreg\u00f3 que las fallas de energ\u00eda el\u00e9ctrica se presentaron en los Consejos Distritales de Iguala, Ayutla, San Luis Acatl\u00e1n, San Marcos y Coyuca de Catal\u00e1n.<\/p>\n\n\n\n<p class=\"wp-block-paragraph\">El Consejero Presidente Nazarin Vargas Armenta resalt\u00f3 que \u201clos resultados del PREP son Preliminares, no definitivos\u201d y que a partir de \u00e9ste mi\u00e9rcoles se inician los c\u00f3mputos distritales y que el c\u00f3mputo estatal ser\u00e1 el domingo 13 de junio.<\/p>\n\n\n\n<p class=\"wp-block-paragraph\">Por su parte, el Consejero Edmar Le\u00f3n Garc\u00eda apunt\u00f3 que \u201cla situaci\u00f3n del PREP no pone en riesgo los resultados de la elecci\u00f3n\u201d<\/p>\n\n\n\n<p class=\"wp-block-paragraph\">Coment\u00f3 que en los 28 Consejos Distritales ya se encuentran depositados \u201cy bajo resguardo\u201d\u201d &nbsp;5 mil 8 Paquetes, de 5 mil 12.<\/p>\n","protected":false},"excerpt":{"rendered":"<p>No se confirma el triunfo de Morena en Guerrero<\/p>\n","protected":false},"author":3,"featured_media":36694,"comment_status":"open","ping_status":"open","sticky":false,"template":"","format":"standard","meta":{"_monsterinsights_skip_tracking":false,"footnotes":""},"categories":[692,141],"tags":[],"class_list":["post-36693","post","type-post","status-publish","format-standard","has-post-thumbnail","category-692","category-elecciones-2020-2021"],"_links":{"self":[{"href":"https:\/\/redsemlac.com\/semmexico\/wp-json\/wp\/v2\/posts\/36693","targetHints":{"allow":["GET"]}}],"collection":[{"href":"https:\/\/redsemlac.com\/semmexico\/wp-json\/wp\/v2\/posts"}],"about":[{"href":"https:\/\/redsemlac.com\/semmexico\/wp-json\/wp\/v2\/types\/post"}],"author":[{"embeddable":true,"href":"https:\/\/redsemlac.com\/semmexico\/wp-json\/wp\/v2\/users\/3"}],"replies":[{"embeddable":true,"href":"https:\/\/redsemlac.com\/semmexico\/wp-json\/wp\/v2\/comments?post=36693"}],"version-history":[{"count":0,"href":"https:\/\/redsemlac.com\/semmexico\/wp-json\/wp\/v2\/posts\/36693\/revisions"}],"wp:featuredmedia":[{"embeddable":true,"href":"https:\/\/redsemlac.com\/semmexico\/wp-json\/wp\/v2\/media\/36694"}],"wp:attachment":[{"href":"https:\/\/redsemlac.com\/semmexico\/wp-json\/wp\/v2\/media?parent=36693"}],"wp:term":[{"taxonomy":"category","embeddable":true,"href":"https:\/\/redsemlac.com\/semmexico\/wp-json\/wp\/v2\/categories?post=36693"},{"taxonomy":"post_tag","embeddable":true,"href":"https:\/\/redsemlac.com\/semmexico\/wp-json\/wp\/v2\/tags?post=36693"}],"curies":[{"name":"wp","href":"https:\/\/api.w.org\/{rel}","templated":true}]}}