{"id":3669,"date":"2019-02-07T21:15:02","date_gmt":"2019-02-07T21:15:02","guid":{"rendered":"https:\/\/redsemlac.com\/semmexico\/?p=3669"},"modified":"2023-07-21T14:46:09","modified_gmt":"2023-07-21T19:46:09","slug":"aspirantes-mexicanas-que-hayan-incidido-y-destacado-en-la-lucha-de-las-mujeres-del-pais","status":"publish","type":"post","link":"https:\/\/redsemlac.com\/semmexico\/aspirantes-mexicanas-que-hayan-incidido-y-destacado-en-la-lucha-de-las-mujeres-del-pais\/","title":{"rendered":"Aspirantes: mexicanas que hayan incidido y destacado en la lucha de las mujeres del pa\u00eds."},"content":{"rendered":"\n<p class=\"wp-block-paragraph\"><a href=\"https:\/\/www.semmexico.com\/gallery-post.php?id=7146#\">Redacci\u00f3n<\/a><\/p>\n\n\n\n<p class=\"wp-block-paragraph\">SemM\u00e9xico, Cd. de M\u00e9xico, 7 febrero 2019.- La C\u00e1mara de Diputados convoc\u00f3 a postular a las candidatas con m\u00e9rito suficiente para recibir la Medalla \u201cSor Juana In\u00e9s de la Cruz\u201d.<\/p>\n\n\n\n<p class=\"wp-block-paragraph\">En la Universidad del Claustro de Sor Juana se dio a conocer la convocatoria que est\u00e1 dirigida a los Poderes de la Naci\u00f3n, organismos aut\u00f3nomos, entidades federativas, universidades nacionales p\u00fablicas y privadas, asociaciones civiles, t\u00e9cnicas, cient\u00edficas, culturales e instituciones representativas de la sociedad.<\/p>\n\n\n\n<p class=\"wp-block-paragraph\">La convocatoria que emiti\u00f3 la Mesa Directiva de la C\u00e1mara de Diputados el 26 de septiembre de 2018, para el proceso de presentaci\u00f3n de aspirantes a la presea, que por primera vez ser\u00e1 entregada durante la LXIV Legislatura.<\/p>\n\n\n\n<p class=\"wp-block-paragraph\">La diputada Sara Rocha Medina (PRI), secretaria de la Mesa Directiva, destac\u00f3 que la medalla se otorgar\u00e1 anualmente a mexicanas que hayan incidido y destacado en la lucha social, cultural, pol\u00edtica, cient\u00edfica y econ\u00f3mica de las mujeres del pa\u00eds.<\/p>\n\n\n\n<p class=\"wp-block-paragraph\">Las propuestas deber\u00e1n presentarse por escrito y acompa\u00f1adas de todos los documentos -f\u00edsicos y en formato electr\u00f3nico- que brinden datos generales de la candidata y la instituci\u00f3n que la promueve.<\/p>\n\n\n\n<p class=\"wp-block-paragraph\">Tambi\u00e9n, en un breve texto, se deber\u00e1n exponer los motivos por los cuales se impulsa su candidatura, inform\u00f3.<\/p>\n\n\n\n<p class=\"wp-block-paragraph\">La recepci\u00f3n de los documentos inici\u00f3 en enero y concluir\u00e1 en febrero. Al respecto, la legisladora destac\u00f3 que ya se entregaron varias propuestas.<\/p>\n\n\n\n<p class=\"wp-block-paragraph\">Indic\u00f3 que una vez que la Mesa Directiva re\u00fana y valide los expedientes los enviar\u00e1 a la Comisi\u00f3n de R\u00e9gimen, Reglamento y Pr\u00e1cticas Parlamentarias, a efecto de dictaminar y seleccionar a la ganadora.<\/p>\n\n\n\n<p class=\"wp-block-paragraph\">La determinaci\u00f3n de quien recibir\u00e1 la medalla ser\u00e1 mediante acuerdos que tome la C\u00e1mara de Diputados, en atenci\u00f3n al dictamen que presentar\u00e1 la mencionada instancia legislativa, con la opini\u00f3n de la Comisi\u00f3n de Igualdad de G\u00e9nero, agreg\u00f3.<\/p>\n\n\n\n<p class=\"wp-block-paragraph\">Rocha Medina inform\u00f3 que el galard\u00f3n ser\u00e1 entregado en sesi\u00f3n solemne de la C\u00e1mara de Diputados, durante la primera semana del mes de marzo de cada a\u00f1o, de la legislatura que corresponda, en la fecha que acuerden los \u00f3rganos de gobierno.<\/p>\n\n\n\n<p class=\"wp-block-paragraph\">Asimismo, agreg\u00f3 que las bases de la convocatoria se encuentran publicadas en la p\u00e1gina oficial de la C\u00e1mara de Diputados, as\u00ed como el decreto de la creaci\u00f3n de la Medalla \u201cSor Juana In\u00e9s de la Cruz\u201d y el respectivo reglamento.<\/p>\n\n\n\n<p class=\"wp-block-paragraph\">Al acto asisti\u00f3 la rectora de la Universidad del Claustro de Sor Juana, Carmen Beatriz L\u00f3pez-Portillo Romano, quien en su oportunidad subray\u00f3 la importancia de esta presea. Destac\u00f3 que pocos personajes de la historia asumieron su vocaci\u00f3n como lo hizo Juana In\u00e9s de Asbaje y Ram\u00edrez de Santillana, conocida como Sor Juana In\u00e9s de la Cruz.<\/p>\n\n\n\n<p class=\"wp-block-paragraph\">Por eso, enfatiz\u00f3, \u201cvale la pena hablar de ella\u201d, hay varias constantes que atraviesan su vida y obra, como \u201cel amor a la libertad y al saber. El pensamiento de Sor Juana se sustenta en la gratuidad del amor que posibilita el saber y la vida, la relaci\u00f3n que nos trasciende con el otro y con nosotros mismos\u201d.<\/p>\n\n\n\n<p class=\"wp-block-paragraph\">SEM\/lv\/sj<\/p>\n","protected":false},"excerpt":{"rendered":"<p>Redacci\u00f3n SemM\u00e9xico, Cd. de M\u00e9xico, 7 febrero 2019.- La C\u00e1mara de Diputados convoc\u00f3 a postular a las candidatas con m\u00e9rito suficiente para recibir la Medalla \u201cSor Juana In\u00e9s de la Cruz\u201d. En la Universidad del Claustro de Sor Juana se dio a conocer la convocatoria que est\u00e1 dirigida a los Poderes de la Naci\u00f3n, organismos [&hellip;]<\/p>\n","protected":false},"author":3,"featured_media":3670,"comment_status":"open","ping_status":"open","sticky":false,"template":"","format":"standard","meta":{"_monsterinsights_skip_tracking":false,"footnotes":""},"categories":[690,50],"tags":[],"class_list":["post-3669","post","type-post","status-publish","format-standard","has-post-thumbnail","category-690","category-congreso"],"_links":{"self":[{"href":"https:\/\/redsemlac.com\/semmexico\/wp-json\/wp\/v2\/posts\/3669","targetHints":{"allow":["GET"]}}],"collection":[{"href":"https:\/\/redsemlac.com\/semmexico\/wp-json\/wp\/v2\/posts"}],"about":[{"href":"https:\/\/redsemlac.com\/semmexico\/wp-json\/wp\/v2\/types\/post"}],"author":[{"embeddable":true,"href":"https:\/\/redsemlac.com\/semmexico\/wp-json\/wp\/v2\/users\/3"}],"replies":[{"embeddable":true,"href":"https:\/\/redsemlac.com\/semmexico\/wp-json\/wp\/v2\/comments?post=3669"}],"version-history":[{"count":0,"href":"https:\/\/redsemlac.com\/semmexico\/wp-json\/wp\/v2\/posts\/3669\/revisions"}],"wp:featuredmedia":[{"embeddable":true,"href":"https:\/\/redsemlac.com\/semmexico\/wp-json\/wp\/v2\/media\/3670"}],"wp:attachment":[{"href":"https:\/\/redsemlac.com\/semmexico\/wp-json\/wp\/v2\/media?parent=3669"}],"wp:term":[{"taxonomy":"category","embeddable":true,"href":"https:\/\/redsemlac.com\/semmexico\/wp-json\/wp\/v2\/categories?post=3669"},{"taxonomy":"post_tag","embeddable":true,"href":"https:\/\/redsemlac.com\/semmexico\/wp-json\/wp\/v2\/tags?post=3669"}],"curies":[{"name":"wp","href":"https:\/\/api.w.org\/{rel}","templated":true}]}}