{"id":36686,"date":"2021-06-08T17:09:13","date_gmt":"2021-06-08T23:09:13","guid":{"rendered":"https:\/\/redsemlac.com\/semmexico\/?p=36686"},"modified":"2023-07-21T17:01:39","modified_gmt":"2023-07-21T22:01:39","slug":"comunicado-9-basilia-castaneda-maciel","status":"publish","type":"post","link":"https:\/\/redsemlac.com\/semmexico\/comunicado-9-basilia-castaneda-maciel\/","title":{"rendered":"Comunicado 9. Basilia Casta\u00f1eda Maciel"},"content":{"rendered":"\n<h2 class=\"wp-block-heading\">Carta a Kamala Harris.<\/h2>\n\n\n\n<p class=\"wp-block-paragraph\">Kamala Harris.<\/p>\n\n\n\n<p class=\"wp-block-paragraph\">Vicepresidenta de los Estados Unidos de Norteam\u00e9rica<\/p>\n\n\n\n<p class=\"wp-block-paragraph\">Presente<\/p>\n\n\n\n<p class=\"wp-block-paragraph\">Guerrero a 8 de junio de 2021<\/p>\n\n\n\n<p class=\"wp-block-paragraph\">Mi nombre es Basilia Casta\u00f1eda Maciel y desde el a\u00f1o pasado present\u00e9 a diversas autoridades mexicanas, mi denuncia por hechos de violencia sexual grave en mi contra, cuando era ni\u00f1a, responsabilizando de ello a F\u00e9lix Salgado Macedonio.<\/p>\n\n\n\n<p class=\"wp-block-paragraph\">Ante la pretensi\u00f3n de mi agresor de ser candidato, durante este proceso electoral, a la gubernatura del estado de Guerrero por el partido pol\u00edtico MORENA, del cual soy militante fundadora, present\u00e9 denuncia intrapartidaria, para que cumpliera con los principios y estatutos que nos dimos para garantizar la igualdad entre mujeres y hombres y los derechos humanos y, al investigar, no se permitiera que F\u00e9lix Salgado Macedonio representara a Morena en la gubernatura.<\/p>\n\n\n\n<p class=\"wp-block-paragraph\">La respuesta de las autoridades de investigaci\u00f3n penal y de investigaci\u00f3n intrapartidaria han sido, hasta ahora, de impunidad. Bajo formalismos legales han limitado y obstaculizado el acceso a la justicia.<\/p>\n\n\n\n<p class=\"wp-block-paragraph\">Pero lo m\u00e1s grave para mi ha sido que el propio presidente de la Rep\u00fablica, Andr\u00e9s Manuel L\u00f3pez Obrador, l\u00edder fundador de MORENA, me ha dado la espalda desde el primer momento, ha dicho que mi exigencia de justicia no es real, me ha calumniado desde los espacios de comunicaci\u00f3n oficiales se\u00f1alando que mi denuncia es un asunto s\u00f3lo electoral y manipulado por intereses de otras personas. Desde sus afirmaciones se ha sostenido una campa\u00f1a de calumnias y criminalizaci\u00f3n en medios de comunicaci\u00f3n y sobre todo en redes sociales, en mi contra, as\u00ed como en contra de mi familia y mis abogadas, lo que ha construido un riesgo real para mi integridad y mi vida en M\u00e9xico.<\/p>\n\n\n\n<p class=\"wp-block-paragraph\">La hija de mi agresor, Evelyn Salgado Pineda, es pr\u00e1cticamente la ganadora de la gubernatura de Guerrero, pero ninguna de las autoridades a las que he presentado mi denuncia, ni las autoridades penales, intrapartidarias ni electorales, me han dado una respuesta acorde a las obligaciones que la ley mexicana establece para dichas autoridades.<\/p>\n\n\n\n<p class=\"wp-block-paragraph\">Le escribo directamente pues, como he expresado desde el inicio de mi denuncia, temo por mi vida y mi integridad en este pa\u00eds que se niega a dar acceso a la justicia a las mujeres. De las diversas v\u00edctimas que han denunciado a F\u00e9lix Salgado Macedonio, soy la \u00fanica que se mantiene viva y con presencia p\u00fablica.<\/p>\n\n\n\n<p class=\"wp-block-paragraph\">Solicito su atenta escucha para que valore la posibilidad de darme asilo en su pa\u00eds, pues en M\u00e9xico, las autoridades se han negado a darme las medidas de protecci\u00f3n b\u00e1sicas y urgentes, se han negado a garantizar mi acceso a la justicia y, al contrario de sus obligaciones, me han criminalizado y calumniado aumentando el riego en el que me encuentro.<\/p>\n","protected":false},"excerpt":{"rendered":"<p>Carta a Kamala Harris.<\/p>\n","protected":false},"author":3,"featured_media":36687,"comment_status":"open","ping_status":"open","sticky":false,"template":"","format":"standard","meta":{"_monsterinsights_skip_tracking":false,"footnotes":""},"categories":[692,204],"tags":[],"class_list":["post-36686","post","type-post","status-publish","format-standard","has-post-thumbnail","category-692","category-prensa"],"_links":{"self":[{"href":"https:\/\/redsemlac.com\/semmexico\/wp-json\/wp\/v2\/posts\/36686","targetHints":{"allow":["GET"]}}],"collection":[{"href":"https:\/\/redsemlac.com\/semmexico\/wp-json\/wp\/v2\/posts"}],"about":[{"href":"https:\/\/redsemlac.com\/semmexico\/wp-json\/wp\/v2\/types\/post"}],"author":[{"embeddable":true,"href":"https:\/\/redsemlac.com\/semmexico\/wp-json\/wp\/v2\/users\/3"}],"replies":[{"embeddable":true,"href":"https:\/\/redsemlac.com\/semmexico\/wp-json\/wp\/v2\/comments?post=36686"}],"version-history":[{"count":0,"href":"https:\/\/redsemlac.com\/semmexico\/wp-json\/wp\/v2\/posts\/36686\/revisions"}],"wp:featuredmedia":[{"embeddable":true,"href":"https:\/\/redsemlac.com\/semmexico\/wp-json\/wp\/v2\/media\/36687"}],"wp:attachment":[{"href":"https:\/\/redsemlac.com\/semmexico\/wp-json\/wp\/v2\/media?parent=36686"}],"wp:term":[{"taxonomy":"category","embeddable":true,"href":"https:\/\/redsemlac.com\/semmexico\/wp-json\/wp\/v2\/categories?post=36686"},{"taxonomy":"post_tag","embeddable":true,"href":"https:\/\/redsemlac.com\/semmexico\/wp-json\/wp\/v2\/tags?post=36686"}],"curies":[{"name":"wp","href":"https:\/\/api.w.org\/{rel}","templated":true}]}}