{"id":36656,"date":"2021-06-08T10:40:20","date_gmt":"2021-06-08T16:40:20","guid":{"rendered":"https:\/\/redsemlac.com\/semmexico\/?p=36656"},"modified":"2023-07-21T17:01:39","modified_gmt":"2023-07-21T22:01:39","slug":"un-hombre-limpio-trabajador-y-bueno","status":"publish","type":"post","link":"https:\/\/redsemlac.com\/semmexico\/un-hombre-limpio-trabajador-y-bueno\/","title":{"rendered":"Un hombre limpio, trabajador y bueno"},"content":{"rendered":"\n<h2 class=\"wp-block-heading\"><strong>Textura Violeta<\/strong><strong><\/strong><\/h2>\n\n\n\n<p class=\"wp-block-paragraph\"><strong>Drina Ergueta<\/strong><strong><\/strong><\/p>\n\n\n\n<p class=\"wp-block-paragraph\">SemM\u00e9xico, La Paz, Bolivia. 8 de junio de 2021.- Hace unos a\u00f1os escuch\u00e9 a una mujer madura decir que, dada su experiencia, lo que ahora buscaba era simplemente un hombre limpio, trabajador y bueno, todo el resto sobraba. Era un comentario que parec\u00eda divertido, pero era sabio \u00bfSe imaginan al ex ministro Arturo Murillo merecedor de esas caracter\u00edsticas? Iba a escribir sobre este personaje boliviano que es turbio, oscuro, sucio de sangre, corrupto y malvado que ha sufrido Bolivia a lo largo de 2020, pero prefiero hablar de otro tipo de hombre que podr\u00eda ser referente positivo en cualquier parte del planeta.<\/p>\n\n\n\n<p class=\"wp-block-paragraph\">El d\u00eda de hoy muchos titulares de diarios de Bolivia nombrar\u00e1n a Murillo porque, este lunes, un juez norteamericano deb\u00eda definir su situaci\u00f3n, al estar detenido por soborno y blanqueo de dinero en Estados Unidos \u00bfCu\u00e1ntos caracteres tendr\u00e1n esos titulares? \u00bfEn qu\u00e9 punto y tipo de letra se pondr\u00e1n? \u00bfQu\u00e9 manera es la ideal para colocar la noticia en las p\u00e1ginas? \u00bfY en la portada? De ello se ocup\u00f3 durante a\u00f1os, en varios diarios del pa\u00eds, Hugo Jald\u00edn Daza, que este fin de semana se lo llev\u00f3 el covid19. Fue un hombre limpio, trabajador y bueno.<\/p>\n\n\n\n<p class=\"wp-block-paragraph\">Hugo Jald\u00edn fue quien dise\u00f1\u00f3 el diario Hoy a finales de los 80 del siglo anterior, concluy\u00f3 el dise\u00f1o de La Raz\u00f3n cuando renaci\u00f3 en 1990, con anterioridad estuvo en \u00daltima Hora y tambi\u00e9n le hizo su \u00faltimo logotipo. En las redes leo que tambi\u00e9n trabaj\u00f3 en La Prensa y Presencia. La mayor\u00eda son peri\u00f3dicos ya extintos. Eran otros tiempos, la tecnolog\u00eda y avatares del periodismo hace que parece que fueran m\u00e1s a\u00f1os y no son tantos. Jald\u00edn era a\u00fan joven y activo. Arquitecto de profesi\u00f3n, fue un pionero experto en dise\u00f1o de diarios y maestro de generaciones de armadores y dise\u00f1adores en peri\u00f3dicos y revistas justo cuando se pas\u00f3 de dise\u00f1ar en papel con un l\u00e1piz rojo y azul a hacerlo en computadora. Sus disc\u00edpulos est\u00e1n hoy repartidos en P\u00e1gina Siete o pasaron por La Prensa en La Paz, Los Tiempos de Cochabamba y El Deber y El D\u00eda como medios cruce\u00f1os.<\/p>\n\n\n\n<p class=\"wp-block-paragraph\">Cuando estos diarios nacieron, en su mayor\u00eda los dise\u00f1adores y armadores eran hombres, eso debido a que hist\u00f3ricamente a las mujeres se les ha negado la credibilidad en la creatividad como valor intelectual y m\u00e1s si es remunerado (s\u00f3lo pod\u00edan desplegarla haciendo bordado o pintando para ellas en la privacidad del hogar) y porque en prensa los horarios de trabajo eran incompatibles con la conciliaci\u00f3n de las tradicionales labores de casa y cuidado de los hijos. Entonces, mientras los y las periodistas se iban ya muy tarde por la noche a casa luego de su jornada laboral, el equipo de armadores permanec\u00eda en el peri\u00f3dico hasta la madrugada, en largu\u00edsimas jornadas que se reflejaban en sus ojeras, seguramente en su salud y tambi\u00e9n en las pocas horas que pod\u00edan compartir con sus familias. Un sector que, al igual que en la imprenta, hac\u00eda posible que cada d\u00eda salieran los peri\u00f3dicos a la calle y que nunca ha sido p\u00fablicamente lo suficientemente reconocido. Comandando estos equipos, con una sabidur\u00eda de experto estaba Hugo Jald\u00edn. Gran trabajador. Las horas extenuantes de trabajo posiblemente lo llevaron a emprender una iniciativa personal privada durante los \u00faltimos a\u00f1os.<\/p>\n\n\n\n<p class=\"wp-block-paragraph\">Fue limpio en su quehacer, en su sonrisa siempre presente, en su mirada clara y en su trabajo profesional. \u201cLo importante es el detalle\u201d, sol\u00eda decir mientras era un exhaustivo centinela de proteger el estilo gr\u00e1fico de los diarios en que estaba trabajando, esas caracter\u00edsticas que le dan una personalidad \u00fanica a cada peri\u00f3dico, esa l\u00ednea azul, ese gris en ese fondo o ese rojo singular. Elementos que permiten que les reconozcamos, a veces sin darnos cuenta, a la hora de leerles.<\/p>\n\n\n\n<p class=\"wp-block-paragraph\">Hugo Jald\u00edn, ya que ten\u00eda un don de gente excepcional, que quien le ha conocido lo menciona, siempre amable, correcto y c\u00e1lido, sin que por ello perdiera autoridad alguna en su \u00e1rea. Un jefe ejemplar. Su personalidad y calidad humana resalta porque no es f\u00e1cil hallar esas caracter\u00edsticas en hombres, ya que no siempre son bien vistas cuando el referente es la masculinidad agresiva, el macho dominante, competitivo provocador, prepotente y malo. Son los que salen en las noticias a diario. &nbsp;<\/p>\n","protected":false},"excerpt":{"rendered":"<p>Hace unos a\u00f1os escuch\u00e9 a una mujer madura decir que, dada su experiencia, lo que ahora buscaba era simplemente un hombre limpio, trabajador y bueno, todo el resto sobraba.<\/p>\n","protected":false},"author":3,"featured_media":8467,"comment_status":"open","ping_status":"open","sticky":false,"template":"","format":"standard","meta":{"_monsterinsights_skip_tracking":false,"footnotes":""},"categories":[692,77,35,102],"tags":[],"class_list":["post-36656","post","type-post","status-publish","format-standard","has-post-thumbnail","category-692","category-drina-ergueta","category-opinion","category-textura-violeta"],"_links":{"self":[{"href":"https:\/\/redsemlac.com\/semmexico\/wp-json\/wp\/v2\/posts\/36656","targetHints":{"allow":["GET"]}}],"collection":[{"href":"https:\/\/redsemlac.com\/semmexico\/wp-json\/wp\/v2\/posts"}],"about":[{"href":"https:\/\/redsemlac.com\/semmexico\/wp-json\/wp\/v2\/types\/post"}],"author":[{"embeddable":true,"href":"https:\/\/redsemlac.com\/semmexico\/wp-json\/wp\/v2\/users\/3"}],"replies":[{"embeddable":true,"href":"https:\/\/redsemlac.com\/semmexico\/wp-json\/wp\/v2\/comments?post=36656"}],"version-history":[{"count":0,"href":"https:\/\/redsemlac.com\/semmexico\/wp-json\/wp\/v2\/posts\/36656\/revisions"}],"wp:featuredmedia":[{"embeddable":true,"href":"https:\/\/redsemlac.com\/semmexico\/wp-json\/wp\/v2\/media\/8467"}],"wp:attachment":[{"href":"https:\/\/redsemlac.com\/semmexico\/wp-json\/wp\/v2\/media?parent=36656"}],"wp:term":[{"taxonomy":"category","embeddable":true,"href":"https:\/\/redsemlac.com\/semmexico\/wp-json\/wp\/v2\/categories?post=36656"},{"taxonomy":"post_tag","embeddable":true,"href":"https:\/\/redsemlac.com\/semmexico\/wp-json\/wp\/v2\/tags?post=36656"}],"curies":[{"name":"wp","href":"https:\/\/api.w.org\/{rel}","templated":true}]}}