{"id":36653,"date":"2021-06-08T10:38:46","date_gmt":"2021-06-08T16:38:46","guid":{"rendered":"https:\/\/redsemlac.com\/semmexico\/?p=36653"},"modified":"2023-07-21T17:01:39","modified_gmt":"2023-07-21T22:01:39","slug":"relatora-de-la-onu-llama-a-las-autoridades-mexicanas-a-garantizar-integridad-y-seguridad-para-la-periodista-soledad-jarquin-edgar","status":"publish","type":"post","link":"https:\/\/redsemlac.com\/semmexico\/relatora-de-la-onu-llama-a-las-autoridades-mexicanas-a-garantizar-integridad-y-seguridad-para-la-periodista-soledad-jarquin-edgar\/","title":{"rendered":"Relatora de la ONU llama a las autoridades mexicanas a garantizar integridad y  seguridad para la periodista Soledad Jarqu\u00edn Edgar"},"content":{"rendered":"\n<ul class=\"wp-block-list\"><li><strong>La madre de Mar\u00eda del Sol Cruz Jarqu\u00edn\u00a0 hace 3 a\u00f1os busca justicia y no impunidad<\/strong><\/li><\/ul>\n\n\n\n<ul class=\"wp-block-list\"><li><strong>Mary Lawlor llama a las autoridades mexicanas a proteger a todas las defensoras y sus familias, especialmente en Oaxaca<\/strong><\/li><\/ul>\n\n\n\n<p class=\"wp-block-paragraph\"><strong>Libertad L\u00f3pez<\/strong><strong><\/strong><\/p>\n\n\n\n<p class=\"wp-block-paragraph\">SemM\u00e9xico, Oaxaca de Ju\u00e1rez &nbsp;8 de Junio &nbsp;2021.-&nbsp;&nbsp;La relatora especial sobre la situaci\u00f3n de personas defensoras de derechos humanos de la ONU, Mary Lawlor,&nbsp;&nbsp;pidi\u00f3 a las autoridades mexicanas garantizar la seguridad de la periodista Soledad Jarqu\u00edn Edgar en el marco del tercer aniversario del feminicidio de su hija Mar\u00eda del Sol Cruz Jarqu\u00edn.<\/p>\n\n\n\n<p class=\"wp-block-paragraph\">A tres a\u00f1os del feminicidio de Mar\u00eda del Sol, Soledad Jarqu\u00edn ha denunciado junto con organizaciones feministas la impunidad en el caso, de ah\u00ed que impulsaron la campa\u00f1a Justicia Para Sol es Justicia para Todas.&nbsp; Y ha sido se\u00f1alada como \u201ctener otros intereses\u201d, por lo que est\u00e1 en riesgo, como periodista y defensora de sus derechos humanos.<\/p>\n\n\n\n<p class=\"wp-block-paragraph\">En este contexto, Lawlor mand\u00f3 un mensaje a trav\u00e9s de un v\u00eddeo en redes sociales en el que expres\u00f3: \u201ccon mucha tristeza&nbsp;una vez m\u00e1s hago un llamado para la seguridad de Soledad Jarqu\u00edn quien lucha por la justicia y rendici\u00f3n de cuentas por el asesinato de su hija Mar\u00eda del Sol\u201d.<\/p>\n\n\n\n<p class=\"wp-block-paragraph\">Mencion\u00f3 que en el 2020 abord\u00f3 este caso con las autoridades mexicanas, asimismo manifest\u00f3 su preocupaci\u00f3n por las amenazas que reciben las mujeres defensoras en la regi\u00f3n.<\/p>\n\n\n\n<p class=\"wp-block-paragraph\">La relatora de la ONU ha tenido comunicaci\u00f3n directa con&nbsp;personas defensoras locales quienes le han hecho saber los riesgos que enfrentan en su labor de defensa de derechos humanos.<\/p>\n\n\n\n<p class=\"wp-block-paragraph\">\u201cSabemos que M\u00e9xico es un lugar muy peligroso para quienes luchan por la justicia y que Oaxaca es un lugar especialmente riesgoso en M\u00e9xico para personas defensoras de derechos humanos y en particular para mujeres defensoras\u201d. Expres\u00f3 en el v\u00eddeo.<\/p>\n\n\n\n<p class=\"wp-block-paragraph\">En su mensaje, Mary Lawlor se comprometi\u00f3 a seguir abordando estas problem\u00e1ticas con las autoridades mexicanas en lo p\u00fablico como en lo privado.<\/p>\n\n\n\n<p class=\"wp-block-paragraph\">Finalmente reconoci\u00f3 el magn\u00edfico trabajo que realizan las personas defensoras de derechos humanos a pesar de las circunstancias adversas que enfrentan.&nbsp;&nbsp;<\/p>\n\n\n\n<h2 class=\"wp-block-heading\">V\u00eddeo<\/h2>\n\n\n\n<figure class=\"wp-block-embed is-type-video is-provider-youtube wp-block-embed-youtube wp-embed-aspect-16-9 wp-has-aspect-ratio\"><div class=\"wp-block-embed__wrapper\">\n<iframe loading=\"lazy\" title=\"Mary Lawlor mensaje en el marco de la campa\u00f1a Justicia Para Sol\" width=\"696\" height=\"392\" src=\"https:\/\/www.youtube.com\/embed\/EJA5wpofC0E?feature=oembed\" frameborder=\"0\" allow=\"accelerometer; autoplay; clipboard-write; encrypted-media; gyroscope; picture-in-picture; web-share\" referrerpolicy=\"strict-origin-when-cross-origin\" allowfullscreen><\/iframe>\n<\/div><\/figure>\n","protected":false},"excerpt":{"rendered":"<p>Mary Lawlor llama a las autoridades mexicanas a proteger a todas las defensoras y sus familias, especialmente en Oaxaca<\/p>\n","protected":false},"author":3,"featured_media":36654,"comment_status":"open","ping_status":"open","sticky":false,"template":"","format":"standard","meta":{"_monsterinsights_skip_tracking":false,"footnotes":""},"categories":[692,51],"tags":[],"class_list":["post-36653","post","type-post","status-publish","format-standard","has-post-thumbnail","category-692","category-ejecutivo"],"_links":{"self":[{"href":"https:\/\/redsemlac.com\/semmexico\/wp-json\/wp\/v2\/posts\/36653","targetHints":{"allow":["GET"]}}],"collection":[{"href":"https:\/\/redsemlac.com\/semmexico\/wp-json\/wp\/v2\/posts"}],"about":[{"href":"https:\/\/redsemlac.com\/semmexico\/wp-json\/wp\/v2\/types\/post"}],"author":[{"embeddable":true,"href":"https:\/\/redsemlac.com\/semmexico\/wp-json\/wp\/v2\/users\/3"}],"replies":[{"embeddable":true,"href":"https:\/\/redsemlac.com\/semmexico\/wp-json\/wp\/v2\/comments?post=36653"}],"version-history":[{"count":0,"href":"https:\/\/redsemlac.com\/semmexico\/wp-json\/wp\/v2\/posts\/36653\/revisions"}],"wp:featuredmedia":[{"embeddable":true,"href":"https:\/\/redsemlac.com\/semmexico\/wp-json\/wp\/v2\/media\/36654"}],"wp:attachment":[{"href":"https:\/\/redsemlac.com\/semmexico\/wp-json\/wp\/v2\/media?parent=36653"}],"wp:term":[{"taxonomy":"category","embeddable":true,"href":"https:\/\/redsemlac.com\/semmexico\/wp-json\/wp\/v2\/categories?post=36653"},{"taxonomy":"post_tag","embeddable":true,"href":"https:\/\/redsemlac.com\/semmexico\/wp-json\/wp\/v2\/tags?post=36653"}],"curies":[{"name":"wp","href":"https:\/\/api.w.org\/{rel}","templated":true}]}}