{"id":36646,"date":"2021-06-08T10:09:02","date_gmt":"2021-06-08T16:09:02","guid":{"rendered":"https:\/\/redsemlac.com\/semmexico\/?p=36646"},"modified":"2023-07-21T17:01:40","modified_gmt":"2023-07-21T22:01:40","slug":"maribel","status":"publish","type":"post","link":"https:\/\/redsemlac.com\/semmexico\/maribel\/","title":{"rendered":"Maribel"},"content":{"rendered":"\n<h2 class=\"wp-block-heading\"><strong>ENTRESEMANA<\/strong><\/h2>\n\n\n\n<p class=\"wp-block-paragraph\"><strong>Mois\u00e9s S\u00e1nchez Lim\u00f3n<\/strong><\/p>\n\n\n\n<p class=\"wp-block-paragraph\">SemM\u00e9xico, Cd. de M\u00e9xico, 8 de junio, 2021.- \u00bfQu\u00e9 depara la v\u00edspera? Maribel se fue dos d\u00edas antes de ser elegida diputada federal por el distrito 22 de Naucalpan, en el Estado de M\u00e9xico.<\/p>\n\n\n\n<p class=\"wp-block-paragraph\">La conoc\u00ed una ma\u00f1ana de abril. Maribel irrumpi\u00f3 en su oficina como una adolescente que se quiere comer el mundo a pu\u00f1os pero presum\u00eda su edad: cincuentona de pelo claro y sonrisa franca cuya silueta no denotaba que era parte de quienes acumulamos a\u00f1os. \u00a1Ay!, Maribel, Maribel\u2026<\/p>\n\n\n\n<p class=\"wp-block-paragraph\">Mujer de convicciones, ven\u00eda de ser diputada local y su trabajo le era reconocido por propios y ajenos, los contrincantes pol\u00edticos que son elemento de la contienda, a los que Maribel respetaba y demandaba respeto.<\/p>\n\n\n\n<p class=\"wp-block-paragraph\">Mire usted, \u00a1caray!, las jugadas de eso que llaman destino. Mi cercan\u00eda con Maribel fue a propuesta de mi amado Moy, por un comentario de su mejor amiga, Karina. Y Moy se fue sin saber que la propuesta qued\u00f3 en una naciente amistad.<\/p>\n\n\n\n<p class=\"wp-block-paragraph\">Y es que, me duele el alma, Maribel hizo un alto en sus actividades proselitistas para solidarizarse conmigo y fue como acercar, esa noche de tragedia, su hombro para que llorara porque mi mejor amigo, h\u00e9roe y c\u00f3mplice hab\u00eda emprendido, reci\u00e9n, el viaje a ese ignoto destino.<\/p>\n\n\n\n<p class=\"wp-block-paragraph\">\u00bfRecuerdas Maribel esa ma\u00f1ana en el Santuario de la Virgen de Los Remedios? Aquel sitio que conoc\u00ed hace medio siglo cuando llegu\u00e9 matriculado al plantel Naucalpan del Colegio de Ciencias y Humanidades.<\/p>\n\n\n\n<p class=\"wp-block-paragraph\">Te compart\u00ed esa experiencia de bachiller y consider\u00e9 buena decisi\u00f3n \u00e9sta de arrancar en Los Remedios, tu campa\u00f1a en busca de la diputaci\u00f3n federal por el Distrito 22 de Naucalpan.<\/p>\n\n\n\n<p class=\"wp-block-paragraph\">Y despojada de esos atavismos superados por una reforma constitucional que concluy\u00f3 con mocher\u00edas y abri\u00f3 el culto a la actividad pol\u00edtica, escuchaste misa junto con tu equipo de campa\u00f1a, al que acompa\u00f1\u00e9 brevemente en un curso r\u00e1pido de c\u00f3mo hacer proselitismo con recursos b\u00e1sicos y mucha imaginaci\u00f3n.<\/p>\n\n\n\n<p class=\"wp-block-paragraph\">Y Abel, tu hermano, presum\u00eda de c\u00f3mo avanzabas en la preferencia del electorado, apenas arrancada la campa\u00f1a y se alegraba del n\u00famero de visitas a tu cuenta de Facebook y de Twitter. Manejaba la camioneta en calidad de \u00e9mulo de Checo P\u00e9rez y del experto en manejo de redes.<\/p>\n\n\n\n<p class=\"wp-block-paragraph\">\u00a1Ah!, domingo 4 de abril. Maribel saliste de misa y te encaminaste a la zona de los comederos que abr\u00edan sus puertas a la feligres\u00eda dominical. Platicaste con due\u00f1os de los comercios, con la vendedora de antojitos y el aseador de calzado y los turistas que degustaban barbacoa, carnitas o tlacoyos y quesadillas y\u2026 ninguno se neg\u00f3 a recibir tus volantes de propaganda.<\/p>\n\n\n\n<p class=\"wp-block-paragraph\">Te sacaste selfies con se\u00f1oras y se\u00f1ores con, incluso, quienes s\u00f3lo visitaban Naucalpan, el Santuario de Los Remedios.<\/p>\n\n\n\n<p class=\"wp-block-paragraph\">Maribel, Maribel, \u00bfatisbabas en claroscuros tu futuro? Me platicaste tu decisi\u00f3n de buscar la diputaci\u00f3n federal y te imaginabas en el Palacio Legislativo de San L\u00e1zaro, me confiaste asuntos de tu coraz\u00f3n, mas no de los males, no, de esos sentimentales que arrancan suspiros. Y te ve\u00edas feliz y satisfecha de lo que hab\u00edas hecho como diputada local mexiquense y de c\u00f3mo decidiste pedir licencia definitiva a tu curul para ascender, ascender.<\/p>\n\n\n\n<p class=\"wp-block-paragraph\">\u00a1Caray!, Maribel, recuerdo el s\u00e1bado 3 de abril en tu casa de Metepec sometidos a lecciones de integraci\u00f3n grupal. Juegos de adolescentes para acercar a los adultos y j\u00f3venes que integraban a tu equipo de campa\u00f1a y que se sintieran uno. Bromas tuyas y compartir el pan y la sal y recibir el equipo de trabajo: las camisas blancas y rojas, los rompevientos y la buenaventura necesaria en el periplo que se acercaba.<\/p>\n\n\n\n<p class=\"wp-block-paragraph\">S\u00ed, te conoc\u00ed poco pero lo suficiente para aprender de ti la fortaleza frente a la adversidad. Y no sabes cu\u00e1nto me sirvi\u00f3 y me la recordaste en esas horas del impacto en el pecho, del dolor que provoca un aullido por la p\u00e9rdida del cachorro amado.<\/p>\n\n\n\n<p class=\"wp-block-paragraph\">Qui\u00e9n se imaginar\u00eda, Maribel, que en esa ruta cr\u00edtica en pos de ser votada en las urnas la vida se te ir\u00eda, porque quien manda en nuestros destinos as\u00ed lo quiso y no te dio la tercera oportunidad. Porque, \u00bfpor qu\u00e9, Maribel? \u00a1Caray!, hab\u00edas superado aquella gravedad que arranc\u00f3 a tus hijos de sus tareas para acerc\u00e1rtelos y que te arroparan y te demostraran ese enorme amor y orgullo que sienten por ti.<\/p>\n\n\n\n<p class=\"wp-block-paragraph\">Abel y Felipe fueron muy c\u00e1lidos cuando me permitieron acompa\u00f1arte unos d\u00edas en tu campa\u00f1a, junto con mi amigo Lalo Meraz y una pl\u00e9yade de j\u00f3venes, hombres y mujeres que abr\u00edan surco en terrenos de esas colonias encaramadas en los cerros del municipio de Naucalpan, calles serpenteantes que parec\u00edan desparramarse.<\/p>\n\n\n\n<p class=\"wp-block-paragraph\">Y te observ\u00e9 bienvenida en mercados, entre el comercio ambulante, en las reuniones m\u00ednimas con se\u00f1oras, amas de casa y trabajadores de la construcci\u00f3n y j\u00f3venes que te exig\u00edan: \u00a1C\u00famplanos! Y les respond\u00edas: \u201cd\u00edganme que necesitan y si est\u00e1 a mi alcance lo cumplo\u201d. Como aquella tonelada de cemento que te pidieron y entregaste en un mercado por all\u00e1 arriba de un cerro convertido en caser\u00edo.<\/p>\n\n\n\n<p class=\"wp-block-paragraph\">\u201cCon la oferta de trabajo, cero promesas y descalificaciones, en un acto en la colonia Los Remedios, Maribel Mart\u00ednez Altamirano arranc\u00f3 su campa\u00f1a como abanderada del Partido Revolucionario Institucional (PRI) en busca de una curul en la C\u00e1mara de Diputados del Congreso de la Uni\u00f3n por el Distrito 22 de este municipio de Naucalpan\u201d, rezaba el primer p\u00e1rrafo del comunicado de prensa fechado ese domingo 4 de abril.<\/p>\n\n\n\n<p class=\"wp-block-paragraph\">As\u00ed es la vida con sus entretelones tejidos por el destino, eso que llaman destino porque justo dos meses despu\u00e9s, en la madrugada del 4 de junio la vida se te agot\u00f3 y, dos d\u00edas antes de ser votada en las urnas, te despediste de nosotros sin despedirte porque nadie lo hab\u00eda considerado. &nbsp;<\/p>\n\n\n\n<p class=\"wp-block-paragraph\">Maribel, admirada y respetada Maribel. \u201cToma tu papel\u2026 Vota Maribel\u201d, slogan de campa\u00f1a y la m\u00fasica que bailabas con tus simpatizantes al cierre de cada jornada proselitista.<\/p>\n\n\n\n<p class=\"wp-block-paragraph\">\u00bfReclamar al destino cuando el destino es indescifrable? Maribel, naucalpense presum\u00edas, \u201csoy de Naucalpan, aqu\u00ed me enamor\u00e9, aqu\u00ed me cas\u00e9, aqu\u00ed nacieron mis hijos y quiero ser diputada federal por Naucalpan\u2026\u201d<\/p>\n\n\n\n<p class=\"wp-block-paragraph\">Orgullosa del partido, el PRI, en el que militabas y m\u00e1s orgullosa de tus or\u00edgenes. \u00a1Caray!, Maribel te adelantaste cuando tus aspiraciones iban cumpli\u00e9ndose palmo a palmo.<\/p>\n\n\n\n<p class=\"wp-block-paragraph\">Por supuesto eres diputada federal. No importa el resultado de los comicios; tu lucha por la vida que te cost\u00f3 la vida, porque as\u00ed lo decidiste. Mi voto por ti, mi aprecio y respeto candidata. Tomo mi papel y voto: \u00a1Maribel! Buen viaje; \u00a1claro que nos reencontraremos! Conste.<\/p>\n\n\n\n<p class=\"wp-block-paragraph\"><a href=\"mailto:sanchezlimon@gmail.com\" target=\"_blank\" rel=\"noreferrer noopener\">sanchezlimon@gmail.com<\/a><\/p>\n\n\n\n<p class=\"wp-block-paragraph\"><a href=\"http:\/\/www.entresemana.mx\/\" target=\"_blank\" rel=\"noreferrer noopener\">www.entresemana.mx<\/a><\/p>\n\n\n\n<p class=\"wp-block-paragraph\"><strong>@msanchezlimon @msanchezlimon1<\/strong><\/p>\n","protected":false},"excerpt":{"rendered":"<p> \u00bfQu\u00e9 depara la v\u00edspera? Maribel se fue dos d\u00edas antes de ser elegida diputada federal por el distrito 22 de Naucalpan, en el Estado de M\u00e9xico.<\/p>\n","protected":false},"author":3,"featured_media":15805,"comment_status":"open","ping_status":"open","sticky":false,"template":"","format":"standard","meta":{"_monsterinsights_skip_tracking":false,"footnotes":""},"categories":[692,105,83,35],"tags":[],"class_list":["post-36646","post","type-post","status-publish","format-standard","has-post-thumbnail","category-692","category-entresemana","category-moises-sanchez-limon","category-opinion"],"_links":{"self":[{"href":"https:\/\/redsemlac.com\/semmexico\/wp-json\/wp\/v2\/posts\/36646","targetHints":{"allow":["GET"]}}],"collection":[{"href":"https:\/\/redsemlac.com\/semmexico\/wp-json\/wp\/v2\/posts"}],"about":[{"href":"https:\/\/redsemlac.com\/semmexico\/wp-json\/wp\/v2\/types\/post"}],"author":[{"embeddable":true,"href":"https:\/\/redsemlac.com\/semmexico\/wp-json\/wp\/v2\/users\/3"}],"replies":[{"embeddable":true,"href":"https:\/\/redsemlac.com\/semmexico\/wp-json\/wp\/v2\/comments?post=36646"}],"version-history":[{"count":0,"href":"https:\/\/redsemlac.com\/semmexico\/wp-json\/wp\/v2\/posts\/36646\/revisions"}],"wp:featuredmedia":[{"embeddable":true,"href":"https:\/\/redsemlac.com\/semmexico\/wp-json\/wp\/v2\/media\/15805"}],"wp:attachment":[{"href":"https:\/\/redsemlac.com\/semmexico\/wp-json\/wp\/v2\/media?parent=36646"}],"wp:term":[{"taxonomy":"category","embeddable":true,"href":"https:\/\/redsemlac.com\/semmexico\/wp-json\/wp\/v2\/categories?post=36646"},{"taxonomy":"post_tag","embeddable":true,"href":"https:\/\/redsemlac.com\/semmexico\/wp-json\/wp\/v2\/tags?post=36646"}],"curies":[{"name":"wp","href":"https:\/\/api.w.org\/{rel}","templated":true}]}}