{"id":36638,"date":"2021-06-08T08:28:13","date_gmt":"2021-06-08T14:28:13","guid":{"rendered":"https:\/\/redsemlac.com\/semmexico\/?p=36638"},"modified":"2023-07-21T17:01:40","modified_gmt":"2023-07-21T22:01:40","slug":"kamala-harris-hablara-con-obreras-emprendedoras-y-mujeres-ofendidas-por-el-machismo","status":"publish","type":"post","link":"https:\/\/redsemlac.com\/semmexico\/kamala-harris-hablara-con-obreras-emprendedoras-y-mujeres-ofendidas-por-el-machismo\/","title":{"rendered":"Kamala Harris hablar\u00e1 con obreras, emprendedoras y mujeres ofendidas por el machismo"},"content":{"rendered":"\n<ul class=\"wp-block-list\"><li><strong>Lleg\u00f3 anoche la jefa del Senado de los Estados Unidos, firmar\u00e1<\/strong> <strong>memor\u00e1ndum con Amlo<\/strong><\/li><li><strong>Del empleo y los Derechos Humanos mensajes de senadoras de la Rep\u00fablica<\/strong><\/li><\/ul>\n\n\n\n<p class=\"wp-block-paragraph\"><strong>Lizbeth \u00c1lvarez Mart\u00ednez.<\/strong><\/p>\n\n\n\n<p class=\"wp-block-paragraph\">SemM\u00e9xico, Cd. de M\u00e9xico, 8 de junio, 2021.-La noche de este lunes 7 de junio lleg\u00f3 a M\u00e9xico la vicepresidenta de Estados Unidos, Kamala Harris, en su primera visita oficial a M\u00e9xico, con una agenda feminista y obrera. &nbsp;<\/p>\n\n\n\n<p class=\"wp-block-paragraph\">La mujer m\u00e1s poderosa de Estados Unidos fue recibida por el secretario de Relaciones Exteriores, Marcelo Ebrard. Y hoy se reunir\u00e1 con mujeres emprendedoras y trabajadoras temporales.<\/p>\n\n\n\n<p class=\"wp-block-paragraph\">El avi\u00f3n Air Force Two aterriz\u00f3 en el Aeropuerto Internacional de la Ciudad de M\u00e9xico, procedente de Guatemala, donde la alta funcionaria del gobierno de Washington tambi\u00e9n realiz\u00f3 una visita oficial de trabajo, vestida con un atuendo azul oscuro y visiblemente positiva, cerca de las 12 de la noche de ayer salud\u00f3 a las autoridades mexicanas..<\/p>\n\n\n\n<p class=\"wp-block-paragraph\">Este martes, Harris se reunir\u00e1 en el Palacio Nacional con el presidente Andr\u00e9s Manuel L\u00f3pez Obrador para dialogar de distintos temas de la relaci\u00f3n bilateral M\u00e9xico-Estados Unidos, con especial \u00e9nfasis en el problema migratorio y laboral, en consonancia con el acuerdo comercial.<\/p>\n\n\n\n<p class=\"wp-block-paragraph\">La jefa del Senado de los Estados Unidos &nbsp;&nbsp;de viva voz ver\u00e1 a obreros y mujeres, para asuntos de las controversias laborales que ya est\u00e1n en proceso; mirar y medir el empoderamiento femenino. Como en su momento lo hizo Hillary Clinton, como secretaria de Estado.<\/p>\n\n\n\n<p class=\"wp-block-paragraph\">Tambi\u00e9n la vice presidenta recibir\u00e1 cartas. Una de ellas la envi\u00f3 a primera hora de hoy, la presidenta de la Comisi\u00f3n senatorial de Derechos Humanos, Kenia L\u00f3pez Rabad\u00e1n, as\u00ed como una carta de Basilia Casta\u00f1eda Maciel, donde le comparte que teme por su vida.<\/p>\n\n\n\n<p class=\"wp-block-paragraph\">Y sobre todo del tema del programa de empleo temporal para mujeres, probables migrantes, y considerando que ya hay quejas sobre el mecanismo de controversias. La senadora emecista Patricia Mercado Castro, junto a &nbsp;organizaciones civiles, las que tomaran la palabra, desde el Senado, le hablar\u00e1 a la vice presidenta de los Estados Unidos.<\/p>\n\n\n\n<div class=\"wp-block-image\"><figure class=\"alignleft size-large is-resized\"><a href=\"https:\/\/redsemlac.com\/semmexico\/wp-content\/uploads\/2021\/06\/WhatsApp-Image-2021-06-08-at-8.36.53-AM.jpeg\"><img loading=\"lazy\" decoding=\"async\" src=\"https:\/\/redsemlac.com\/semmexico\/wp-content\/uploads\/2021\/06\/WhatsApp-Image-2021-06-08-at-8.36.53-AM.jpeg\" alt=\"\" class=\"wp-image-36639\" width=\"531\" height=\"834\"\/><\/a><\/figure><\/div>\n\n\n\n<p class=\"wp-block-paragraph\">De acuerdo con el programa oficial que hizo p\u00fablico la oficina de la vicepresidenta, a las 10:00 de la ma\u00f1ana comenzar\u00e1 la reuni\u00f3n L\u00f3pez Obrador-Harris.<\/p>\n\n\n\n<p class=\"wp-block-paragraph\">A las 10:05, se llevar\u00e1 a cabo la firma del memorando de entendimiento que establece una alianza estrat\u00e9gica para cooperar en el desarrollo de programas en el Tri\u00e1ngulo Norte.<\/p>\n\n\n\n<p class=\"wp-block-paragraph\">A las 10:20, iniciar\u00e1 la reuni\u00f3n privada entre el presidente y la vicepresidenta.<\/p>\n\n\n\n<p class=\"wp-block-paragraph\">A las 13:40, Harris sostendr\u00e1 un encuentro con mujeres emprendedoras.<\/p>\n\n\n\n<p class=\"wp-block-paragraph\">A las 15:00 horas, se reunir\u00e1 con l\u00edderes obreros.<\/p>\n\n\n\n<p class=\"wp-block-paragraph\">M\u00e1s tarde, a las 16:35, ofrecer\u00e1 una conferencia de prensa, y<\/p>\n\n\n\n<p class=\"wp-block-paragraph\">A las 17:30 horas tendr\u00e1 un encuentro, virtual con el personal de la embajada de Estados Unidos en M\u00e9xico.<\/p>\n\n\n\n<p class=\"wp-block-paragraph\">Kamala Harris tiene contemplado partir de M\u00e9xico rumbo a Estados Unidos al filo de las 18:45 horas.<\/p>\n","protected":false},"excerpt":{"rendered":"<p>Lleg\u00f3 anoche la jefa del Senado de los Estados Unidos, firmar\u00e1 memor\u00e1ndum con Amlo<\/p>\n","protected":false},"author":3,"featured_media":36640,"comment_status":"open","ping_status":"open","sticky":false,"template":"","format":"standard","meta":{"_monsterinsights_skip_tracking":false,"footnotes":""},"categories":[692,51],"tags":[],"class_list":["post-36638","post","type-post","status-publish","format-standard","has-post-thumbnail","category-692","category-ejecutivo"],"_links":{"self":[{"href":"https:\/\/redsemlac.com\/semmexico\/wp-json\/wp\/v2\/posts\/36638","targetHints":{"allow":["GET"]}}],"collection":[{"href":"https:\/\/redsemlac.com\/semmexico\/wp-json\/wp\/v2\/posts"}],"about":[{"href":"https:\/\/redsemlac.com\/semmexico\/wp-json\/wp\/v2\/types\/post"}],"author":[{"embeddable":true,"href":"https:\/\/redsemlac.com\/semmexico\/wp-json\/wp\/v2\/users\/3"}],"replies":[{"embeddable":true,"href":"https:\/\/redsemlac.com\/semmexico\/wp-json\/wp\/v2\/comments?post=36638"}],"version-history":[{"count":0,"href":"https:\/\/redsemlac.com\/semmexico\/wp-json\/wp\/v2\/posts\/36638\/revisions"}],"wp:featuredmedia":[{"embeddable":true,"href":"https:\/\/redsemlac.com\/semmexico\/wp-json\/wp\/v2\/media\/36640"}],"wp:attachment":[{"href":"https:\/\/redsemlac.com\/semmexico\/wp-json\/wp\/v2\/media?parent=36638"}],"wp:term":[{"taxonomy":"category","embeddable":true,"href":"https:\/\/redsemlac.com\/semmexico\/wp-json\/wp\/v2\/categories?post=36638"},{"taxonomy":"post_tag","embeddable":true,"href":"https:\/\/redsemlac.com\/semmexico\/wp-json\/wp\/v2\/tags?post=36638"}],"curies":[{"name":"wp","href":"https:\/\/api.w.org\/{rel}","templated":true}]}}