{"id":36629,"date":"2021-06-07T15:44:32","date_gmt":"2021-06-07T21:44:32","guid":{"rendered":"https:\/\/redsemlac.com\/semmexico\/?p=36629"},"modified":"2023-07-21T17:01:41","modified_gmt":"2023-07-21T22:01:41","slug":"logro-electoral-los-ciudadanos-en-defensa-del-voto","status":"publish","type":"post","link":"https:\/\/redsemlac.com\/semmexico\/logro-electoral-los-ciudadanos-en-defensa-del-voto\/","title":{"rendered":"Logro electoral: Los Ciudadanos en Defensa del Voto"},"content":{"rendered":"\n<h2 class=\"wp-block-heading\"><strong>MUJER Y PODER<\/strong><\/h2>\n\n\n\n<p class=\"wp-block-paragraph\"><strong>Natalia Vidales de Bitterlin*<\/strong><\/p>\n\n\n\n<p class=\"wp-block-paragraph\">SemM\u00e9xico, Hermosillo, Sonora, 7 de junio, 2021.- \u201cLas elecciones de ayer fueron libres y limpias como no sucedieron en otros tiempos\u00a8, dijo triunfante el presidente hoy en su ma\u00f1anera.<\/p>\n\n\n\n<p class=\"wp-block-paragraph\">Pero no. Las elecciones de ayer no fueron del todo pulcras y fueron, adem\u00e1s, violentas y con actos de mapacher\u00eda que est\u00e1n, afortunadamente, documentados porque hubo una sociedad civil activa que denunci\u00f3 y que, adem\u00e1s, trat\u00f3 de impedir las ilegalidades.&nbsp; Y son ellas hoy, las verdaderas hero\u00ednas&nbsp; de la jornada porque la Guardia Nacional, lamentablemente, brill\u00f3 por su ausencia a la hora de proteger a la ciudadan\u00eda&nbsp; de las agresiones de que fue objeto.&nbsp;<\/p>\n\n\n\n<p class=\"wp-block-paragraph\">Los videos que certifican las acciones de los militantes y\/o simpatizantes de Morena ah\u00ed est\u00e1n en la red, circulan profusamente y toca entonces&nbsp;&nbsp; a la Fiscal\u00eda encargada de los Delitos Electorales,&nbsp; y dem\u00e1s autoridades&nbsp; competentes,&nbsp; actuar en consecuencia para restaurar el da\u00f1o causado y ordenar&nbsp; el castigo correspondiente.<strong>&nbsp;<\/strong><\/p>\n\n\n\n<p class=\"wp-block-paragraph\">El que la violencia e irregularidades que se presentaron en algunos estados no haya sido la constante, no le resta importancia a esas agresiones (golpes,&nbsp; robo, quema de&nbsp;urnas, enfrentamientos, entre otros) por lo que hoy,&nbsp; en su ma\u00f1anera, el presidente debi\u00f3 condenar esos violaciones que enturbiaron el ambiente de fiesta que debi\u00f3 prevalecer. Pero no. Como sabe que esas acciones vinieron de los militantes de su partido, dijo que se encontraba \u00a8muy contento de la manera en que la gente defendi\u00f3 su voto\u201d (aunque, reconoci\u00f3) que&nbsp; \u201chubieron actos de mapacher\u00eda\u201d.&nbsp;<\/p>\n\n\n\n<p class=\"wp-block-paragraph\">Pero, de cualquier modo, la ciudadan\u00eda, hombres y mujeres debemos estar satisfechas,&nbsp; porque&nbsp; el porcentaje de participaci\u00f3n fue&nbsp; ahora del 52 por ciento, seg\u00fan informo el titular del INE, Lorenzo C\u00f3rdova, superando el de elecciones anteriores y comparable con el de 1997 en que por primera vez la entonces dictadura perfecta perdi\u00f3 la mayor\u00eda en la Legislatura Federal.&nbsp; Como sea,&nbsp; nos parece un porcentaje todav\u00eda pobre,<strong>&nbsp; <\/strong>tomando en cuenta todo el esfuerzo que la oposici\u00f3n realiz\u00f3&nbsp; para concientizar al ciudadano del peligro de pasar de un estado democr\u00e1tico a uno autoritario.<\/p>\n\n\n\n<p class=\"wp-block-paragraph\">Pese a ello, hubo ganancia para beneficio de las y los mexicanos: ya no son 30 millones de votos de simpatizantes, perdi\u00f3 16 millones, ahora se sabe con&nbsp; qu\u00e9 cuenta el Presidente&nbsp; -y de los que tanto presume-, sino estos tantos menos al grado de que ahora MORENA&nbsp; perdi\u00f3 la ventaja&nbsp; calificada en el <em>Congreso de la Uni\u00f3n<\/em>&nbsp; y recibi\u00f3 tama\u00f1o rev\u00e9s en la CDMX al perder la mayor\u00eda de sus alcald\u00edas&nbsp;&nbsp; lo que debe complacernos si tomamos en cuenta que la oposici\u00f3n se enfrent\u00f3 a&nbsp; la pol\u00edtica populista del presidente de comprar votos a cambio de sus programas sociales.<\/p>\n\n\n\n<p class=\"wp-block-paragraph\">Esperemos, tranquilas y satisfechas, los resultados finales de este proceso electoral. Solo entonces podremos realmente celebrarlo.<\/p>\n\n\n\n<p class=\"wp-block-paragraph\"><strong><em>*Periodista sonorense, directora de la revista Mujer y Poder. Comentarios: whats 6621 441440.<\/em><\/strong><\/p>\n","protected":false},"excerpt":{"rendered":"<p> \u201cLas elecciones de ayer fueron libres y limpias como no sucedieron en otros tiempos\u00a8, dijo triunfante el presidente hoy en su ma\u00f1anera.<\/p>\n","protected":false},"author":3,"featured_media":29883,"comment_status":"open","ping_status":"open","sticky":false,"template":"","format":"standard","meta":{"_monsterinsights_skip_tracking":false,"footnotes":""},"categories":[692,100,72,35],"tags":[],"class_list":["post-36629","post","type-post","status-publish","format-standard","has-post-thumbnail","category-692","category-mujer-y-poder","category-natalia-vidales","category-opinion"],"_links":{"self":[{"href":"https:\/\/redsemlac.com\/semmexico\/wp-json\/wp\/v2\/posts\/36629","targetHints":{"allow":["GET"]}}],"collection":[{"href":"https:\/\/redsemlac.com\/semmexico\/wp-json\/wp\/v2\/posts"}],"about":[{"href":"https:\/\/redsemlac.com\/semmexico\/wp-json\/wp\/v2\/types\/post"}],"author":[{"embeddable":true,"href":"https:\/\/redsemlac.com\/semmexico\/wp-json\/wp\/v2\/users\/3"}],"replies":[{"embeddable":true,"href":"https:\/\/redsemlac.com\/semmexico\/wp-json\/wp\/v2\/comments?post=36629"}],"version-history":[{"count":0,"href":"https:\/\/redsemlac.com\/semmexico\/wp-json\/wp\/v2\/posts\/36629\/revisions"}],"wp:featuredmedia":[{"embeddable":true,"href":"https:\/\/redsemlac.com\/semmexico\/wp-json\/wp\/v2\/media\/29883"}],"wp:attachment":[{"href":"https:\/\/redsemlac.com\/semmexico\/wp-json\/wp\/v2\/media?parent=36629"}],"wp:term":[{"taxonomy":"category","embeddable":true,"href":"https:\/\/redsemlac.com\/semmexico\/wp-json\/wp\/v2\/categories?post=36629"},{"taxonomy":"post_tag","embeddable":true,"href":"https:\/\/redsemlac.com\/semmexico\/wp-json\/wp\/v2\/tags?post=36629"}],"curies":[{"name":"wp","href":"https:\/\/api.w.org\/{rel}","templated":true}]}}