{"id":36617,"date":"2021-06-07T14:35:52","date_gmt":"2021-06-07T20:35:52","guid":{"rendered":"https:\/\/redsemlac.com\/semmexico\/?p=36617"},"modified":"2023-07-21T17:01:41","modified_gmt":"2023-07-21T22:01:41","slug":"no-a-la-maternidad-subrogada-se-pronuncian-feministas-y-organizaciones-de-derechos-humanos-ante-la-scjn","status":"publish","type":"post","link":"https:\/\/redsemlac.com\/semmexico\/no-a-la-maternidad-subrogada-se-pronuncian-feministas-y-organizaciones-de-derechos-humanos-ante-la-scjn\/","title":{"rendered":"No a la maternidad subrogada, se pronuncian feministas y organizaciones de derechos humanos ante la SCJN"},"content":{"rendered":"\n<ul class=\"wp-block-list\"><li><strong>Una industria que ya opera en M\u00e9xico con ganancias hasta de 6 mil millones de d\u00f3lares anuales<\/strong><\/li><li>\u00a1\u00a1\u00a1<strong>Cartel: no somos mercanc\u00eda!!!<\/strong><\/li><\/ul>\n\n\n\n<p class=\"wp-block-paragraph\"><strong>Elda Montiel<\/strong><\/p>\n\n\n\n<p class=\"wp-block-paragraph\">SemM\u00e9xico, Cd. de M\u00e9xico, 7 de junio 2021.-&nbsp; Mujeres feministas y organizaciones de la sociedad civil se concentraron esta ma\u00f1ana frente al edificio de la Suprema Corte de Justicia de la Naci\u00f3n (SCJN) para entregar una carta firmada por m\u00e1s de&nbsp; mil quinientas organizaciones feministas y de derechos humanos en la que piden a las y los magistrados rectificar el camino y no avalar los vientres de alquiler porque estar\u00edan institucionalizando la exploraci\u00f3n de los cuerpos de las mujeres y la mercantilizaci\u00f3n de las ni\u00f1as y ni\u00f1os, con lo que se convertir\u00edan en&nbsp; c\u00f3mplices de trata.&nbsp;<\/p>\n\n\n\n<p class=\"wp-block-paragraph\">Exigen a la Suprema Corte de Justicia votar en contra de la legalizaci\u00f3n de los vientres de alquiler porque viola sus derechos sexuales y reproductivos, cosifica su cuerpo y las obliga a renunciar a su derecho a la maternidad.&nbsp;<\/p>\n\n\n\n<p class=\"wp-block-paragraph\">Patricia Olamendi, abogada y presidenta de \u201cNosotras tenemos otros datos\u201d ley\u00f3 la carta en la que exigen \u201crespeto a la dignidad humana de las mujeres, nada m\u00e1s ni nada menos\u201d. \u201cLos beb\u00e9s no se compran. No aceptamos ser objeto de transacciones monetarias\u201d. &nbsp;<\/p>\n\n\n\n<p class=\"wp-block-paragraph\">Les hacen saber su indignaci\u00f3n y asombro por los acuerdos y resolutivos tomados por la Corte a prop\u00f3sito de la llamada \u201cgestaci\u00f3n por sustituci\u00f3n\u201d, porque est\u00e1n avalando que las mujeres y los ni\u00f1os y las ni\u00f1as se consideren como mercanc\u00eda, ya que se pueden rentar o comprar.<\/p>\n\n\n\n<p class=\"wp-block-paragraph\">Califican dicha resoluci\u00f3n como clasista, ya que las m\u00e1s afectadas van a ser las mexicanas m\u00e1s pobres, y las convierten en objetos legales de consumo para nacionales y extranjeros. Tambi\u00e9n cuestiona el argumento de que apela el derecho de la mujer a ejercer su capacidad de manera reproductiva de manera aut\u00f3noma, lo cual es una distorsi\u00f3n.<\/p>\n\n\n\n<p class=\"wp-block-paragraph\">Precisan que la maternidad subrogada constituye una violaci\u00f3n a los derechos humanos de las mujeres, puesto que se basa en la ausencia de un consentimiento informado.<\/p>\n\n\n\n<figure class=\"wp-block-gallery columns-2 is-cropped wp-block-gallery-1 is-layout-flex wp-block-gallery-is-layout-flex\"><ul class=\"blocks-gallery-grid\"><li class=\"blocks-gallery-item\"><figure><a href=\"https:\/\/redsemlac.com\/semmexico\/wp-content\/uploads\/2021\/06\/WhatsApp-Image-2021-06-07-at-12.08.36-PM.jpeg\"><img decoding=\"async\" src=\"https:\/\/redsemlac.com\/semmexico\/wp-content\/uploads\/2021\/06\/WhatsApp-Image-2021-06-07-at-12.08.36-PM-1024x476.jpeg\" alt=\"\" data-id=\"36622\" data-full-url=\"https:\/\/redsemlac.com\/semmexico\/wp-content\/uploads\/2021\/06\/WhatsApp-Image-2021-06-07-at-12.08.36-PM.jpeg\" data-link=\"https:\/\/redsemlac.com\/semmexico\/?attachment_id=36622\" class=\"wp-image-36622\"\/><\/a><\/figure><\/li><li class=\"blocks-gallery-item\"><figure><a href=\"https:\/\/redsemlac.com\/semmexico\/wp-content\/uploads\/2021\/06\/WhatsApp-Image-2021-06-07-at-11.17.28-AM-1.jpeg\"><img decoding=\"async\" src=\"https:\/\/redsemlac.com\/semmexico\/wp-content\/uploads\/2021\/06\/WhatsApp-Image-2021-06-07-at-11.17.28-AM-1-768x1024.jpeg\" alt=\"\" data-id=\"36621\" data-full-url=\"https:\/\/redsemlac.com\/semmexico\/wp-content\/uploads\/2021\/06\/WhatsApp-Image-2021-06-07-at-11.17.28-AM-1.jpeg\" data-link=\"https:\/\/redsemlac.com\/semmexico\/?attachment_id=36621\" class=\"wp-image-36621\"\/><\/a><\/figure><\/li><li class=\"blocks-gallery-item\"><figure><a href=\"https:\/\/redsemlac.com\/semmexico\/wp-content\/uploads\/2021\/06\/WhatsApp-Image-2021-06-07-at-10.26.17-AM.jpeg\"><img decoding=\"async\" src=\"https:\/\/redsemlac.com\/semmexico\/wp-content\/uploads\/2021\/06\/WhatsApp-Image-2021-06-07-at-10.26.17-AM-768x1024.jpeg\" alt=\"\" data-id=\"36619\" data-full-url=\"https:\/\/redsemlac.com\/semmexico\/wp-content\/uploads\/2021\/06\/WhatsApp-Image-2021-06-07-at-10.26.17-AM.jpeg\" data-link=\"https:\/\/redsemlac.com\/semmexico\/?attachment_id=36619\" class=\"wp-image-36619\"\/><\/a><\/figure><\/li><li class=\"blocks-gallery-item\"><figure><a href=\"https:\/\/redsemlac.com\/semmexico\/wp-content\/uploads\/2021\/06\/WhatsApp-Image-2021-06-07-at-10.25.24-AM.jpeg\"><img decoding=\"async\" src=\"https:\/\/redsemlac.com\/semmexico\/wp-content\/uploads\/2021\/06\/WhatsApp-Image-2021-06-07-at-10.25.24-AM-576x1024.jpeg\" alt=\"\" data-id=\"36618\" data-full-url=\"https:\/\/redsemlac.com\/semmexico\/wp-content\/uploads\/2021\/06\/WhatsApp-Image-2021-06-07-at-10.25.24-AM.jpeg\" data-link=\"https:\/\/redsemlac.com\/semmexico\/?attachment_id=36618\" class=\"wp-image-36618\"\/><\/a><\/figure><\/li><\/ul><\/figure>\n\n\n\n<p class=\"wp-block-paragraph\">En la imposici\u00f3n del control de los cuerpos de las mujeres gestantes con tratamientos hormonales invasivos que representan severos riesgos para su salud y la de los ni\u00f1os y ni\u00f1as nacidas por esta via, as\u00ed como la imposici\u00f3n o limitaci\u00f3n de la interrupci\u00f3n del embarazo y abandonos despu\u00e9s del proceso cuando las y los ni\u00f1os nacidos por esta v\u00eda no son lo esperado por los contratantes.<\/p>\n\n\n\n<p class=\"wp-block-paragraph\">El desarrollo de las tecnolog\u00edas de reproducci\u00f3n no responde a una necesidad de las mujeres, sino al hecho de que el capital y la ciencia necesitan a las mujeres para seguir manteniendo su modelo de crecimiento y progreso.<\/p>\n\n\n\n<p class=\"wp-block-paragraph\">El 1 de junio del 2021, el Tribunal Pleno de la SCJN plante\u00f3 la posibilidad de regular la maternidad subrogada en todas las entidades. Hasta ahora, esta pr\u00e1ctica se permite en Tabasco desde 1997 y en 2016 se reform\u00f3 la ley para que se permitiera s\u00f3lo en su modalidad no remunerada, para parejas mexicanas con imposibilidad m\u00e9dica de tener hijas e hijos.<\/p>\n\n\n\n<p class=\"wp-block-paragraph\">Advierten que esto abrir\u00eda la puerta a la legalizaci\u00f3n de una industria que de suyo ya opera en M\u00e9xico y que reporta ganancias multimillonarias, alineandose con ello a la demanda del mercado. Tan solo en 2018 la facturaci\u00f3n de esta industria fue de 6 mil millones de d\u00f3lares seg\u00fan el USD (Surrogacy Market Share Report).<\/p>\n\n\n\n<p class=\"wp-block-paragraph\">El movimiento feminista llama a la SCJN a rectificar el camino, ya que el pasado viernes la Suprema Corte de Justicia de la Naci\u00f3n (SCJN) resolvi\u00f3 a favor de la maternidad subrogada, que las mujeres podr\u00e1n decidir libremente si lo hacen por altruismo o por contrato y que no estar\u00e1n sujetas a sus parejas, porque ello las limitar\u00eda en su libertad.<\/p>\n\n\n\n<p class=\"wp-block-paragraph\">Acord\u00f3 igual que las y&nbsp;los&nbsp;estados tienen facultades para decidir y regular subrogaci\u00f3n, como sucede, hace algunos lustros en Tabasco.<\/p>\n\n\n\n<p class=\"wp-block-paragraph\">Las manifestantes con capas guindas y cofias blancas en clara alusi\u00f3n a la serie \u201cEl cuento de la criada\u201d, novela hom\u00f3nima de Margaret Atwood donde la mujer se ha convertido en esclava sexual de un estado que aniquila su voluntad como personas y las trata como objetos. Lo \u00fanico que importa es su \u00fatero y su capacidad para procrear.<\/p>\n\n\n\n<p class=\"wp-block-paragraph\">Las feministas en forma pac\u00edfica s\u00f3lo coreaban \u201cSomos personas no cosas\u201d, \u201cNo a los vientres de alquiler\u201d y pancartas con el letrero \u201cLas mujeres no somos mercanc\u00eda\u201d mientras se hac\u00eda la entrega de la Carta en la Oficial\u00eda de Partes. Estaban presentes Yndira Sandoval S\u00e1nchez, Teresa Ulloa, la doctora Aim\u00e9 Vega Montiel, entre otras activistas.<\/p>\n","protected":false},"excerpt":{"rendered":"<p>\u00a1\u00a1\u00a1Cartel: no somos mercanc\u00eda!!!<\/p>\n","protected":false},"author":3,"featured_media":36620,"comment_status":"open","ping_status":"open","sticky":false,"template":"","format":"standard","meta":{"_monsterinsights_skip_tracking":false,"footnotes":""},"categories":[692,54],"tags":[],"class_list":["post-36617","post","type-post","status-publish","format-standard","has-post-thumbnail","category-692","category-mujeres"],"_links":{"self":[{"href":"https:\/\/redsemlac.com\/semmexico\/wp-json\/wp\/v2\/posts\/36617","targetHints":{"allow":["GET"]}}],"collection":[{"href":"https:\/\/redsemlac.com\/semmexico\/wp-json\/wp\/v2\/posts"}],"about":[{"href":"https:\/\/redsemlac.com\/semmexico\/wp-json\/wp\/v2\/types\/post"}],"author":[{"embeddable":true,"href":"https:\/\/redsemlac.com\/semmexico\/wp-json\/wp\/v2\/users\/3"}],"replies":[{"embeddable":true,"href":"https:\/\/redsemlac.com\/semmexico\/wp-json\/wp\/v2\/comments?post=36617"}],"version-history":[{"count":0,"href":"https:\/\/redsemlac.com\/semmexico\/wp-json\/wp\/v2\/posts\/36617\/revisions"}],"wp:featuredmedia":[{"embeddable":true,"href":"https:\/\/redsemlac.com\/semmexico\/wp-json\/wp\/v2\/media\/36620"}],"wp:attachment":[{"href":"https:\/\/redsemlac.com\/semmexico\/wp-json\/wp\/v2\/media?parent=36617"}],"wp:term":[{"taxonomy":"category","embeddable":true,"href":"https:\/\/redsemlac.com\/semmexico\/wp-json\/wp\/v2\/categories?post=36617"},{"taxonomy":"post_tag","embeddable":true,"href":"https:\/\/redsemlac.com\/semmexico\/wp-json\/wp\/v2\/tags?post=36617"}],"curies":[{"name":"wp","href":"https:\/\/api.w.org\/{rel}","templated":true}]}}