{"id":36611,"date":"2021-06-07T13:52:54","date_gmt":"2021-06-07T19:52:54","guid":{"rendered":"https:\/\/redsemlac.com\/semmexico\/?p=36611"},"modified":"2023-07-21T17:01:41","modified_gmt":"2023-07-21T22:01:41","slug":"cuba-brechas-y-avances-en-tratamiento-mediatico-de-la-violencia-machista","status":"publish","type":"post","link":"https:\/\/redsemlac.com\/semmexico\/cuba-brechas-y-avances-en-tratamiento-mediatico-de-la-violencia-machista\/","title":{"rendered":"Cuba: Brechas y avances en tratamiento medi\u00e1tico de la violencia machista"},"content":{"rendered":"\n<p class=\"wp-block-paragraph\"><strong>De la redacci\u00f3n<\/strong><\/p>\n\n\n\n<p class=\"wp-block-paragraph\">SemM\u00e9xico\/ SEMlac. La Habana, Cuba. 07 de junio 2021.- Aunque la violencia machista est\u00e1 presente hoy en los medios de prensa cubanos y se reconoce su existencia en todas sus manifestaciones, su abordaje sigue careciendo de sistematicidad. Adem\u00e1s, se asocia fundamentalmente a fechas, campa\u00f1as o procesos que las y los periodistas cubren, en detrimento de investigaciones y trabajos que profundicen en las diversas aristas del problema.<\/p>\n\n\n\n<p class=\"wp-block-paragraph\">Estos son algunos de los resultados del estudio \u00abViolencia de g\u00e9nero en la prensa cubana: avances y desaf\u00edos\u00bb, de las periodistas Danielle Laurencio, Ania Terrero y Dixie Edith Trinquete, presentado el 4 de junio desde la p\u00e1gina de Facebook del Instituto Internacional de Periodismo Jos\u00e9 Mart\u00ed (IIPJM), en alianza con OXFAM en Cuba.<\/p>\n\n\n\n<p class=\"wp-block-paragraph\">Para esta investigaci\u00f3n, las periodistas analizaron una veintena de productos comunicativos publicados en medios de prensa cubanos, nacionales y territoriales, entre 2019 y 2020, adem\u00e1s de una selecci\u00f3n de trabajos period\u00edsticos presentados al XIII Encuentro Iberoamericano de G\u00e9nero y Comunicaci\u00f3n \u00abIsabel Moya Richard in Memoriam\u00bb, celebrado en noviembre de 2019, y al Premio Especial de la Editorial de la Mujer, del Concurso Nacional de Periodismo 26 de Julio de 2020, para un total de 56 muestras de todos los soportes y varios territorios del pa\u00eds.<\/p>\n\n\n\n<p class=\"wp-block-paragraph\">Las tres profesionales elaboraron recomendaciones y un kit de Herramientas para Periodistas en formato de postales para Redes Sociales.<\/p>\n\n\n\n<p class=\"wp-block-paragraph\">La investigadora, psic\u00f3loga y consultora de Oxfam en Cuba, Yohanka Vald\u00e9s Jim\u00e9nez, remarc\u00f3 el papel de los medios de comunicaci\u00f3n en transformar imaginarios y pr\u00e1cticas asociadas a la reproducci\u00f3n de las violencias machistas.<\/p>\n\n\n\n<p class=\"wp-block-paragraph\">\u00abLos medios son clave en romper esa naturalizaci\u00f3n que la acompa\u00f1a y en colocar otras narrativas sobre mujeres y la igualdad de g\u00e9nero en el centro de una comunicaci\u00f3n transformadora y sensible a este tema\u00bb, dijo la especialista.<\/p>\n\n\n\n<p class=\"wp-block-paragraph\">Vald\u00e9s Jim\u00e9nez agradeci\u00f3 al equipo de coordinaci\u00f3n del Encuentro Iberoamericano de G\u00e9nero y Comunicaci\u00f3n que, en noviembre de 2019, reuni\u00f3 a periodistas y medios de comunicaci\u00f3n, pues muchos de esos trabajos han sido utilizados como insumos en la indagaci\u00f3n.<\/p>\n\n\n\n<p class=\"wp-block-paragraph\">La periodista Dixie Edith Trinquete, profesora de la Facultad de Comunicaci\u00f3n de la Universidad de La Habana, se\u00f1al\u00f3 que entre los antecedentes de esta investigaci\u00f3n hay varios estudios sistem\u00e1ticos en el pa\u00eds -como los del equipo de trabajo en Cuba del Servicio de Noticias de la Mujer de Latinoam\u00e9rica y el Caribe (SEMlac) y los desarrollados por la oficina de Oxfam-, que han ido mapeando c\u00f3mo se comporta el tratamiento de la violencia en los medios.<\/p>\n\n\n\n<p class=\"wp-block-paragraph\">Una referencia obligada, coment\u00f3, es la investigaci\u00f3n realizada por la periodista y feminista Isabel Moya, para su manual Letra con G\u00e9nero, que tambi\u00e9n posicion\u00f3 muchos de los desaf\u00edos para el abordaje del tema.<\/p>\n\n\n\n<p class=\"wp-block-paragraph\">De acuerdo con Trinquete, \u00ablos resultados de esas investigaciones daban cuenta de una nula o pobre cobertura del tema, mucho m\u00e1s en los medios nacionales que en los territoriales\u00bb, la casi total ausencia de estad\u00edsticas nacionales al no disponerse de ellas en el pa\u00eds, y una tendencia a naturalizar el planteamiento de que \u00abla violencia en Cuba no es un problema y que hay m\u00e1s violencia psicol\u00f3gica que de cualquier otro tipo\u00bb.<\/p>\n\n\n\n<h2 class=\"wp-block-heading\"><strong>Contextualizar, deuda en las agendas medi\u00e1ticas<\/strong><\/h2>\n\n\n\n<p class=\"wp-block-paragraph\">La periodista Ania Terrero aludi\u00f3 a que se constatan avances en las agendas medi\u00e1ticas respecto a hace 10 a\u00f1os, \u00abpero el c\u00f3mo nos acercamos a la violencia de g\u00e9nero sigue siendo una brecha\u00bb, apunt\u00f3.<\/p>\n\n\n\n<p class=\"wp-block-paragraph\">\u00abNo estamos yendo a buscar la violencia de g\u00e9nero, necesariamente, como un conflicto que hay que tratar, sino que a nuestras redacciones est\u00e1n llegando coberturas, campa\u00f1as, procesos que se est\u00e1n desarrollando, y nosotros vamos a cubrir la noticia. Por eso la gran mayor\u00eda de los trabajos analizados est\u00e1n relacionas con talleres, conferencias o fechas se\u00f1aladas\u00bb, coment\u00f3 Terrero.<\/p>\n\n\n\n<p class=\"wp-block-paragraph\">En funci\u00f3n de ello, dijo que 57 por ciento de los 56 trabajos analizados eran noticias. Asociados a eventos y jornadas fueron 37 y sin relaci\u00f3n con ninguna fecha espec\u00edfica, 19 textos.<\/p>\n\n\n\n<p class=\"wp-block-paragraph\">En estas coberturas se incluyen errores de t\u00e9rminos, poca contextualizaci\u00f3n de la violencia, la validaci\u00f3n y reproducci\u00f3n de mitos y tratamientos acertados del tema.<\/p>\n\n\n\n<p class=\"wp-block-paragraph\">\u00abEl hecho de que 32 por ciento de los trabajos analizados est\u00e9n evidenciando buenas pr\u00e1cticas, es sin duda una buena se\u00f1al, y es un punto de partida interesante\u00bb, consider\u00f3.<\/p>\n\n\n\n<p class=\"wp-block-paragraph\">Que la mayor parte de los trabajos analizados provengan de la prensa impresa, agencias, radio y televisi\u00f3n, probablemente determine la preponderancia del g\u00e9nero informativo y escasa presencia de an\u00e1lisis e investigaci\u00f3n, puntualiz\u00f3.<\/p>\n\n\n\n<p class=\"wp-block-paragraph\">En 57 por ciento de los trabajos hubo confusi\u00f3n o mal empleo de t\u00e9rminos, como el uso de \u00abviolencia dom\u00e9stica\u00bb en lugar de \u00abviolencia de g\u00e9nero\u00bb, o violencia contra la mujer en lugar de violencia de g\u00e9nero, lo que invisibiliza muchos otros tipos de violencias, apunt\u00f3.<\/p>\n\n\n\n<p class=\"wp-block-paragraph\">\u00abTambi\u00e9n el hecho de que no se aborde el acoso sexual callejero en toda su dimensi\u00f3n, lo que sigue siendo un gran desaf\u00edo en la prensa y entre los p\u00fablicos\u00bb, sostuvo.<\/p>\n\n\n\n<p class=\"wp-block-paragraph\">Igualmente ocurre que se habla de violencia de g\u00e9nero desde hechos aislados y en m\u00e1s del 75 por ciento de los casos no se contextualiza.<\/p>\n\n\n\n<p class=\"wp-block-paragraph\">En lo que considera la principal conclusi\u00f3n del estudio, Terrero reiter\u00f3 que se segmenta la mirada y ello impide que se enfrente como un problema social, transversal a todos los procesos de la sociedad.<\/p>\n\n\n\n<p class=\"wp-block-paragraph\">La investigaci\u00f3n constat\u00f3, adem\u00e1s, un uso marcado del masculino gen\u00e9rico para referirse tanto a hombres como a mujeres en espacios donde ellas son mayor\u00eda e incluso donde no hay hombres; as\u00ed como un empleo frecuente del t\u00e9rmino f\u00e9minas, no recomendable por estar asociado en su origen a la capacidad reproductiva, que las limita conceptualmente como mujeres.<\/p>\n\n\n\n<p class=\"wp-block-paragraph\">Adem\u00e1s, no pocos trabajos analizados reproducen prejuicios sexistas, sobre todo en las im\u00e1genes, lo que evidencia falta de coherencia en el tratamiento integral al interior de las redacciones. Tambi\u00e9n se tiende a revictimizar, atacar o culpabilizar a las mujeres v\u00edctimas de violencia de g\u00e9nero.<\/p>\n\n\n\n<h2 class=\"wp-block-heading\">\u00bfQu\u00e9 mitos desmontar?<\/h2>\n\n\n\n<p class=\"wp-block-paragraph\">Danielle Laurencio, periodista de Las Tunas, provincia a unos 660 kil\u00f3metros de la capital, abog\u00f3 por nombrar las muertes de mujeres por violencia de g\u00e9nero como femicidio. \u00abTenemos que aprender y dominar esos t\u00e9rminos, usarlos con responsabilidad en nuestros medios de comunicaci\u00f3n\u00bb, refiri\u00f3.<\/p>\n\n\n\n<p class=\"wp-block-paragraph\">A se juicio, urge visibilizar el car\u00e1cter de problem\u00e1tica social y multidimensional de la violencia de g\u00e9nero, sin exponer la intimidad de las personas ni lesionar su integridad, cuando se llevan casos de violencia a los medios.<\/p>\n\n\n\n<p class=\"wp-block-paragraph\">En los \u00faltimos tiempos se cuentan m\u00e1s historias de personas sobrevivientes, reconoci\u00f3. Sin embargo, sigue faltando un lenguaje preciso, respetuoso, informativo, pero sobre todo que se apegue a la realidad de los hechos.<\/p>\n\n\n\n<p class=\"wp-block-paragraph\">\u00abEvitar que el caso de violencia se convierta en un espect\u00e1culo medi\u00e1tico es muy importante, pues se trata de historias y sobrevivientes de violencia reales, y debe hacerse con mucha \u00e9tica y respeto\u00bb, afirm\u00f3.<\/p>\n\n\n\n<p class=\"wp-block-paragraph\">Laurencio resalt\u00f3 que el estudio corrobora la necesidad de continuar desmontando mitos desde la comunicaci\u00f3n, como que \u00abla v\u00edctima se busc\u00f3 lo que le pasa\u00bb; que \u00ablas agresiones son expresi\u00f3n de amor\u00bb, de ah\u00ed que se justifiquen los femicidios y se entiendan como \u00abcr\u00edmenes pasionales\u00bb, \u00abque a la v\u00edctima le gusta sufrir, que la maltraten y por eso no abandona al agresor\u00bb, entre otros.<\/p>\n\n\n\n<p class=\"wp-block-paragraph\">\u00abLos medios deben saber que tambi\u00e9n ejercen ese tipo de violencia sobre las mujeres y las ni\u00f1as cuando las invisibilizan, silencian o representan de forma estereotipada, pues contribuyen a la reproducci\u00f3n de esos imaginarios colectivos que sostienen diversas formas de violencia de g\u00e9nero\u00bb, enfatiz\u00f3 Laurencio.<\/p>\n","protected":false},"excerpt":{"rendered":"<p>Aunque la violencia machista est\u00e1 presente hoy en los medios de prensa cubanos y se reconoce su existencia en todas sus manifestaciones<\/p>\n","protected":false},"author":3,"featured_media":36612,"comment_status":"open","ping_status":"open","sticky":false,"template":"","format":"standard","meta":{"_monsterinsights_skip_tracking":false,"footnotes":""},"categories":[692,53],"tags":[],"class_list":["post-36611","post","type-post","status-publish","format-standard","has-post-thumbnail","category-692","category-internacional"],"_links":{"self":[{"href":"https:\/\/redsemlac.com\/semmexico\/wp-json\/wp\/v2\/posts\/36611","targetHints":{"allow":["GET"]}}],"collection":[{"href":"https:\/\/redsemlac.com\/semmexico\/wp-json\/wp\/v2\/posts"}],"about":[{"href":"https:\/\/redsemlac.com\/semmexico\/wp-json\/wp\/v2\/types\/post"}],"author":[{"embeddable":true,"href":"https:\/\/redsemlac.com\/semmexico\/wp-json\/wp\/v2\/users\/3"}],"replies":[{"embeddable":true,"href":"https:\/\/redsemlac.com\/semmexico\/wp-json\/wp\/v2\/comments?post=36611"}],"version-history":[{"count":0,"href":"https:\/\/redsemlac.com\/semmexico\/wp-json\/wp\/v2\/posts\/36611\/revisions"}],"wp:featuredmedia":[{"embeddable":true,"href":"https:\/\/redsemlac.com\/semmexico\/wp-json\/wp\/v2\/media\/36612"}],"wp:attachment":[{"href":"https:\/\/redsemlac.com\/semmexico\/wp-json\/wp\/v2\/media?parent=36611"}],"wp:term":[{"taxonomy":"category","embeddable":true,"href":"https:\/\/redsemlac.com\/semmexico\/wp-json\/wp\/v2\/categories?post=36611"},{"taxonomy":"post_tag","embeddable":true,"href":"https:\/\/redsemlac.com\/semmexico\/wp-json\/wp\/v2\/tags?post=36611"}],"curies":[{"name":"wp","href":"https:\/\/api.w.org\/{rel}","templated":true}]}}