{"id":36605,"date":"2021-06-07T12:31:23","date_gmt":"2021-06-07T18:31:23","guid":{"rendered":"https:\/\/redsemlac.com\/semmexico\/?p=36605"},"modified":"2023-07-21T17:01:41","modified_gmt":"2023-07-21T22:01:41","slug":"cuba-codigo-de-las-familias-el-desafio-de-hacer-visible-la-violencia","status":"publish","type":"post","link":"https:\/\/redsemlac.com\/semmexico\/cuba-codigo-de-las-familias-el-desafio-de-hacer-visible-la-violencia\/","title":{"rendered":"Cuba: C\u00f3digo de las Familias, el desaf\u00edo de hacer visible la violencia"},"content":{"rendered":"\n<p class=\"wp-block-paragraph\"><strong>Por Dixie Edith<\/strong><\/p>\n\n\n\n<p class=\"wp-block-paragraph\">SemM\u00e9xico\/ SEMlac. La Habana, Cuba. 07 de junio 2021.- Cualquier legislaci\u00f3n de familia que se apruebe en Cuba debe visibilizar todas las manifestaciones de violencia que ocurren al interior de los hogares y disponer reglas de alcance general para atenderlas, coinciden juristas locales.<\/p>\n\n\n\n<p class=\"wp-block-paragraph\">A las puertas del proceso de consulta popular y aprobaci\u00f3n de un nuevo C\u00f3digo de las Familias, especialistas han identificado m\u00faltiples retos para una norma jur\u00eddica cuya versi\u00f3n, vigente desde 1975, necesita atemperarse a la contemporaneidad, pero tambi\u00e9n a la actual Carta Magna.<\/p>\n\n\n\n<p class=\"wp-block-paragraph\">\u00abLa violencia familiar, en cualquiera de sus manifestaciones, se considera destructiva de las personas implicadas, de las familias y de la sociedad, y es sancionada por la ley\u00bb, expresa el Art\u00edculo 85 de la Constituci\u00f3n de la Rep\u00fablica aprobada en 2019.<\/p>\n\n\n\n<p class=\"wp-block-paragraph\">A juicio de Yamila Gonz\u00e1lez Ferrer, vicepresidenta de la Uni\u00f3n Nacional de Juristas de Cuba (UNJC), esta proyecci\u00f3n \u00abes abarcadora de los tres \u00e1mbitos en los que la violencia en el espacio familiar incide negativamente y que no se pueden perder de vista: el individual, el familiar y el social\u00bb, explic\u00f3 a SEMlac.<\/p>\n\n\n\n<p class=\"wp-block-paragraph\">\u00abEn ese mismo sentido, el precepto abre su abanico protector a todas las manifestaciones en que puede presentarse esta violencia\u00bb, precis\u00f3 la tambi\u00e9n profesora de la Facultad de Derecho de la Universidad de La Habana.<\/p>\n\n\n\n<p class=\"wp-block-paragraph\">Gonz\u00e1lez identifica \u00abtres modos significativos en que se da la violencia familiar\u00bb, entendiendo que, al interior de los hogares de tradici\u00f3n patriarcal, el poder se ejerce atendiendo a dos l\u00edneas fundamentales: el g\u00e9nero y la generaci\u00f3n. De este modo, enumera la existencia de violencia de g\u00e9nero, contra personas adultas mayores o con capacidades diferentes y tambi\u00e9n contra ni\u00f1as, ni\u00f1os y adolescentes.<\/p>\n\n\n\n<p class=\"wp-block-paragraph\">Si bien el maltrato f\u00edsico es el m\u00e1s evidente e identificado, a juicio del tambi\u00e9n jurista Leonardo P\u00e9rez Gallardo, presidente de la Sociedad Cubana de Derecho de Familia, existen \u00abotras formas m\u00e1s silenciosas, que hacen tanto o m\u00e1s da\u00f1o, y que est\u00e1n presentes tambi\u00e9n en la cotidianidad cubana como la violencia psicol\u00f3gica y manifestaciones de la violencia econ\u00f3mica\u00bb.<\/p>\n\n\n\n<h2 class=\"wp-block-heading\"><strong>Sin alternativas<\/strong><\/h2>\n\n\n\n<p class=\"wp-block-paragraph\">Viviana Ferro es una sobreviviente de violencia econ\u00f3mica. Tiene 62 a\u00f1os de edad, fue maestra toda la vida y desde hace una d\u00e9cada tuvo que mudarse de La Habana a su natal Holgu\u00edn, ya que al separarse de su pareja, perdi\u00f3 hasta los derechos sobre la vivienda que compart\u00edan.<\/p>\n\n\n\n<p class=\"wp-block-paragraph\">\u00abCuando nos unimos, tanto \u00e9l como yo hab\u00edamos tenido un matrimonio anterior y no quer\u00edamos volver a pasar por la historia de las firmas. No eran tiempos para fiestas tampoco, pues fue justo a inicios de los a\u00f1os noventa, en medio de la crisis econ\u00f3mica. Simplemente nos mudamos juntos\u00bb, narr\u00f3 Ferro a SEMlac.<\/p>\n\n\n\n<p class=\"wp-block-paragraph\">\u00abLos dos ten\u00edamos hijas, pues \u00e9l cuidaba a la suya desde que su exesposa se fue de Cuba de forma ilegal. Las ni\u00f1as enseguida se aceptaron como hermanas y, aunque al principio pasamos mucho trabajo, todo se fue acomodando\u00bb, rememor\u00f3.<\/p>\n\n\n\n<p class=\"wp-block-paragraph\">A\u00f1os despu\u00e9s, una de las hijas march\u00f3 a vivir con la madre al extranjero. La de Ferro se gradu\u00f3, aplic\u00f3 a una beca de maestr\u00eda en Europa y tampoco regres\u00f3.<\/p>\n\n\n\n<p class=\"wp-block-paragraph\">\u00abLas cosas empezaron a ir mal. Ahora pienso que es como si el \u00fanico objetivo de nuestra pareja hubiera sido criar a las ni\u00f1as. Las peleas comenzaron a ser diarias y de pronto \u00e9l ten\u00eda otra mujer m\u00e1s joven y me pidi\u00f3 que me fuera de la casa. Hasta me amenaz\u00f3 con traer a la polic\u00eda\u00bb, detall\u00f3.<\/p>\n\n\n\n<p class=\"wp-block-paragraph\">\u00abTrat\u00e9 de llevarlo a juicio para permutar y tener una casa, pero primero hab\u00eda que hacer un reconocimiento legal de la uni\u00f3n y eso no fue posible. Uno de sus amigos testific\u00f3 en mi contra y, aunque las ni\u00f1as trataron de mandar declaraciones juradas, no hubo manera\u00bb.<\/p>\n\n\n\n<p class=\"wp-block-paragraph\">Casi llegando a la edad de jubilaci\u00f3n, esta mujer tuvo que abandonar la ciudad en que hab\u00eda vivido desde los 18 a\u00f1os y mudarse con una hermana, querida pero lejana, casi en el otro extremo del pa\u00eds. \u00ab\u00c9l nunca me dio un golpe, pero la impotencia es casi peor\u00bb, confes\u00f3 Ferro a SEMlac.<\/p>\n\n\n\n<p class=\"wp-block-paragraph\">Seg\u00fan P\u00e9rez Gallardo, en los \u00faltimos a\u00f1os se ha agudizado la presencia de violencia econ\u00f3mica en Cuba. A formas similares a la vivida por Ferro, se agregan ahora las que derivan, por ejemplo, del ejercicio del trabajo por cuenta propia.<\/p>\n\n\n\n<p class=\"wp-block-paragraph\">\u00abMuchas familias est\u00e1n sustentadas en el trabajo de varios de sus integrantes porque funcionan como peque\u00f1as empresas familiares, aun cuando no tienen ese estatuto jur\u00eddico porque Cuba no lo reconoce\u00bb, precis\u00f3 P\u00e9rez Gallardo.<\/p>\n\n\n\n<p class=\"wp-block-paragraph\">\u00abEn esos casos, muchas veces la mujer que forma parte de esa empresa siente la violencia del esposo que, en una proporci\u00f3n nada desde\u00f1able, es quien administra y dispone de los recursos econ\u00f3micos\u00bb, detall\u00f3.<\/p>\n\n\n\n<p class=\"wp-block-paragraph\">Para el tambi\u00e9n profesor universitario, son m\u00e1s graves las situaciones de aquellas mujeres que no est\u00e1n incorporadas al trabajo, por lo cual su sost\u00e9n econ\u00f3mico es el hombre. M\u00e1s cuando tienen hijas o hijos.<\/p>\n\n\n\n<p class=\"wp-block-paragraph\">\u00abEl padre y exesposo regatea la pensi\u00f3n alimenticia -que muchas veces no alcanza a cubrir todos los gastos de un menor- y entonces la mujer queda desvalida, desprotegida, vulnerable. Ah\u00ed hay un sustento claro de violencia econ\u00f3mica, adem\u00e1s de la violencia psicol\u00f3gica agregada que se manifiesta\u00bb, resumi\u00f3 el experto.<\/p>\n\n\n\n<h2 class=\"wp-block-heading\"><strong>Herencias en contexto<\/strong><\/h2>\n\n\n\n<p class=\"wp-block-paragraph\">A fines de 2016, una in\u00e9dita sentencia del Tribunal Supremo en un caso de reconocimiento judicial del matrimonio confirm\u00f3 la necesidad de incorporar enfoques de g\u00e9nero y de derechos a la legislaci\u00f3n familiar.<\/p>\n\n\n\n<p class=\"wp-block-paragraph\">El reclamo de reconocimiento judicial de la uni\u00f3n -justo lo que hubiera necesitado Ferro- fue presentado, en este caso, por un hombre contra una mujer y en todas las instancias jur\u00eddicas previas al Tribunal Supremo esa uni\u00f3n fue reconocida pues, a juicio de quienes lo evaluaron, se cumpl\u00edan todos los requisitos formales.<\/p>\n\n\n\n<p class=\"wp-block-paragraph\">La mujer, sin embargo, sigui\u00f3 apelando con el argumento de que llevaba a\u00f1os siendo v\u00edctima de violencia. El Tribunal Supremo, finalmente, no otorg\u00f3 el reconocimiento, a partir de consideraciones que eran inusuales en la pr\u00e1ctica judicial cubana de ese momento, seg\u00fan criterios especializados.<\/p>\n\n\n\n<p class=\"wp-block-paragraph\">La jueza apel\u00f3 al art\u00edculo 25 del actual C\u00f3digo de Familia, el cual establece que \u00ablos c\u00f3nyuges deben vivir juntos, guardarse la lealtad, la consideraci\u00f3n y el respeto debidos y ayudarse mutuamente\u00bb, y asumi\u00f3 que cuando se habla de respeto y consideraci\u00f3n no puede existir maltrato.<\/p>\n\n\n\n<p class=\"wp-block-paragraph\">Por tanto, \u00absi se reconoc\u00eda la uni\u00f3n, se estaba validando la violencia\u00bb, detall\u00f3 entonces a SEMlac Gonz\u00e1lez Ferrer.<\/p>\n\n\n\n<p class=\"wp-block-paragraph\">A su juicio, en ese caso \u00abhubo una interpretaci\u00f3n evolutiva y din\u00e1mica del C\u00f3digo de Familia, que data de 1975 y no menciona la violencia en ninguna de sus partes\u00bb.<\/p>\n\n\n\n<p class=\"wp-block-paragraph\">Un quinquenio despu\u00e9s de esa sentencia, especialistas coinciden en que estamos en otro momento y el nuevo C\u00f3digo de las Familias debe establecer las consecuencias jur\u00eddicas que puede provocar la violencia en el r\u00e9gimen econ\u00f3mico del matrimonio, en materia hereditaria o en la responsabilidad parental, conocida tradicionalmente como patria potestad, entre otros asuntos.<\/p>\n\n\n\n<p class=\"wp-block-paragraph\">\u00abO sea, mostrar las herramientas para enfrentar esas violencias y las consecuencias jur\u00eddicas que, en las distintas instituciones, puede traer la violencia en cualquiera de sus manifestaciones, y en todo el actuar del andamiaje familiar\u00bb, consider\u00f3 P\u00e9rez Gallardo.<\/p>\n\n\n\n<p class=\"wp-block-paragraph\">Todas las formas de violencia \u00abtienen que tener un reconocimiento expreso, una identificaci\u00f3n absolutamente intencionada en el C\u00f3digo de las Familias\u00bb, apunt\u00f3, por su parte Ana Mar\u00eda \u00c1lvarez-Tab\u00edo Albo, profesora titular de la Facultad de Derecho de la Universidad de La Habana.<\/p>\n\n\n\n<p class=\"wp-block-paragraph\">Tambi\u00e9n se deben incluir pronunciamientos expl\u00edcitos acerca de c\u00f3mo protegerlas a trav\u00e9s de mecanismos efectivos, de consecuencias jur\u00eddicas palpables derivadas del hecho de violencia\u00bb, precis\u00f3 \u00c1lvarez-Tab\u00edo.<\/p>\n\n\n\n<p class=\"wp-block-paragraph\">\u00abPor ejemplo, en el caso de la violencia de g\u00e9nero en las relaciones de pareja, tiene que existir una consecuencia jur\u00eddica dirigida a la posible participaci\u00f3n o no de los bienes que se hayan adquirido en com\u00fan durante ese matrimonio o uni\u00f3n\u00bb, explic\u00f3 la profesora.<\/p>\n\n\n\n<p class=\"wp-block-paragraph\">\u00abEn relaci\u00f3n con los hijos e hijas, debe tener un efecto sobre la posibilidad de mantener o no la titularidad o el ejercicio de la responsabilidad parental, aun cuando la violencia no haya sido ejercida directamente contra los menores. O tiene que establecerse alguna incidencia sobre las decisiones de la guarda y cuidado, o sobre la amplitud o la restricci\u00f3n del r\u00e9gimen de comunicaci\u00f3n\u00bb, agreg\u00f3 \u00c1lvarez-Tab\u00edo.<\/p>\n\n\n\n<h2 class=\"wp-block-heading\"><strong>Articulaci\u00f3n en lugar de magia<\/strong><\/h2>\n\n\n\n<p class=\"wp-block-paragraph\">Pero el C\u00f3digo de las Familias no va a tener \u00abla varita m\u00e1gica en materia de violencia en el espacio familiar o de violencia de g\u00e9nero\u00bb, consider\u00f3 \u00c1lvarez-Tab\u00edo.<\/p>\n\n\n\n<p class=\"wp-block-paragraph\">\u00abEl enfrentamiento a la violencia tiene que atravesar todo el ordenamiento jur\u00eddico. Cada norma que se dicte, desde las de mayor hasta las de menor rango, debe tener una mirada de g\u00e9nero que contribuya con el enfrentamiento o la prevenci\u00f3n de los hechos de violencia\u00bb, reflexion\u00f3 con SEMlac.<\/p>\n\n\n\n<p class=\"wp-block-paragraph\">Una ley integral no sobrar\u00eda, pero \u00abuna sola ley no va a tener todas las respuestas. Las respuestas deben venir desde todos los \u00e1mbitos de la sociedad, porque a toda la sociedad le afectan estas situaciones\u00bb, insisti\u00f3 \u00c1lvarez-Tab\u00edo.<\/p>\n\n\n\n<p class=\"wp-block-paragraph\">Para la experta, eso tambi\u00e9n pasa por la capacitaci\u00f3n de las personas que, de una manera u otra, tienen que interactuar con estos hechos, incluida la polic\u00eda, maestras y maestros o el personal de la salud, entre otras.<\/p>\n\n\n\n<p class=\"wp-block-paragraph\">\u00abPor eso es tan importante que desde ya tengamos protocolos de actuaci\u00f3n en todos los \u00e1mbitos donde se puedan presentar estas circunstancias\u00bb, acot\u00f3.<\/p>\n\n\n\n<p class=\"wp-block-paragraph\">Gonz\u00e1les Ferrer coincide. En su opini\u00f3n, \u00abel perfeccionamiento legislativo en esta materia debe alcanzar tambi\u00e9n \u00e1mbitos como el penal familiar y el procesal civil, familiar y penal, lo que fortalecer\u00eda el espectro de protecci\u00f3n ante situaciones de violencia.<\/p>\n\n\n\n<p class=\"wp-block-paragraph\">\u00abDe igual forma, es imprescindible la sensibilizaci\u00f3n y capacitaci\u00f3n permanente y sistem\u00e1tica de profesionales del Derecho, para garantizar una interpretaci\u00f3n y aplicaci\u00f3n de nuestras normas jur\u00eddicas desde la perspectiva de g\u00e9nero\u00bb, agreg\u00f3 Gonz\u00e1lez Ferrer.<\/p>\n\n\n\n<p class=\"wp-block-paragraph\">A juicio de P\u00e9rez Gallardo, el nuevo C\u00f3digo no suprimir\u00e1 las violencias, \u00abpero es como las vacunas, que no lograr\u00e1n impedir que las personas contraigan la covid-19, pero sin duda evitar\u00e1 compromisos mayores de su salud o incluso de muerte\u00bb.<\/p>\n","protected":false},"excerpt":{"rendered":"<p>Cualquier legislaci\u00f3n de familia que se apruebe en Cuba debe visibilizar todas las manifestaciones de violencia que ocurren al interior de los hogares y disponer reglas de alcance general para atenderlas, coinciden juristas locales.<\/p>\n","protected":false},"author":3,"featured_media":36606,"comment_status":"open","ping_status":"open","sticky":false,"template":"","format":"standard","meta":{"_monsterinsights_skip_tracking":false,"footnotes":""},"categories":[692,53],"tags":[],"class_list":["post-36605","post","type-post","status-publish","format-standard","has-post-thumbnail","category-692","category-internacional"],"_links":{"self":[{"href":"https:\/\/redsemlac.com\/semmexico\/wp-json\/wp\/v2\/posts\/36605","targetHints":{"allow":["GET"]}}],"collection":[{"href":"https:\/\/redsemlac.com\/semmexico\/wp-json\/wp\/v2\/posts"}],"about":[{"href":"https:\/\/redsemlac.com\/semmexico\/wp-json\/wp\/v2\/types\/post"}],"author":[{"embeddable":true,"href":"https:\/\/redsemlac.com\/semmexico\/wp-json\/wp\/v2\/users\/3"}],"replies":[{"embeddable":true,"href":"https:\/\/redsemlac.com\/semmexico\/wp-json\/wp\/v2\/comments?post=36605"}],"version-history":[{"count":0,"href":"https:\/\/redsemlac.com\/semmexico\/wp-json\/wp\/v2\/posts\/36605\/revisions"}],"wp:featuredmedia":[{"embeddable":true,"href":"https:\/\/redsemlac.com\/semmexico\/wp-json\/wp\/v2\/media\/36606"}],"wp:attachment":[{"href":"https:\/\/redsemlac.com\/semmexico\/wp-json\/wp\/v2\/media?parent=36605"}],"wp:term":[{"taxonomy":"category","embeddable":true,"href":"https:\/\/redsemlac.com\/semmexico\/wp-json\/wp\/v2\/categories?post=36605"},{"taxonomy":"post_tag","embeddable":true,"href":"https:\/\/redsemlac.com\/semmexico\/wp-json\/wp\/v2\/tags?post=36605"}],"curies":[{"name":"wp","href":"https:\/\/api.w.org\/{rel}","templated":true}]}}