{"id":3660,"date":"2019-02-09T21:09:23","date_gmt":"2019-02-09T21:09:23","guid":{"rendered":"https:\/\/redsemlac.com\/semmexico\/?p=3660"},"modified":"2023-07-21T14:46:09","modified_gmt":"2023-07-21T19:46:09","slug":"emitieron-un-pronunciamiento-respeto-a-la-designacion-de-juan-manuel-santamaria-ramirez-como-diputado-local","status":"publish","type":"post","link":"https:\/\/redsemlac.com\/semmexico\/emitieron-un-pronunciamiento-respeto-a-la-designacion-de-juan-manuel-santamaria-ramirez-como-diputado-local\/","title":{"rendered":"Emitieron un pronunciamiento respeto a la designaci\u00f3n de Juan Manuel Santamar\u00eda Ram\u00edrez, como diputado local."},"content":{"rendered":"\n<p class=\"wp-block-paragraph\"><a href=\"https:\/\/www.semmexico.com\/gallery-post.php?id=7158#\">Josefina Aguilar Pastor,<\/a><\/p>\n\n\n\n<p class=\"wp-block-paragraph\">SemM\u00e9xico.Chilpancingo, Guerrero. 9 de febrero de 2019.- Representantes de distintas organizaciones de mujeres, exigen al Congreso del Estado, respeto y garant\u00eda del principio de igualdad de g\u00e9nero, actuar conforme a los ordenamientos jur\u00eddicos nacional e internacional, y asignen a una mujer,&nbsp;y no a un hombre,&nbsp;en &nbsp;la curul que han dejado diputadas del Partido Verde&nbsp;Ecologista de M\u00e9xico (PVEM).<\/p>\n\n\n\n<p class=\"wp-block-paragraph\">Fue hasta este viernes, cuando mujeres de distintas organizaciones, &nbsp;emitieron un pronunciamiento respeto a la designaci\u00f3n de Juan Manuel Santamar\u00eda Ram\u00edrez, como diputado&nbsp;local, luego de que el pasado mi\u00e9rcoles, la comisi\u00f3n permanente del Congreso Local, aprob\u00f3 la licencia definitiva de Eunice Monz\u00f3n Garc\u00eda,&nbsp;para separarse del cargo de&nbsp;diputada local por el PVEM.<\/p>\n\n\n\n<p class=\"wp-block-paragraph\">Monz\u00f3n Garc\u00eda, fue suplente de&nbsp;Hilda Jennifer Ponce Mendoza, diputada propietaria, de la primera f\u00f3rmula registrada por el PVEM. Con apenas escasos tres meses en el cargo, Ponce Mendoza, solicit\u00f3 licencia, y en su lugar lleg\u00f3 su suplente, misma que finalmente tambi\u00e9n dimiti\u00f3.<\/p>\n\n\n\n<p class=\"wp-block-paragraph\">En la \u201cl\u00f3gica\u201d del coordinador de la fracci\u00f3n parlamentaria del Partido Revolucionario Institucional (PRI), H\u00e9ctor Apreza Patr\u00f3n encargado de la asignaci\u00f3n, debido a que Hilda Jennifer Ponce Mendoza, fue la \u00fanica diputada que alcanz\u00f3 el PVEM, en el pasado proceso electoral; decidi\u00f3 que por corrimiento de prelaci\u00f3n, le correspond\u00eda, a la segunda&nbsp;f\u00f3rmula, conformada por&nbsp;Juan Manuel Santamar\u00eda Ram\u00edrez (Propietario) y Edgar Jes\u00fas Mujica Pintos (Suplente), ocupar la curul abandonada por Hilda Jennifer Ponce Mendoza y Eunice Monz\u00f3n Garc\u00eda.<\/p>\n\n\n\n<p class=\"wp-block-paragraph\">Las&nbsp;promoventes, refieren el antecedente de las mujeres de Oaxaca que fueron obligadas a renunciar para que sus cargos fueran ocupados por hombres, caso que fue atra\u00eddo por Consejo General del Instituto Nacional Electoral (INE), en la Resoluci\u00f3n del 12 de septiembre del 2018, mediante el acuerdo INE\/CG1307\/2018, por el que ejerce facultad de Atracci\u00f3n y se emiten criterios de interpretaci\u00f3n para la asignaci\u00f3n de Diputaciones e integrantes de los ayuntamientos, en relaci\u00f3n con el principio de Paridad de G\u00e9nero.&nbsp;<\/p>\n\n\n\n<p class=\"wp-block-paragraph\">Y citan \u201cCriterios. 1. imposibilidad de asignar diputaciones, regidur\u00edas o alcald\u00edas de&nbsp;RP&nbsp;que les correspondan a los partidos, a un g\u00e9nero distinto al que proceda conforme la prelaci\u00f3n y alternancia de las listas y planillas, aun cuando carezcan de f\u00f3rmulas, por renuncia previa a la asignaci\u00f3n respectiva: &nbsp; En la asignaci\u00f3n de diputaciones o regidur\u00edas de representaci\u00f3n proporcional, los OPL, conforme con sus respectivas legislaciones, deben otorgar la constancia de asignaci\u00f3n a la f\u00f3rmula de candidaturas que le corresponda, en estricto cumplimiento a la alternancia de g\u00e9neros, conforme a las listas registradas, de manera tal que si el registro de una f\u00f3rmula completa ha sido cancelado o se encuentra vacante por alg\u00fan otro motivo, tendr\u00e1 que otorgarse a la siguiente en el orden de prelaci\u00f3n, pero invariablemente del mismo g\u00e9nero, en pleno respeto al principio de paridad de g\u00e9nero, pues no pueden, bajo ninguna circunstancia, asignarla a otra de diferente g\u00e9nero. No hacerlo contravendr\u00eda lo dispuesto en las constituciones y leyes, tanto federales como locales, as\u00ed como los instrumentos internacionales aplicables en materia de g\u00e9nero\u201d.<\/p>\n\n\n\n<p class=\"wp-block-paragraph\">Bajo dicho&nbsp;criterio, la inconformes se\u00f1ala que corresponder\u00eda a &nbsp;la Tercera F\u00f3rmula conformada por Yatziry Jim\u00e9nez Garc\u00eda (Propietaria) y Mar\u00eda Elena Flores Rodr\u00edguez (Suplente), ocupar la mencionada curul, que desde el mi\u00e9rcoles pasado, ya es ocupada por Juan Manuel Santamar\u00eda Ram\u00edrez.<\/p>\n\n\n\n<p class=\"wp-block-paragraph\">La representantes de las organizaciones, piden al Poder Legislativo, hacer una revisi\u00f3n de este caso, y en el marco de la paridad de g\u00e9nero, y garantizar y respetar los derechos de las ciudadanas integrantes de la f\u00f3rmula 01 de pedir licencia, pero no se imponga para cubrir este espacio a un hombre, \u201cporque se estar\u00edan violentando los derechos pol\u00edticos electorales de las mujeres, dej\u00e1ndolas fuera, obstruyendo y neg\u00e1ndoles el derecho que tienen en participar en la pol\u00edtica, por lo que al respecto\u201d, remarcan.&nbsp;<\/p>\n\n\n\n<p class=\"wp-block-paragraph\">Al mismo tiempo, solicitan respeto y garant\u00eda del principio de igualdad de g\u00e9nero, actuar conforme a los ordenamientos jur\u00eddicos nacional e internacional, y de manera particular la Convenci\u00f3n Americana sobre Derechos Humanos;&nbsp;el Pacto Internacional de Derechos Civiles y Pol\u00edticos; de la Convenci\u00f3n sobre la Eliminaci\u00f3n de Todas las Formas de Discriminaci\u00f3n contra la Mujer (CEDAW), y la Convenci\u00f3n Interamericana para Prevenir, Sancionar y Erradicar la Violencia contra la Mujer. &nbsp; &nbsp;<\/p>\n\n\n\n<p class=\"wp-block-paragraph\">Entre las firmantes se encuentran representantes de la Asociaci\u00f3n Guerrerense contra la Violencia Hacia las Mujeres, Marina Reyna Aguilar; Violeta Pino Gir\u00f3n, del Grupo Interdisciplinario por la Igualdad, A.C.; Erika Jazm\u00edn Garrido Lara, de Mujeres de Tlapa A.C.; &nbsp;por la Coalici\u00f3n Nacional de Mujeres Rurales A.C. \u00abCONAMUR\u00bb, &nbsp;Erika Salinas Valadez; &nbsp;Yadira Vela Caballero de Mujeres al Tim\u00f3n A.C.; y Eslava Beatriz Borja, de Kanichee Eslava, A. C.&nbsp;<\/p>\n","protected":false},"excerpt":{"rendered":"<p>Josefina Aguilar Pastor, SemM\u00e9xico.Chilpancingo, Guerrero. 9 de febrero de 2019.- Representantes de distintas organizaciones de mujeres, exigen al Congreso del Estado, respeto y garant\u00eda del principio de igualdad de g\u00e9nero, actuar conforme a los ordenamientos jur\u00eddicos nacional e internacional, y asignen a una mujer,&nbsp;y no a un hombre,&nbsp;en &nbsp;la curul que han dejado diputadas del [&hellip;]<\/p>\n","protected":false},"author":3,"featured_media":3661,"comment_status":"open","ping_status":"open","sticky":false,"template":"","format":"standard","meta":{"_monsterinsights_skip_tracking":false,"footnotes":""},"categories":[690,50],"tags":[],"class_list":["post-3660","post","type-post","status-publish","format-standard","has-post-thumbnail","category-690","category-congreso"],"_links":{"self":[{"href":"https:\/\/redsemlac.com\/semmexico\/wp-json\/wp\/v2\/posts\/3660","targetHints":{"allow":["GET"]}}],"collection":[{"href":"https:\/\/redsemlac.com\/semmexico\/wp-json\/wp\/v2\/posts"}],"about":[{"href":"https:\/\/redsemlac.com\/semmexico\/wp-json\/wp\/v2\/types\/post"}],"author":[{"embeddable":true,"href":"https:\/\/redsemlac.com\/semmexico\/wp-json\/wp\/v2\/users\/3"}],"replies":[{"embeddable":true,"href":"https:\/\/redsemlac.com\/semmexico\/wp-json\/wp\/v2\/comments?post=3660"}],"version-history":[{"count":0,"href":"https:\/\/redsemlac.com\/semmexico\/wp-json\/wp\/v2\/posts\/3660\/revisions"}],"wp:featuredmedia":[{"embeddable":true,"href":"https:\/\/redsemlac.com\/semmexico\/wp-json\/wp\/v2\/media\/3661"}],"wp:attachment":[{"href":"https:\/\/redsemlac.com\/semmexico\/wp-json\/wp\/v2\/media?parent=3660"}],"wp:term":[{"taxonomy":"category","embeddable":true,"href":"https:\/\/redsemlac.com\/semmexico\/wp-json\/wp\/v2\/categories?post=3660"},{"taxonomy":"post_tag","embeddable":true,"href":"https:\/\/redsemlac.com\/semmexico\/wp-json\/wp\/v2\/tags?post=3660"}],"curies":[{"name":"wp","href":"https:\/\/api.w.org\/{rel}","templated":true}]}}