{"id":36599,"date":"2021-06-07T10:24:27","date_gmt":"2021-06-07T16:24:27","guid":{"rendered":"https:\/\/redsemlac.com\/semmexico\/?p=36599"},"modified":"2023-07-21T17:01:41","modified_gmt":"2023-07-21T22:01:41","slug":"red-desaparecidos-en-colima-recibio-votos-para-la-gubernatura","status":"publish","type":"post","link":"https:\/\/redsemlac.com\/semmexico\/red-desaparecidos-en-colima-recibio-votos-para-la-gubernatura\/","title":{"rendered":"Red Desaparecidos en Colima recibi\u00f3 votos para la gubernatura"},"content":{"rendered":"\n<p class=\"wp-block-paragraph\"><strong>Redacci\u00f3n Tlanesi<\/strong><\/p>\n\n\n\n<p class=\"wp-block-paragraph\">SemM\u00e9xico\/Agencia Tlanesi. Colima. 07 de junio 2021.- A trav\u00e9s del rect\u00e1ngulo blanco, destinado para votar por alguna candidatura no registrada, la Red Desaparecidos en Colima A. C. recibi\u00f3 votos de ciudadanos para la gubernatura del estado.<\/p>\n\n\n\n<p class=\"wp-block-paragraph\">El colectivo de familiares de personas desaparecidas fue fundado hace casi tres a\u00f1os, y se ha dedicado a buscar a alrededor de 1,600 hombres y mujeres cuyo paradero se ignora.<\/p>\n\n\n\n<p class=\"wp-block-paragraph\">Un lector de \u00abTlanesi\u00bb hizo llegar a este medio una fotograf\u00eda de su boleta electoral, depositada en una casilla ubicada al sur de la capital del estado.<\/p>\n","protected":false},"excerpt":{"rendered":"<p>A trav\u00e9s del rect\u00e1ngulo blanco, destinado para votar por alguna candidatura no registrada, la Red Desaparecidos en Colima A. C. recibi\u00f3 votos de ciudadanos para la gubernatura del estado.<\/p>\n","protected":false},"author":3,"featured_media":36600,"comment_status":"open","ping_status":"open","sticky":false,"template":"","format":"standard","meta":{"_monsterinsights_skip_tracking":false,"footnotes":""},"categories":[692,141],"tags":[],"class_list":["post-36599","post","type-post","status-publish","format-standard","has-post-thumbnail","category-692","category-elecciones-2020-2021"],"_links":{"self":[{"href":"https:\/\/redsemlac.com\/semmexico\/wp-json\/wp\/v2\/posts\/36599","targetHints":{"allow":["GET"]}}],"collection":[{"href":"https:\/\/redsemlac.com\/semmexico\/wp-json\/wp\/v2\/posts"}],"about":[{"href":"https:\/\/redsemlac.com\/semmexico\/wp-json\/wp\/v2\/types\/post"}],"author":[{"embeddable":true,"href":"https:\/\/redsemlac.com\/semmexico\/wp-json\/wp\/v2\/users\/3"}],"replies":[{"embeddable":true,"href":"https:\/\/redsemlac.com\/semmexico\/wp-json\/wp\/v2\/comments?post=36599"}],"version-history":[{"count":0,"href":"https:\/\/redsemlac.com\/semmexico\/wp-json\/wp\/v2\/posts\/36599\/revisions"}],"wp:featuredmedia":[{"embeddable":true,"href":"https:\/\/redsemlac.com\/semmexico\/wp-json\/wp\/v2\/media\/36600"}],"wp:attachment":[{"href":"https:\/\/redsemlac.com\/semmexico\/wp-json\/wp\/v2\/media?parent=36599"}],"wp:term":[{"taxonomy":"category","embeddable":true,"href":"https:\/\/redsemlac.com\/semmexico\/wp-json\/wp\/v2\/categories?post=36599"},{"taxonomy":"post_tag","embeddable":true,"href":"https:\/\/redsemlac.com\/semmexico\/wp-json\/wp\/v2\/tags?post=36599"}],"curies":[{"name":"wp","href":"https:\/\/api.w.org\/{rel}","templated":true}]}}