{"id":36588,"date":"2021-06-07T08:37:15","date_gmt":"2021-06-07T14:37:15","guid":{"rendered":"https:\/\/redsemlac.com\/semmexico\/?p=36588"},"modified":"2023-07-21T17:01:42","modified_gmt":"2023-07-21T22:01:42","slug":"siete-apuntes-en-favor-de-las-mujeres-en-las-elecciones-2021-yndirasandoval","status":"publish","type":"post","link":"https:\/\/redsemlac.com\/semmexico\/siete-apuntes-en-favor-de-las-mujeres-en-las-elecciones-2021-yndirasandoval\/","title":{"rendered":"Siete apuntes en favor de las mujeres en las elecciones 2021"},"content":{"rendered":"<p><span style=\"font-weight: 400;\">*Tarea de futuro,&nbsp; pese al clima hostil del proceso electoral m\u00e1s violento de la \u00e9poca&nbsp; \u201cdemocr\u00e1tica\u201d&nbsp;<\/span><\/p>\n<p><!--more--><\/p>\n<p><span style=\"font-weight: 400;\">Yndira Sandoval*&nbsp;<\/span><\/p>\n<p>&nbsp;<\/p>\n<p><span style=\"font-weight: 400;\">SemM\u00e9xico, Cd. de M\u00e9xico, 7 de junio, 2021.- La paridad lleg\u00f3 para quedarse y para cumplirse, tendremos a mujeres en el poder y el reto que&nbsp; lo ejerzan en favor de las mujeres.&nbsp;<\/span><\/p>\n<p>&nbsp;<\/p>\n<ol start=\"2\">\n<li><span style=\"font-weight: 400;\"> Cada vez es m\u00e1s delgada la l\u00ednea de participaci\u00f3n pol\u00edtica del feminismo por la v\u00eda de las urnas y la incidencia en la toma de decisiones (lo aclaro porque toda pr\u00e1ctica feminista en s\u00ed misma es pol\u00edtica) al un\u00edsono dejamos claro que cerramos filas en&nbsp; #Ning\u00fanAgresorEnElPoder,&nbsp; nos articulamos&nbsp; poniendo los acentos en las coincidencias, respetando las diferencias y sin renunciar a lo que a cada una nos representa.&nbsp;<\/span><\/li>\n<\/ol>\n<p>&nbsp;<\/p>\n<ol start=\"3\">\n<li><span style=\"font-weight: 400;\"> Ha quedado claro que la \u00fanica fuerza pol\u00edtica en el pa\u00eds y gran parte de la regi\u00f3n es el movimiento feminista, los partidos no son m\u00e1s que estructuras y maquinarias electorales que buscan el poder por el poder, dejando de lado una agenda pol\u00edtica, legislativa y de gobierno que incida en la condici\u00f3n y calidad de vida de las y los mexicanos.&nbsp;<\/span><\/li>\n<\/ol>\n<p>&nbsp;<\/p>\n<ol start=\"4\">\n<li><span style=\"font-weight: 400;\"> La 3 de 3 contra la violencia no caduca este 6 de junio como regla electoral, estamos listas para presentarla, promoverla y defenderla hasta garantizarla como un marco jur\u00eddico eficaz aplicable para todos los cargos de elecci\u00f3n, los espacios de designaci\u00f3n en la administraci\u00f3n p\u00fablica y en los puestos de concurso y selecci\u00f3n de los \u00f3rganos aut\u00f3nomos de los tres \u00f3rdenes y niveles de gobierno. Ser\u00e1 Ley, ning\u00fan agresor en el poder.&nbsp;<\/span><\/li>\n<\/ol>\n<p>&nbsp;<\/p>\n<ol start=\"5\">\n<li><span style=\"font-weight: 400;\"> Estamos listas para la conformaci\u00f3n de los comit\u00e9s violeta por la seguridad, la paz y la justicia para las mujeres en todo el territorio nacional como base para construir un nuevo orden pol\u00edtico, la <\/span><span style=\"font-weight: 400;\">???????????????<\/span><span style=\"font-weight: 400;\"> con las mujeres al frente y nuestros derechos al centro. Nunca m\u00e1s sin nosotras.&nbsp;<\/span><\/li>\n<\/ol>\n<p>&nbsp;<\/p>\n<ol start=\"6\">\n<li><span style=\"font-weight: 400;\"> En nuestro cuerpo como en las urnas, las mujeres decidimos, sabidas estamos de que no habr\u00e1 2024 sin pasar por el 2021, estamos atentas de la conformaci\u00f3n paritaria de bancadas, cabildos y gabinetes, seguiremos con las denuncias a los agresores que llegaron a la boleta y muy probablemente lleguen a un cargo y de la agenda pol\u00edtica feminista ni se diga, esa nos gu\u00eda, nos articula y nos define. No daremos tregua.&nbsp;<\/span><\/li>\n<\/ol>\n<p>&nbsp;<\/p>\n<ol start=\"7\">\n<li><span style=\"font-weight: 400;\"> Las mujeres ya ganamos, porque ya llegamos y no nos vamos. Ni un paso atr\u00e1s compa\u00f1eras, porque pese a tener todo el aparato de poder en contra, lo hemos hecho y lo hemos hecho muy bien.&nbsp;<\/span><\/li>\n<\/ol>\n<p>&nbsp;<\/p>\n<p><span style=\"font-weight: 400;\">Felicito a todas las mujeres candidatas que contra corriente participaron, a las que pese a las resistencias en los tribunales ganaron o siguen dando la pelea, a las que por las resistencias del sistema machista y paternal no se rendir\u00e1n pese a no haber tenido condiciones \u00f3ptimas para participar de manera directa en este proceso y a las que hoy salgan victoriosas con los resultados de la contienda.&nbsp;&nbsp;<\/span><\/p>\n<p>&nbsp;<\/p>\n<p><span style=\"font-weight: 400;\">Tengamos siempre claro que porque fueron somos y porque somos otras ser\u00e1n<\/span><\/p>\n<p>&nbsp;<\/p>\n<p><span style=\"font-weight: 400;\">*Dirigente de mujeres de la ciudad de M\u00e9xico, promotora de la 3 de 3 contra la violencia y Nosotras Tenemos Otros Datos.<\/span><\/p>\n","protected":false},"excerpt":{"rendered":"<p>*Tarea de futuro,&nbsp; pese al clima hostil del proceso electoral m\u00e1s violento de la \u00e9poca&nbsp; \u201cdemocr\u00e1tica\u201d&nbsp;<\/p>\n","protected":false},"author":3,"featured_media":36590,"comment_status":"open","ping_status":"open","sticky":false,"template":"","format":"standard","meta":{"_monsterinsights_skip_tracking":false,"footnotes":""},"categories":[692,36,82,35],"tags":[],"class_list":["post-36588","post","type-post","status-publish","format-standard","has-post-thumbnail","category-692","category-columnistas","category-la-opinion","category-opinion"],"_links":{"self":[{"href":"https:\/\/redsemlac.com\/semmexico\/wp-json\/wp\/v2\/posts\/36588","targetHints":{"allow":["GET"]}}],"collection":[{"href":"https:\/\/redsemlac.com\/semmexico\/wp-json\/wp\/v2\/posts"}],"about":[{"href":"https:\/\/redsemlac.com\/semmexico\/wp-json\/wp\/v2\/types\/post"}],"author":[{"embeddable":true,"href":"https:\/\/redsemlac.com\/semmexico\/wp-json\/wp\/v2\/users\/3"}],"replies":[{"embeddable":true,"href":"https:\/\/redsemlac.com\/semmexico\/wp-json\/wp\/v2\/comments?post=36588"}],"version-history":[{"count":0,"href":"https:\/\/redsemlac.com\/semmexico\/wp-json\/wp\/v2\/posts\/36588\/revisions"}],"wp:featuredmedia":[{"embeddable":true,"href":"https:\/\/redsemlac.com\/semmexico\/wp-json\/wp\/v2\/media\/36590"}],"wp:attachment":[{"href":"https:\/\/redsemlac.com\/semmexico\/wp-json\/wp\/v2\/media?parent=36588"}],"wp:term":[{"taxonomy":"category","embeddable":true,"href":"https:\/\/redsemlac.com\/semmexico\/wp-json\/wp\/v2\/categories?post=36588"},{"taxonomy":"post_tag","embeddable":true,"href":"https:\/\/redsemlac.com\/semmexico\/wp-json\/wp\/v2\/tags?post=36588"}],"curies":[{"name":"wp","href":"https:\/\/api.w.org\/{rel}","templated":true}]}}