{"id":36578,"date":"2021-06-07T08:05:48","date_gmt":"2021-06-07T14:05:48","guid":{"rendered":"https:\/\/redsemlac.com\/semmexico\/?p=36578"},"modified":"2023-07-21T17:01:42","modified_gmt":"2023-07-21T22:01:42","slug":"gobernabilidad-isabel-ortega-morales","status":"publish","type":"post","link":"https:\/\/redsemlac.com\/semmexico\/gobernabilidad-isabel-ortega-morales\/","title":{"rendered":"\u00bfGobernabilidad?"},"content":{"rendered":"<p>*D<span style=\"font-weight: 400;\">espu\u00e9s de la jornada, habremos de estar atentos para hacer lo que nos corresponda en cada trinchera para no dejar que el pa\u00eds se desmorone, porque la gobernabilidad la construimos y debemos demandar que se respete a todos los sectores, el porvenir est\u00e1 a la vuelta.<\/span><\/p>\n<p><!--more--><\/p>\n<p><span style=\"font-weight: 400;\">VIOLETA DEL AN\u00c1HUAC<\/span><\/p>\n<p><span style=\"font-weight: 400;\">\u201c\u00bfGOBERNABILIDAD?\u201d<\/span><\/p>\n<p><span style=\"font-weight: 400;\">Isabel Ortega Morales<\/span><\/p>\n<p><span style=\"font-weight: 400;\">SemM\u00e9xico, Tlapa, Guerrero, 7 de junio, 2021.- Si entendemos que hablar de gobernabilidad es considerar que la integran distintos factores para que sea posible y que en ello se incorpora la comprensi\u00f3n de la estabilidad de un pueblo en el \u00e1mbito de su seguridad, econom\u00eda, educaci\u00f3n, salud, y se incorpora el sentir externo manifestado en conflictos sociales, etc\u00e9tera , no deja de entrar a mi mente preocupaci\u00f3n por la decisi\u00f3n mayoritaria que a\u00fan no conozco, aunque asumo que la construcci\u00f3n de la sociedad no es de una sola persona, sino de un colectivo, por lo tanto, asumo, debe ser un compromiso de todas y de todos el resultado.<\/span><\/p>\n<p><span style=\"font-weight: 400;\">Guerrero, M\u00e9xico, en esta elecci\u00f3n concurrente entrar\u00e1 a un proceso de gobernabilidad que privilegie a un colectivo social, que vele por un pa\u00eds de progreso, le apostar\u00e1 por autoconstruirse como sociedad buscando mecanismos que le ayuden a superar las carencias que la han mantenido sumergidas en inestabilidad?, \u00bfsentir\u00e1 como suyo el sentir de grupos de la sociedad que se ha manifestado afectados por distintas causas y condiciones? Si en esta elecci\u00f3n no se combin\u00f3 la ruta social del estado, ni se consider\u00f3 la del pa\u00eds\u2026 \u00bfpodremos asumir ma\u00f1ana que hicimos lo adecuado?<\/span><\/p>\n<p><span style=\"font-weight: 400;\">Esta jornada electoral requiere legalidad, aunque tambi\u00e9n requiere certeza social para configurar una visi\u00f3n de presente y de futuro, y ser\u00e1 el conteo del voto que nos determinar\u00e1 si nuestra elecci\u00f3n fue la m\u00e1s conveniente.<\/span><\/p>\n<p><span style=\"font-weight: 400;\">La justicia, si carece de sentido social, se convertir\u00e1 en una letra de sangre y miedo, dura, inflexible. Si no regresa a ver a los sectores marginados, sino considera como v\u00e1lidos los riesgos en la construcci\u00f3n democr\u00e1tica y los costos que hemos pagado como sociedad, no podremos mirar el desarrollo del pa\u00eds con confianza.<\/span><\/p>\n<p><span style=\"font-weight: 400;\">Los cargos que han estado en juego en esta jornada electoral, han tenido no solo la b\u00fasqueda de representaci\u00f3n popular, ha tenido un pago que se cobr\u00f3 con amenazas, ataques, muertes. El pa\u00eds tambi\u00e9n se enlut\u00f3 en el proceso electoral como lo est\u00e1 en materia de covi-19. En ambos nadie puede bajar la guardia, y nadie puede decir que puede sola o solo dise\u00f1ar y gobernar el futuro del estado y del pa\u00eds, ser\u00eda una falacia.<\/span><\/p>\n<p><span style=\"font-weight: 400;\">Miro a mi familia donde se dio una reflexi\u00f3n sobre la importancia de votar y la experiencia de otras jornadas electorales. Mart\u00edn dice que en el tiempo por venir tampoco nadie puede bajar la guardia para construir el tejido social da\u00f1ado por la pandemia, por la econom\u00eda, por la inestabilidad pol\u00edtica a que ha conducido una verborrea sin contenido, sin propuesta, sin certeza.<\/span><\/p>\n<p><span style=\"font-weight: 400;\">Si. Entiendo su preocupaci\u00f3n. Procuramos todas y todos sonre\u00edr cuando consideramos que no hemos estado ajenas ni ajenos a aportar a la democracia con nuestro voto. Y que despu\u00e9s de la jornada, habremos de estar atentos para hacer lo que nos corresponda en cada trinchera para no dejar que el pa\u00eds se desmorone, porque la gobernabilidad la construimos y debemos demandar que se respete a todos los sectores, el porvenir est\u00e1 a la vuelta. Incre\u00edble.&nbsp;<\/span><\/p>\n","protected":false},"excerpt":{"rendered":"<p>*Despu\u00e9s de la jornada, habremos de estar atentos para hacer lo que nos corresponda en cada trinchera para no dejar que el pa\u00eds se desmorone, porque la gobernabilidad la construimos y debemos demandar que se respete a todos los sectores, el porvenir est\u00e1 a la vuelta.<\/p>\n","protected":false},"author":3,"featured_media":36579,"comment_status":"open","ping_status":"open","sticky":false,"template":"","format":"standard","meta":{"_monsterinsights_skip_tracking":false,"footnotes":""},"categories":[692,36,198,35,197],"tags":[],"class_list":["post-36578","post","type-post","status-publish","format-standard","has-post-thumbnail","category-692","category-columnistas","category-isabel-ortega-morales","category-opinion","category-violeta-del-anahuac"],"_links":{"self":[{"href":"https:\/\/redsemlac.com\/semmexico\/wp-json\/wp\/v2\/posts\/36578","targetHints":{"allow":["GET"]}}],"collection":[{"href":"https:\/\/redsemlac.com\/semmexico\/wp-json\/wp\/v2\/posts"}],"about":[{"href":"https:\/\/redsemlac.com\/semmexico\/wp-json\/wp\/v2\/types\/post"}],"author":[{"embeddable":true,"href":"https:\/\/redsemlac.com\/semmexico\/wp-json\/wp\/v2\/users\/3"}],"replies":[{"embeddable":true,"href":"https:\/\/redsemlac.com\/semmexico\/wp-json\/wp\/v2\/comments?post=36578"}],"version-history":[{"count":0,"href":"https:\/\/redsemlac.com\/semmexico\/wp-json\/wp\/v2\/posts\/36578\/revisions"}],"wp:featuredmedia":[{"embeddable":true,"href":"https:\/\/redsemlac.com\/semmexico\/wp-json\/wp\/v2\/media\/36579"}],"wp:attachment":[{"href":"https:\/\/redsemlac.com\/semmexico\/wp-json\/wp\/v2\/media?parent=36578"}],"wp:term":[{"taxonomy":"category","embeddable":true,"href":"https:\/\/redsemlac.com\/semmexico\/wp-json\/wp\/v2\/categories?post=36578"},{"taxonomy":"post_tag","embeddable":true,"href":"https:\/\/redsemlac.com\/semmexico\/wp-json\/wp\/v2\/tags?post=36578"}],"curies":[{"name":"wp","href":"https:\/\/api.w.org\/{rel}","templated":true}]}}