{"id":36574,"date":"2021-06-07T07:58:57","date_gmt":"2021-06-07T13:58:57","guid":{"rendered":"https:\/\/redsemlac.com\/semmexico\/?p=36574"},"modified":"2023-07-21T17:01:42","modified_gmt":"2023-07-21T22:01:42","slug":"jornada-electoral-las-ilusiones-del-juego-olimpia-flores-ortiz-euphrasina-desobediencia","status":"publish","type":"post","link":"https:\/\/redsemlac.com\/semmexico\/jornada-electoral-las-ilusiones-del-juego-olimpia-flores-ortiz-euphrasina-desobediencia\/","title":{"rendered":"Jornada electoral: las ilusiones del juego"},"content":{"rendered":"<p>En nuestra democracia sin relato, urge remontar el escepticismo y el cinismo apocal\u00edpticos para recuperar el compromiso de la \u201clucidez\u201d.<\/p>\n<p><!--more--><\/p>\n<p>Desobediencia<\/p>\n<p>Olimpia Flores Ortiz<br \/>\nSemM\u00e9xico, Oaxaca, Oax., 7 de junio, 2021.- \u201c[&#8230;] s\u00f3lo hacen masa los que est\u00e1n liberados de sus obligaciones simb\u00f3licas [&#8230;] Se les da sentido, quieren espect\u00e1culo. Ning\u00fan esfuerzo pudo convertirlas a la seriedad de los contenidos, ni siquiera a la seriedad del c\u00f3digo. Se les dan mensajes, no quieren m\u00e1s que signos [&#8230;] idolatran todos los contenidos mientras se resuelvan en una secuencia espectacular.\u201d Baudrillard, J. (1978). A la sombra de las mayor\u00edas silenciosas, Barcelona. Kair\u00f3s.<\/p>\n<p>Haigas votado como haigas votado, la pregunta es la misma: \u00bfQu\u00e9 de ti hubo en tu acto? \u201c\u00bfHas actuado conforme al deseo que te habita?\u201d pregunta de Lacan para la cl\u00ednica psicoanal\u00edtica. En este caso el acto de votar: \u00bfHas votado conforme al deseo que te habita?<br \/>\nPara Rosario Herrera Guido de la Universidad Michoacana de San Nicol\u00e1s de Hidalgo, hay una dial\u00e9ctica, \u201cNo hay pues una frontera infranqueable ente lo privado y lo p\u00fablico, entre la \u00e9tica y la pol\u00edtica, sino quiasmo. Porque el individuo es producto de la masa que surge de la relaci\u00f3n con el semejante.\u201d<\/p>\n<p>La correlaci\u00f3n ps\u00edquica, antropol\u00f3gica y sociol\u00f3gica, entre el sujeto, la masa y el individuo entiendo es ese quiasmo que produce el v\u00ednculo entre el inconsciente y el sujeto que incide y a su vez se deja intervenir por la colectividad y su cultura, que viene siendo la masa; esta relaci\u00f3n dial\u00e9ctica constituye al individuo por medio del lenguaje que representa siempre inexactamente al inconsciente y su posible desciframiento; al mismo tiempo que media su inmersi\u00f3n en la masa. Toda interpretaci\u00f3n de lo entendido como lo real, adquiere forma con el lenguaje que est\u00e1 atravesado por el inconsciente del sujeto. \u201cYo solo se que no se nada.\u201d<\/p>\n<p>De esta dial\u00e9ctica el\/la sujeto configura su identidad siempre escindida\/e\/o en su relaci\u00f3n con el Otro (el enigma de s\u00ed mismo, el lenguaje y la cultura): el sujeto del enunciado y el sujeto de la enunciaci\u00f3n, en un mismo acto. El sujeto as\u00ed escindido, busca suturar su herida (su falta) en su relaci\u00f3n con la horda contenida por el influjo del l\u00edder (real o inventado por la masa) de la unidad que lo reconcilie consigo: el cuerpo sometido y obediente: en t\u00e9rminos de Butler, la resignificaci\u00f3n de la performatividad del cuerpo y sus implicaciones, esto es, la biopol\u00edtica o la\/el sujeto en la masa, la masa en s\u00ed, alienada.<br \/>\nNada hay m\u00e1s opuesto al Poder que el Deseo.<\/p>\n<p>El l\u00edder goza de su influjo en la masa, tan amado porque mitiga la herida y tan odiado porque proh\u00edbe el goce, creyendo que encarna la ley, \u00e9l es el Estado y el pueblo, de \u00e9l emana el mandato, psicosis del tirano.<br \/>\n\u201cHay que considerar que la masa es un renacimiento de la horda primordial, donde el l\u00edder es la reencarnaci\u00f3n del urvater. (fundador)\u201d, nos dice la psicoanalista Carmen Franco.<\/p>\n<p>Y dice m\u00e1s: \u201cEs as\u00ed que el sujeto del inconsciente y este objeto causa del deseo, se relacionan con todas las historias y fantas\u00edas que se manifiestan en el discurso del analizante {\u2026}\u201d en nuestro caso la ciudadana, ciudadano, ciudadane, con la ilusi\u00f3n (proyecto si se prefiere) por la que se vota.<br \/>\nLa noticia de la jornada electoral, es que en la soledad de la caseta con las boletas por cruzar, vota cada elector\/electora, con la concurrencia del inconsciente, el propio cuerpo y la incidencia de la masa de la que se forma parte o a la que se adscribe, reunidas en el individuo que se es: la biopol\u00edtica en acci\u00f3n y la ilusi\u00f3n de identidad.<\/p>\n<p>Esa masa que no puede prescindir del l\u00edder que asegure el lazo social, en la era de la red, dice el psicoanalista Jorge Santos, \u201cal ocupar el lugar del Ideal del Yo. \u2026aunque el algoritmo de la red podr\u00eda generar una cierta sugesti\u00f3n hipn\u00f3tica al presentar su contenido, es importante la presencia de un sujeto para dar continuidad a la masa, he ah\u00ed la importancia de la figura del influencer como hipnotizador-sugestionador.\u201d<br \/>\nSigue diciendo \u201cAs\u00ed la persona adormilada en los artilugios de la red queda reducida a una masa virtual, embelesada en su imagen (ideal del yo y yo ideal), como refiere Freud, piensa por im\u00e1genes que se evocan asociativamente unas con otras, ninguna instancia racional mide su acuerdo con la realidad. Por lo tanto, en este momento quien quiera influirla no necesita presentar argumentos l\u00f3gicos; tiene que pintarle im\u00e1genes m\u00e1s vivas, exagerar y repetir siempre lo mismo.\u201d<br \/>\nHoy 6 de junio, Chumel Torres que va de influencer, particip\u00f3 como comentarista en la mesa de an\u00e1lisis de la jornada electoral de Grupo Imagen. Liderazgos para los tiempos de hoy\u2026<br \/>\nPara terminar, encontr\u00e9 este texto del fil\u00f3sofo chileno Sergio Rojas: \u201cConfrontados con lo tremendo de nuestro tiempo, pensar no es algo que hacemos, sino algo que nos pasa. Embestida por la totalidad de un mundo en crisis, una persona se dice a s\u00ed misma: \u201cuno ya no sabe qu\u00e9 pensar\u201d, es entonces que viene lo que se llama pensar, cuando las categor\u00edas y representaciones heredadas ya no nos sirven para dar con nuestro lugar en el mundo.\u201d<br \/>\nEn nuestra democracia sin relato, como la describe Rojas, urge remontar el escepticismo y el cinismo apocal\u00edpticos para recuperar el compromiso de la \u201clucidez\u201d.<\/p>\n<p>&nbsp;<\/p>\n<p>https:\/\/www.facebook.com\/OlimpiaFloresMirabilia&nbsp;<\/p>\n<p>Twitter: @euphrasina (amor por la elocuencia)<\/p>\n<p>&nbsp;<\/p>\n","protected":false},"excerpt":{"rendered":"<p>En nuestra democracia sin relato, urge remontar el escepticismo y el cinismo apocal\u00edpticos para recuperar el compromiso de la \u201clucidez\u201d.<\/p>\n","protected":false},"author":3,"featured_media":18201,"comment_status":"open","ping_status":"open","sticky":false,"template":"","format":"standard","meta":{"_monsterinsights_skip_tracking":false,"footnotes":""},"categories":[692,133,134,35],"tags":[],"class_list":["post-36574","post","type-post","status-publish","format-standard","has-post-thumbnail","category-692","category-desobediencia","category-olimpia-flores-ortiz","category-opinion"],"_links":{"self":[{"href":"https:\/\/redsemlac.com\/semmexico\/wp-json\/wp\/v2\/posts\/36574","targetHints":{"allow":["GET"]}}],"collection":[{"href":"https:\/\/redsemlac.com\/semmexico\/wp-json\/wp\/v2\/posts"}],"about":[{"href":"https:\/\/redsemlac.com\/semmexico\/wp-json\/wp\/v2\/types\/post"}],"author":[{"embeddable":true,"href":"https:\/\/redsemlac.com\/semmexico\/wp-json\/wp\/v2\/users\/3"}],"replies":[{"embeddable":true,"href":"https:\/\/redsemlac.com\/semmexico\/wp-json\/wp\/v2\/comments?post=36574"}],"version-history":[{"count":0,"href":"https:\/\/redsemlac.com\/semmexico\/wp-json\/wp\/v2\/posts\/36574\/revisions"}],"wp:featuredmedia":[{"embeddable":true,"href":"https:\/\/redsemlac.com\/semmexico\/wp-json\/wp\/v2\/media\/18201"}],"wp:attachment":[{"href":"https:\/\/redsemlac.com\/semmexico\/wp-json\/wp\/v2\/media?parent=36574"}],"wp:term":[{"taxonomy":"category","embeddable":true,"href":"https:\/\/redsemlac.com\/semmexico\/wp-json\/wp\/v2\/categories?post=36574"},{"taxonomy":"post_tag","embeddable":true,"href":"https:\/\/redsemlac.com\/semmexico\/wp-json\/wp\/v2\/tags?post=36574"}],"curies":[{"name":"wp","href":"https:\/\/api.w.org\/{rel}","templated":true}]}}