{"id":36539,"date":"2021-06-06T13:36:54","date_gmt":"2021-06-06T19:36:54","guid":{"rendered":"https:\/\/redsemlac.com\/semmexico\/?p=36539"},"modified":"2023-07-21T17:01:42","modified_gmt":"2023-07-21T22:01:42","slug":"hechos-de-violencia-en-casillas-300-casillas-no-fueron-instaladas","status":"publish","type":"post","link":"https:\/\/redsemlac.com\/semmexico\/hechos-de-violencia-en-casillas-300-casillas-no-fueron-instaladas\/","title":{"rendered":"Hechos de violencia durante jornada electoral, 300 casillas no fueron instaladas"},"content":{"rendered":"<p>*Durante el primer corte de informaci\u00f3n en transmisi\u00f3n nacional, el presidente del Instituto Nacional Electoral, Lorenzo C\u00f3rdova Vianello, confirm\u00f3 no se pudieron instalar cerca de 300 casillas.<\/p>\n<p><!--more--><\/p>\n<p>Lizbeth \u00c1lvarez Mart\u00ednez.<br \/>\nSemM\u00e9xico, Cd. de M\u00e9xico, 6 de junio, 2021.- En el avance de la jornada electoral, ya se comenzaron a manifestar hechos de violencia en algunas casillas, el Consejo General del Instituto Nacional Electoral (INE) reconoce que por lo menos 300 casillas no se pudieron instalar para recibir la votaci\u00f3n de la ciudadan\u00eda.<br \/>\nDurante el primer corte de informaci\u00f3n en transmisi\u00f3n nacional, el presidente del Instituto Nacional Electoral, Lorenzo C\u00f3rdova Vianello, confirm\u00f3 no se pudieron instalar cerca de 300 casillas.<br \/>\nAs\u00ed lo dijo: \u201cPor conflictos sociales de algunas comunidades, se ha decido no instalar, por parte de los congresos distritales, para evitar con ello provocar cualquier potencial acto de roce o de violencia\u201d.<br \/>\nEn el caso del estado de Michoac\u00e1n, por ejemplo, 89 casillas no pudieron ser instaladas, pues los pobladores piden que haya elecciones por medio de usos y costumbres.<br \/>\nAnte ello, C\u00f3rdova Vianello, afirm\u00f3 tambi\u00e9n que, hasta el momento, no se tienen identificadas casillas que no se instalaron por motivos de inseguridad.<br \/>\n\u201cPor cuestiones de inseguridad estamos atentos, pero no ha variado el escenario. Al d\u00eda de hoy no hay ninguna casilla, habr\u00e1 que esperar a lo largo de la jornada electoral\u201d, expuso.<br \/>\nSin embargo, en Michoac\u00e1n, 11 puntos de votaci\u00f3n no pudieron ser organizados en municipios de la zona conocida como Tierra Caliente, como Aguililla, Apatzing\u00e1n, Tepalcatepec y Coalcom\u00e1n.<br \/>\nEl consejero convoc\u00f3 a partidos y pol\u00edticas a actuar con responsabilidad en esta jornada electoral.<br \/>\n\u201cQue no enrarezcan la jornada electoral con noticias falsas y desinformaci\u00f3n, a la sociedad, ciudadan\u00eda y observadores electorales los exhorto a que denuncien cualquier delito electoral ante la Fiscal\u00eda Especializada de Delitos Electorales\u201d.<\/p>\n","protected":false},"excerpt":{"rendered":"<p>*Durante el primer corte de informaci\u00f3n en transmisi\u00f3n nacional, el presidente del Instituto Nacional Electoral, Lorenzo C\u00f3rdova Vianello, confirm\u00f3 no se pudieron instalar cerca de 300 casillas.<\/p>\n","protected":false},"author":3,"featured_media":36540,"comment_status":"open","ping_status":"open","sticky":false,"template":"","format":"standard","meta":{"_monsterinsights_skip_tracking":false,"footnotes":""},"categories":[692,141],"tags":[],"class_list":["post-36539","post","type-post","status-publish","format-standard","has-post-thumbnail","category-692","category-elecciones-2020-2021"],"_links":{"self":[{"href":"https:\/\/redsemlac.com\/semmexico\/wp-json\/wp\/v2\/posts\/36539","targetHints":{"allow":["GET"]}}],"collection":[{"href":"https:\/\/redsemlac.com\/semmexico\/wp-json\/wp\/v2\/posts"}],"about":[{"href":"https:\/\/redsemlac.com\/semmexico\/wp-json\/wp\/v2\/types\/post"}],"author":[{"embeddable":true,"href":"https:\/\/redsemlac.com\/semmexico\/wp-json\/wp\/v2\/users\/3"}],"replies":[{"embeddable":true,"href":"https:\/\/redsemlac.com\/semmexico\/wp-json\/wp\/v2\/comments?post=36539"}],"version-history":[{"count":0,"href":"https:\/\/redsemlac.com\/semmexico\/wp-json\/wp\/v2\/posts\/36539\/revisions"}],"wp:featuredmedia":[{"embeddable":true,"href":"https:\/\/redsemlac.com\/semmexico\/wp-json\/wp\/v2\/media\/36540"}],"wp:attachment":[{"href":"https:\/\/redsemlac.com\/semmexico\/wp-json\/wp\/v2\/media?parent=36539"}],"wp:term":[{"taxonomy":"category","embeddable":true,"href":"https:\/\/redsemlac.com\/semmexico\/wp-json\/wp\/v2\/categories?post=36539"},{"taxonomy":"post_tag","embeddable":true,"href":"https:\/\/redsemlac.com\/semmexico\/wp-json\/wp\/v2\/tags?post=36539"}],"curies":[{"name":"wp","href":"https:\/\/api.w.org\/{rel}","templated":true}]}}