{"id":36534,"date":"2021-06-06T13:34:25","date_gmt":"2021-06-06T19:34:25","guid":{"rendered":"https:\/\/redsemlac.com\/semmexico\/?p=36534"},"modified":"2023-07-21T17:01:43","modified_gmt":"2023-07-21T22:01:43","slug":"funcionarias-del-gobierno-de-mexico-emitieron-su-voto","status":"publish","type":"post","link":"https:\/\/redsemlac.com\/semmexico\/funcionarias-del-gobierno-de-mexico-emitieron-su-voto\/","title":{"rendered":"Funcionarias del Gobierno de M\u00e9xico emitieron su voto"},"content":{"rendered":"<p>*Olga S\u00e1nchez Cordero asegur\u00f3 que hay las condiciones necesarias de seguridad para emitir el voto.<\/p>\n<p><!--more--><\/p>\n<p>Lizbeth \u00c1lvarez Mart\u00ednez.<br \/>\nSemM\u00e9xico, Cd. de M\u00e9xico, 6 de junio, 2021.- Durante la jornada electoral de este domingo, distintas funcionarias p\u00fablicas del Gobierno de M\u00e9xico han hecho valer su voto, lo han dado a conocer a trav\u00e9s de sus redes sociales.<br \/>\nUna de las primeras en emitir su voto fue la secretaria de Gobernaci\u00f3n, Olga S\u00e1nchez Cordero, lo hizo en la casilla 4963 en Chapultepec en la alcald\u00eda, Miguel Hidalgo. Asegur\u00f3 que hay las condiciones necesarias de seguridad para emitir el voto.<br \/>\n\u201cEn una democracia representativa acudir a las urnas es lo m\u00e1s importante. Salgamos todos a votar. En las casillas existen las condiciones necesarias para ejercer este derecho en un ambiente seguro y saludable\u201d.<br \/>\nLa que tambi\u00e9n ejerci\u00f3 su voto fue la secretaria de Seguridad y Protecci\u00f3n Ciudadana, Rosa Icela Rodr\u00edguez Vel\u00e1zquez, sali\u00f3 a votar en la calle de Amores, en la Colonia Del Valle, en la Alcald\u00eda Benito Ju\u00e1rez. En el lugar pidi\u00f3 a las y los ciudadanos a salir a votar.<\/p>\n<p><a href=\"https:\/\/redsemlac.com\/semmexico\/wp-content\/uploads\/2021\/06\/WhatsApp-Image-2021-06-06-at-13.39.09.jpeg\"><img loading=\"lazy\" decoding=\"async\" class=\"alignnone size-full wp-image-36535\" src=\"https:\/\/redsemlac.com\/semmexico\/wp-content\/uploads\/2021\/06\/WhatsApp-Image-2021-06-06-at-13.39.09.jpeg\" alt=\"\" width=\"679\" height=\"560\"><\/a><br \/>\n\u201cVotar es un derecho de todos y ejercerlo contribuye a la vida democr\u00e1tica de nuestro pa\u00eds. Salgamos a las casillas este domingo. #ElPuebloDecide #VotoLibre.<br \/>\nPor su parte, la secretaria de la Funci\u00f3n P\u00fablica, Irma Er\u00e9ndira Sandoval Ballesteros, acudi\u00f3 durante la ma\u00f1ana de este domingo a votar en una casilla de la Avenida M\u00e9xico-Coyoac\u00e1n, e invit\u00f3 a la ciudadan\u00eda a participar en la presente jornada electoral.<br \/>\n\u201cConvencida de que la voz ciudadana fortalece nuestra democracia, este 6 de junio, muy temprano ejerc\u00ed mi derecho al voto. Les invito a participar libremente en estas elecciones, las m\u00e1s grandes de la historia de nuestro pa\u00eds\u201d.<\/p>\n<p><a href=\"https:\/\/redsemlac.com\/semmexico\/wp-content\/uploads\/2021\/06\/WhatsApp-Image-2021-06-06-at-13.52.00.jpeg\"><img loading=\"lazy\" decoding=\"async\" class=\"alignnone size-large wp-image-36537\" src=\"https:\/\/redsemlac.com\/semmexico\/wp-content\/uploads\/2021\/06\/WhatsApp-Image-2021-06-06-at-13.52.00-576x1024.jpeg\" alt=\"\" width=\"576\" height=\"1024\"><\/a><\/p>\n","protected":false},"excerpt":{"rendered":"<p>*Olga S\u00e1nchez Cordero asegur\u00f3 que hay las condiciones necesarias de seguridad para emitir el voto.<\/p>\n","protected":false},"author":3,"featured_media":36536,"comment_status":"open","ping_status":"open","sticky":false,"template":"","format":"standard","meta":{"_monsterinsights_skip_tracking":false,"footnotes":""},"categories":[692,141],"tags":[],"class_list":["post-36534","post","type-post","status-publish","format-standard","has-post-thumbnail","category-692","category-elecciones-2020-2021"],"_links":{"self":[{"href":"https:\/\/redsemlac.com\/semmexico\/wp-json\/wp\/v2\/posts\/36534","targetHints":{"allow":["GET"]}}],"collection":[{"href":"https:\/\/redsemlac.com\/semmexico\/wp-json\/wp\/v2\/posts"}],"about":[{"href":"https:\/\/redsemlac.com\/semmexico\/wp-json\/wp\/v2\/types\/post"}],"author":[{"embeddable":true,"href":"https:\/\/redsemlac.com\/semmexico\/wp-json\/wp\/v2\/users\/3"}],"replies":[{"embeddable":true,"href":"https:\/\/redsemlac.com\/semmexico\/wp-json\/wp\/v2\/comments?post=36534"}],"version-history":[{"count":0,"href":"https:\/\/redsemlac.com\/semmexico\/wp-json\/wp\/v2\/posts\/36534\/revisions"}],"wp:featuredmedia":[{"embeddable":true,"href":"https:\/\/redsemlac.com\/semmexico\/wp-json\/wp\/v2\/media\/36536"}],"wp:attachment":[{"href":"https:\/\/redsemlac.com\/semmexico\/wp-json\/wp\/v2\/media?parent=36534"}],"wp:term":[{"taxonomy":"category","embeddable":true,"href":"https:\/\/redsemlac.com\/semmexico\/wp-json\/wp\/v2\/categories?post=36534"},{"taxonomy":"post_tag","embeddable":true,"href":"https:\/\/redsemlac.com\/semmexico\/wp-json\/wp\/v2\/tags?post=36534"}],"curies":[{"name":"wp","href":"https:\/\/api.w.org\/{rel}","templated":true}]}}