{"id":36524,"date":"2021-06-06T11:25:36","date_gmt":"2021-06-06T17:25:36","guid":{"rendered":"https:\/\/redsemlac.com\/semmexico\/?p=36524"},"modified":"2023-07-21T17:01:43","modified_gmt":"2023-07-21T22:01:43","slug":"ricardo-monreal-emite-su-voto-en-la-ciudad-de-mexico","status":"publish","type":"post","link":"https:\/\/redsemlac.com\/semmexico\/ricardo-monreal-emite-su-voto-en-la-ciudad-de-mexico\/","title":{"rendered":"Ricardo Monreal emite su voto en la Ciudad de M\u00e9xico"},"content":{"rendered":"<p>*A trav\u00e9s de sus redes sociales, el tambi\u00e9n presidente de la Junta de Coordinaci\u00f3n Pol\u00edtica de la C\u00e1mara de Senadores, mostr\u00f3 una foto haciendo fila junto con su hija, Mar\u00eda Monreal.<\/p>\n<p><!--more--><\/p>\n<p>SemM\u00e9xico. CD de M\u00e9xico, 6 de junio de 2021.- El l\u00edder de Morena en el Senado, Ricardo Monreal cumpli\u00f3 con su responsabilidad ciudadana y desde las primeras horas de este domingo 6 de junio acudi\u00f3 a votar acompa\u00f1ado de su hija a la casilla que se ubica en la Calle General Prim, 71, en la Colonia Ju\u00e1rez de la Ciudad de M\u00e9xico.<\/p>\n<p>A trav\u00e9s de sus redes sociales, el tambi\u00e9n presidente de la Junta de Coordinaci\u00f3n Pol\u00edtica de la C\u00e1mara de Senadores, mostr\u00f3 una foto haciendo fila junto con su hija, Mar\u00eda Monreal.<\/p>\n<p>\u201cDebemos ejercer nuestro derecho constitucional a votar. Desde temprano, mi hija Mar\u00eda y yo estamos formados en la fila en donde nos corresponde: secci\u00f3n 4865. Felicidades a las ciudadanas y los ciudadanos que integran las mesas directivas de las casillas\u201d indic\u00f3.<\/p>\n<p>D\u00edas antes, Ricardo Monreal asegur\u00f3 que este domingo ser\u00e1 la primera elecci\u00f3n en M\u00e9xico con un gobierno de izquierda en la que se impondr\u00e1 el voto libre y \u201cse sepultar\u00e1n el fraude, la compra del voto, las amenazas y el uso de recursos p\u00fablicos con fines electorales\u201d.<\/p>\n<p>Monreal \u00c1vila asegur\u00f3 que estamos ante las elecciones m\u00e1s grandes de la historia de M\u00e9xico, pues m\u00e1s de cien mil aspirantes se disputan m\u00e1s de 20 mil cargos de elecci\u00f3n popular y 92 millones de mexicanos podr\u00e1n sufragar en 163 mil 244 casillas.<\/p>\n<p>Se eligen 15 gubernaturas, 300 diputaciones federales, 30 congresos locales y mil 926 ayuntamientos en 30 entidades federativas.<br \/>\nEn esta elecci\u00f3n, indic\u00f3 \u201cno vimos las grandes carretonadas de dinero\u201d ni el uso de programas sociales con fines electorales por parte del Gobierno Federal.<\/p>\n","protected":false},"excerpt":{"rendered":"<p>*A trav\u00e9s de sus redes sociales, el tambi\u00e9n presidente de la Junta de Coordinaci\u00f3n Pol\u00edtica de la C\u00e1mara de Senadores, mostr\u00f3 una foto haciendo fila junto con su hija, Mar\u00eda Monreal.<\/p>\n","protected":false},"author":3,"featured_media":36525,"comment_status":"open","ping_status":"open","sticky":false,"template":"","format":"standard","meta":{"_monsterinsights_skip_tracking":false,"footnotes":""},"categories":[692,141],"tags":[],"class_list":["post-36524","post","type-post","status-publish","format-standard","has-post-thumbnail","category-692","category-elecciones-2020-2021"],"_links":{"self":[{"href":"https:\/\/redsemlac.com\/semmexico\/wp-json\/wp\/v2\/posts\/36524","targetHints":{"allow":["GET"]}}],"collection":[{"href":"https:\/\/redsemlac.com\/semmexico\/wp-json\/wp\/v2\/posts"}],"about":[{"href":"https:\/\/redsemlac.com\/semmexico\/wp-json\/wp\/v2\/types\/post"}],"author":[{"embeddable":true,"href":"https:\/\/redsemlac.com\/semmexico\/wp-json\/wp\/v2\/users\/3"}],"replies":[{"embeddable":true,"href":"https:\/\/redsemlac.com\/semmexico\/wp-json\/wp\/v2\/comments?post=36524"}],"version-history":[{"count":0,"href":"https:\/\/redsemlac.com\/semmexico\/wp-json\/wp\/v2\/posts\/36524\/revisions"}],"wp:featuredmedia":[{"embeddable":true,"href":"https:\/\/redsemlac.com\/semmexico\/wp-json\/wp\/v2\/media\/36525"}],"wp:attachment":[{"href":"https:\/\/redsemlac.com\/semmexico\/wp-json\/wp\/v2\/media?parent=36524"}],"wp:term":[{"taxonomy":"category","embeddable":true,"href":"https:\/\/redsemlac.com\/semmexico\/wp-json\/wp\/v2\/categories?post=36524"},{"taxonomy":"post_tag","embeddable":true,"href":"https:\/\/redsemlac.com\/semmexico\/wp-json\/wp\/v2\/tags?post=36524"}],"curies":[{"name":"wp","href":"https:\/\/api.w.org\/{rel}","templated":true}]}}