{"id":36521,"date":"2021-06-06T11:21:42","date_gmt":"2021-06-06T17:21:42","guid":{"rendered":"https:\/\/redsemlac.com\/semmexico\/?p=36521"},"modified":"2023-07-21T17:01:43","modified_gmt":"2023-07-21T22:01:43","slug":"actos-vandalicos-en-la-casilla-2431-de-metepec","status":"publish","type":"post","link":"https:\/\/redsemlac.com\/semmexico\/actos-vandalicos-en-la-casilla-2431-de-metepec\/","title":{"rendered":"Actos vand\u00e1licos en la casilla 2431 de Metepec"},"content":{"rendered":"<p>*En un video compartido a trav\u00e9s de redes sociales se ve material electoral, sillas y mesas tiradas en el piso.<\/p>\n<p><!--more--><\/p>\n<p>Por: Lizbeth \u00c1lvarez Mart\u00ednez.<br \/>\nSemM\u00e9xico. Cd de M\u00e9xico, 6 junio 2021.-A trav\u00e9s de las redes sociales, usuarios reportaron actos vand\u00e1licos en la casilla 2491 de Metepec, Estado de M\u00e9xico, ubicada en la Unidad L\u00e1zaro C\u00e1rdenas.<br \/>\nDe acuerdo con informaci\u00f3n de testigos, a la zona arribaron tres autos con al menos 12 sujetos, quienes llegaron a causar destrozos en el lugar, se habla incluso de agresiones en contra de los funcionarios de casilla, as\u00ed como de personas que acudieron a emitir su voto.<br \/>\nEn un video compartido a trav\u00e9s de redes sociales se ve material electoral, sillas y mesas tiradas en el piso.<br \/>\nAl lugar llegaron elementos de seguridad, pero los agresores ya hab\u00edan huido del lugar. Las actividades de reanudaron media hora despu\u00e9s de los hechos.<\/p>\n<p>https:\/\/twitter.com\/SemMexico\/status\/1401586918295494661<\/p>\n<p>&nbsp;<\/p>\n","protected":false},"excerpt":{"rendered":"<p>*En un video compartido a trav\u00e9s de redes sociales se ve material electoral, sillas y mesas tiradas en el piso.<\/p>\n","protected":false},"author":3,"featured_media":36522,"comment_status":"open","ping_status":"open","sticky":false,"template":"","format":"standard","meta":{"_monsterinsights_skip_tracking":false,"footnotes":""},"categories":[692,141],"tags":[],"class_list":["post-36521","post","type-post","status-publish","format-standard","has-post-thumbnail","category-692","category-elecciones-2020-2021"],"_links":{"self":[{"href":"https:\/\/redsemlac.com\/semmexico\/wp-json\/wp\/v2\/posts\/36521","targetHints":{"allow":["GET"]}}],"collection":[{"href":"https:\/\/redsemlac.com\/semmexico\/wp-json\/wp\/v2\/posts"}],"about":[{"href":"https:\/\/redsemlac.com\/semmexico\/wp-json\/wp\/v2\/types\/post"}],"author":[{"embeddable":true,"href":"https:\/\/redsemlac.com\/semmexico\/wp-json\/wp\/v2\/users\/3"}],"replies":[{"embeddable":true,"href":"https:\/\/redsemlac.com\/semmexico\/wp-json\/wp\/v2\/comments?post=36521"}],"version-history":[{"count":0,"href":"https:\/\/redsemlac.com\/semmexico\/wp-json\/wp\/v2\/posts\/36521\/revisions"}],"wp:featuredmedia":[{"embeddable":true,"href":"https:\/\/redsemlac.com\/semmexico\/wp-json\/wp\/v2\/media\/36522"}],"wp:attachment":[{"href":"https:\/\/redsemlac.com\/semmexico\/wp-json\/wp\/v2\/media?parent=36521"}],"wp:term":[{"taxonomy":"category","embeddable":true,"href":"https:\/\/redsemlac.com\/semmexico\/wp-json\/wp\/v2\/categories?post=36521"},{"taxonomy":"post_tag","embeddable":true,"href":"https:\/\/redsemlac.com\/semmexico\/wp-json\/wp\/v2\/tags?post=36521"}],"curies":[{"name":"wp","href":"https:\/\/api.w.org\/{rel}","templated":true}]}}