{"id":36515,"date":"2021-06-05T12:07:30","date_gmt":"2021-06-05T18:07:30","guid":{"rendered":"https:\/\/redsemlac.com\/semmexico\/?p=36515"},"modified":"2023-07-21T17:01:43","modified_gmt":"2023-07-21T22:01:43","slug":"se-reunen-beatriz-paredes-y-celeste-sanchez-con-senadores-de-republica-dominicana","status":"publish","type":"post","link":"https:\/\/redsemlac.com\/semmexico\/se-reunen-beatriz-paredes-y-celeste-sanchez-con-senadores-de-republica-dominicana\/","title":{"rendered":"Senadores de Rep\u00fablica Dominicana actuar\u00e1n como observadores durante las elecciones"},"content":{"rendered":"<p>*En M\u00e9xico son bienvenidos quienes actuar\u00e1n como observadores internacionales en los primeros comicios con un gobierno democr\u00e1tico de izquierda en nuestro pa\u00eds, expres\u00f3 el senador Ricardo Monreal \u00c1vila.<\/p>\n<p><!--more--><\/p>\n<p>SemM\u00e9xico. CD de M\u00e9xico, 5 de junio de 2021.- El presidente de la Junta de Coordinaci\u00f3n Pol\u00edtica inform\u00f3 en redes sociales que sostuvo un encuentro con senadores de Rep\u00fablica Dominicana, que actuar\u00e1n como observadores durante la pr\u00f3xima jornada electoral.<\/p>\n<p>En la reuni\u00f3n estuvieron la presidenta de la Comisi\u00f3n de Relaciones Exteriores Am\u00e9rica Latina y el Caribe, Beatriz Paredes Rangel, y la senadora Mar\u00eda Celeste S\u00e1nchez Sug\u00eda, de Morena.<\/p>\n<p>Monreal \u00c1vila les dio la bienvenida a los legisladores dominicanos Iv\u00e1n Silva, Carlos G\u00f3mez, Franklin Romero y Santiago Zorrilla, quienes fueron invitados al Senado mexicano por la senadora Beatriz Paredes.<\/p>\n<p>Tambi\u00e9n asistieron el embajador de Rep\u00fablica Dominicana en M\u00e9xico, Fausto Rafael Liz Qui\u00f1ones, el c\u00f3nsul general, Leonardo Adames Tejada, y el ministro consejero de la Embajada de ese pa\u00eds, Freddy Espinosa.<\/p>\n<p>\u201cHoy tuvimos la visita de senadores de Rep\u00fablica Dominicana, que actuar\u00e1n como observadores durante la pr\u00f3xima jornada electoral. Bienvenidos los ojos del mundo a los primeros comicios en un gobierno democr\u00e1tico de izquierda en M\u00e9xico\u201d, escribi\u00f3 el senador.<\/p>\n<p>Monreal \u00c1vila ha destacado que el pr\u00f3ximo 6 de junio se llevar\u00e1 a cabo la elecci\u00f3n m\u00e1s grande de la historia de M\u00e9xico:<\/p>\n<p>M\u00e1s de 100 mil aspirantes se disputan 20 mil 292 cargos de elecci\u00f3n popular, locales y federales, y 92 millones de electoras y electores podr\u00e1n sufragar en 163 mil 244 casillas.<\/p>\n<p>&nbsp;<\/p>\n<p>En las 32 entidades federativas habr\u00e1 comicios, al menos para un cargo de elecci\u00f3n popular, federal y local. Se eligen 15 gubernaturas, 300 diputaciones federales, 30 congresos locales (mil 63 diputaciones) y mil 926 ayuntamientos en 30 entidades federativas, lo que representa 78 por ciento de los dos mil 457 de todo el pa\u00eds.<\/p>\n","protected":false},"excerpt":{"rendered":"<p>*En M\u00e9xico son bienvenidos quienes actuar\u00e1n como observadores internacionales en los primeros comicios con un gobierno democr\u00e1tico de izquierda en nuestro pa\u00eds, expres\u00f3 el senador Ricardo Monreal \u00c1vila.<\/p>\n","protected":false},"author":3,"featured_media":36516,"comment_status":"open","ping_status":"open","sticky":false,"template":"","format":"standard","meta":{"_monsterinsights_skip_tracking":false,"footnotes":""},"categories":[692,50,49],"tags":[],"class_list":["post-36515","post","type-post","status-publish","format-standard","has-post-thumbnail","category-692","category-congreso","category-desde"],"_links":{"self":[{"href":"https:\/\/redsemlac.com\/semmexico\/wp-json\/wp\/v2\/posts\/36515","targetHints":{"allow":["GET"]}}],"collection":[{"href":"https:\/\/redsemlac.com\/semmexico\/wp-json\/wp\/v2\/posts"}],"about":[{"href":"https:\/\/redsemlac.com\/semmexico\/wp-json\/wp\/v2\/types\/post"}],"author":[{"embeddable":true,"href":"https:\/\/redsemlac.com\/semmexico\/wp-json\/wp\/v2\/users\/3"}],"replies":[{"embeddable":true,"href":"https:\/\/redsemlac.com\/semmexico\/wp-json\/wp\/v2\/comments?post=36515"}],"version-history":[{"count":0,"href":"https:\/\/redsemlac.com\/semmexico\/wp-json\/wp\/v2\/posts\/36515\/revisions"}],"wp:featuredmedia":[{"embeddable":true,"href":"https:\/\/redsemlac.com\/semmexico\/wp-json\/wp\/v2\/media\/36516"}],"wp:attachment":[{"href":"https:\/\/redsemlac.com\/semmexico\/wp-json\/wp\/v2\/media?parent=36515"}],"wp:term":[{"taxonomy":"category","embeddable":true,"href":"https:\/\/redsemlac.com\/semmexico\/wp-json\/wp\/v2\/categories?post=36515"},{"taxonomy":"post_tag","embeddable":true,"href":"https:\/\/redsemlac.com\/semmexico\/wp-json\/wp\/v2\/tags?post=36515"}],"curies":[{"name":"wp","href":"https:\/\/api.w.org\/{rel}","templated":true}]}}